{"id":10186,"date":"2014-01-24T11:45:23","date_gmt":"2014-01-24T17:45:23","guid":{"rendered":"http:\/\/www.kalot.com.mx\/?p=10186"},"modified":"2014-01-24T11:45:23","modified_gmt":"2014-01-24T17:45:23","slug":"pitbull-interpretara-cancion-del-mundial","status":"publish","type":"post","link":"https:\/\/kalot.com.mx\/site\/2014\/01\/24\/pitbull-interpretara-cancion-del-mundial\/","title":{"rendered":"Pitbull Interpretar\u00e1 Canci\u00f3n del Mundial"},"content":{"rendered":"<p style=\"text-align: justify\">We are one&#8221;, del rapero estadounidense de origen cubano Pitbull, en colaboraci\u00f3n con Jennifer L\u00f3pez y la brasile\u00f1a Claudia Leite, ser\u00e1 la canci\u00f3n oficial del Mundial de Brasil, seg\u00fan anunci\u00f3 FIFA en su cuenta de Twitter este jueves.<\/p>\n<p>\u201c#Brasil 2014 @pitbull @JLo &amp; @ClaudiaLeitte interpretar\u00e1n la canci\u00f3n oficial (\u2018We are one\u2019)\u201d es el tweet que puede leerse en la cuenta de FIFA en espa\u00f1ol @fifacom_es.<\/p>\n<p>Pitbull hab\u00eda anunciado la sorpresa horas antes en la misma red social, adelant\u00e1ndose al organismo.<\/p>\n<p>&#8220;Una canci\u00f3n une al mundo &#8216;We are One'&#8221;, escribi\u00f3 Pitbull en su perfil, en un mensaje acompa\u00f1ado de una foto suya junto a Claudia Leite, y en el que, adem\u00e1s de la brasile\u00f1a, se refiri\u00f3 a Jennifer L\u00f3pez y a la Copa del Mundo de futbol.<\/p>\n<p>Pitbull y Jennifer L\u00f3pez ya han colaborado anteriormente en otras tres ocasiones, la \u00faltima el a\u00f1o pasado, en el tema &#8220;Live it Up&#8221;, que aparecer\u00e1 en el pr\u00f3ximo disco de la cantante y actriz estadounidense de origen puertorrique\u00f1o.<\/p>\n<p>La canci\u00f3n del Mundial de Sud\u00e1frica de 2010 fue la conocida &#8220;Waka Waka&#8221; de la colombiana Shakira con el grupo sudafricano Freshly Ground, cuyo video oficial ha sido visto m\u00e1s de 600 millones de veces en YouTube.<\/p>\n<p>&#8220;We are one&#8221; ser\u00e1 la tercera canci\u00f3n de un Mundial de cantantes latinos, despu\u00e9s de la de Shakira y &#8220;La Copa de la Vida&#8221;, de Ricky Martin para la Copa del Mundo de Francia de 1998.<\/p>\n<p>Martin grabar\u00e1 tambi\u00e9n una canci\u00f3n para el disco oficial del Mundial de 2014, que empieza el 12 de junio, ya que ser\u00e1 uno de los jueces del concurso internacional organizado para escoger una de las canciones que se incluir\u00e1n en el \u00e1lbum, interpretada tambi\u00e9n por el artista puertorrique\u00f1o.<\/p>\n","protected":false},"excerpt":{"rendered":"We are one&#8221;, del rapero estadounidense de origen cubano Pitbull, en colaboraci\u00f3n con Jennifer L\u00f3pez y la brasile\u00f1a&hellip;\n","protected":false},"author":59,"featured_media":10190,"comment_status":"open","ping_status":"open","sticky":false,"template":"","format":"standard","meta":{"jetpack_post_was_ever_published":false,"_jetpack_newsletter_access":"","_jetpack_dont_email_post_to_subs":false,"_jetpack_newsletter_tier_id":0,"_jetpack_memberships_contains_paywalled_content":false,"_jetpack_memberships_contains_paid_content":false,"footnotes":"","jetpack_publicize_message":"","jetpack_publicize_feature_enabled":true,"jetpack_social_post_already_shared":true,"jetpack_social_options":{"image_generator_settings":{"template":"highway","default_image_id":0,"font":"","enabled":false},"version":2}},"categories":[],"tags":[],"class_list":{"0":"post-10186","1":"post","2":"type-post","3":"status-publish","4":"format-standard","5":"has-post-thumbnail","7":"cs-entry","8":"cs-video-wrap"},"yoast_head":"<!-- This site is optimized with the Yoast SEO plugin v27.4 - https:\/\/yoast.com\/product\/yoast-seo-wordpress\/ -->\n<title>Pitbull Interpretar\u00e1 Canci\u00f3n del Mundial - Kalot<\/title>\n<meta name=\"description\" content=\"We are one&quot;, del rapero estadounidense de origen cubano Pitbull, en colaboraci\u00f3n con Jennifer L\u00f3pez y la brasile\u00f1a Claudia Leite, ser\u00e1 la canci\u00f3n oficial\" \/>\n<meta name=\"robots\" content=\"index, follow, max-snippet:-1, max-image-preview:large, max-video-preview:-1\" \/>\n<link rel=\"canonical\" href=\"https:\/\/kalot.com.mx\/site\/2014\/01\/24\/pitbull-interpretara-cancion-del-mundial\/\" \/>\n<meta property=\"og:locale\" content=\"es_MX\" \/>\n<meta property=\"og:type\" content=\"article\" \/>\n<meta property=\"og:title\" content=\"Pitbull Interpretar\u00e1 Canci\u00f3n del Mundial - Kalot\" \/>\n<meta property=\"og:description\" content=\"We are one&quot;, del rapero estadounidense de origen cubano Pitbull, en colaboraci\u00f3n con Jennifer L\u00f3pez y la brasile\u00f1a Claudia Leite, ser\u00e1 la canci\u00f3n oficial\" \/>\n<meta property=\"og:url\" content=\"https:\/\/kalot.com.mx\/site\/2014\/01\/24\/pitbull-interpretara-cancion-del-mundial\/\" \/>\n<meta property=\"og:site_name\" content=\"Kalot\" \/>\n<meta property=\"article:publisher\" content=\"http:\/\/facebook.com\/mxkalot\" \/>\n<meta property=\"article:author\" content=\"https:\/\/www.facebook.com\/cacho.gomez\" \/>\n<meta property=\"article:published_time\" content=\"2014-01-24T17:45:23+00:00\" \/>\n<meta property=\"og:image\" content=\"https:\/\/i1.wp.com\/kalot.com.mx\/site\/wp-content\/uploads\/2014\/01\/xpitbull.jpg.pagespeed.ic_.IqxVHZgyC1.jpg?fit=600%2C400&ssl=1\" \/>\n\t<meta property=\"og:image:width\" content=\"600\" \/>\n\t<meta property=\"og:image:height\" content=\"400\" \/>\n\t<meta property=\"og:image:type\" content=\"image\/jpeg\" \/>\n<meta name=\"author\" content=\"Daniel Cacho\" \/>\n<meta name=\"twitter:card\" content=\"summary_large_image\" \/>\n<meta name=\"twitter:creator\" content=\"@GregoryCachouse\" \/>\n<meta name=\"twitter:site\" content=\"@kalotmx\" \/>\n<meta name=\"twitter:label1\" content=\"Escrito por\" \/>\n\t<meta name=\"twitter:data1\" content=\"Daniel Cacho\" \/>\n\t<meta name=\"twitter:label2\" content=\"Tiempo de lectura\" \/>\n\t<meta name=\"twitter:data2\" content=\"2 minutos\" \/>\n<!-- \/ Yoast SEO plugin. -->","yoast_head_json":{"title":"Pitbull Interpretar\u00e1 Canci\u00f3n del Mundial - Kalot","description":"We are one\", del rapero estadounidense de origen cubano Pitbull, en colaboraci\u00f3n con Jennifer L\u00f3pez y la brasile\u00f1a Claudia Leite, ser\u00e1 la canci\u00f3n oficial","robots":{"index":"index","follow":"follow","max-snippet":"max-snippet:-1","max-image-preview":"max-image-preview:large","max-video-preview":"max-video-preview:-1"},"canonical":"https:\/\/kalot.com.mx\/site\/2014\/01\/24\/pitbull-interpretara-cancion-del-mundial\/","og_locale":"es_MX","og_type":"article","og_title":"Pitbull Interpretar\u00e1 Canci\u00f3n del Mundial - Kalot","og_description":"We are one\", del rapero estadounidense de origen cubano Pitbull, en colaboraci\u00f3n con Jennifer L\u00f3pez y la brasile\u00f1a Claudia Leite, ser\u00e1 la canci\u00f3n oficial","og_url":"https:\/\/kalot.com.mx\/site\/2014\/01\/24\/pitbull-interpretara-cancion-del-mundial\/","og_site_name":"Kalot","article_publisher":"http:\/\/facebook.com\/mxkalot","article_author":"https:\/\/www.facebook.com\/cacho.gomez","article_published_time":"2014-01-24T17:45:23+00:00","og_image":[{"width":600,"height":400,"url":"https:\/\/i1.wp.com\/kalot.com.mx\/site\/wp-content\/uploads\/2014\/01\/xpitbull.jpg.pagespeed.ic_.IqxVHZgyC1.jpg?fit=600%2C400&ssl=1","type":"image\/jpeg"}],"author":"Daniel Cacho","twitter_card":"summary_large_image","twitter_creator":"@GregoryCachouse","twitter_site":"@kalotmx","twitter_misc":{"Escrito por":"Daniel Cacho","Tiempo de lectura":"2 minutos"},"schema":{"@context":"https:\/\/schema.org","@graph":[{"@type":"Article","@id":"https:\/\/kalot.com.mx\/site\/2014\/01\/24\/pitbull-interpretara-cancion-del-mundial\/#article","isPartOf":{"@id":"https:\/\/kalot.com.mx\/site\/2014\/01\/24\/pitbull-interpretara-cancion-del-mundial\/"},"author":{"name":"Daniel Cacho","@id":"https:\/\/kalot.com.mx\/site\/#\/schema\/person\/c26df3c01429d14997e98a226f7d58d8"},"headline":"Pitbull Interpretar\u00e1 Canci\u00f3n del Mundial","datePublished":"2014-01-24T17:45:23+00:00","mainEntityOfPage":{"@id":"https:\/\/kalot.com.mx\/site\/2014\/01\/24\/pitbull-interpretara-cancion-del-mundial\/"},"wordCount":315,"commentCount":0,"publisher":{"@id":"https:\/\/kalot.com.mx\/site\/#organization"},"image":{"@id":"https:\/\/kalot.com.mx\/site\/2014\/01\/24\/pitbull-interpretara-cancion-del-mundial\/#primaryimage"},"thumbnailUrl":"https:\/\/i0.wp.com\/kalot.com.mx\/site\/wp-content\/uploads\/2014\/01\/xpitbull.jpg.pagespeed.ic_.IqxVHZgyC1.jpg?fit=600%2C400&ssl=1","inLanguage":"es","potentialAction":[{"@type":"CommentAction","name":"Comment","target":["https:\/\/kalot.com.mx\/site\/2014\/01\/24\/pitbull-interpretara-cancion-del-mundial\/#respond"]}]},{"@type":"WebPage","@id":"https:\/\/kalot.com.mx\/site\/2014\/01\/24\/pitbull-interpretara-cancion-del-mundial\/","url":"https:\/\/kalot.com.mx\/site\/2014\/01\/24\/pitbull-interpretara-cancion-del-mundial\/","name":"Pitbull Interpretar\u00e1 Canci\u00f3n del Mundial - Kalot","isPartOf":{"@id":"https:\/\/kalot.com.mx\/site\/#website"},"primaryImageOfPage":{"@id":"https:\/\/kalot.com.mx\/site\/2014\/01\/24\/pitbull-interpretara-cancion-del-mundial\/#primaryimage"},"image":{"@id":"https:\/\/kalot.com.mx\/site\/2014\/01\/24\/pitbull-interpretara-cancion-del-mundial\/#primaryimage"},"thumbnailUrl":"https:\/\/i0.wp.com\/kalot.com.mx\/site\/wp-content\/uploads\/2014\/01\/xpitbull.jpg.pagespeed.ic_.IqxVHZgyC1.jpg?fit=600%2C400&ssl=1","datePublished":"2014-01-24T17:45:23+00:00","description":"We are one\", del rapero estadounidense de origen cubano Pitbull, en colaboraci\u00f3n con Jennifer L\u00f3pez y la brasile\u00f1a Claudia Leite, ser\u00e1 la canci\u00f3n oficial","breadcrumb":{"@id":"https:\/\/kalot.com.mx\/site\/2014\/01\/24\/pitbull-interpretara-cancion-del-mundial\/#breadcrumb"},"inLanguage":"es","potentialAction":[{"@type":"ReadAction","target":["https:\/\/kalot.com.mx\/site\/2014\/01\/24\/pitbull-interpretara-cancion-del-mundial\/"]}]},{"@type":"ImageObject","inLanguage":"es","@id":"https:\/\/kalot.com.mx\/site\/2014\/01\/24\/pitbull-interpretara-cancion-del-mundial\/#primaryimage","url":"https:\/\/i0.wp.com\/kalot.com.mx\/site\/wp-content\/uploads\/2014\/01\/xpitbull.jpg.pagespeed.ic_.IqxVHZgyC1.jpg?fit=600%2C400&ssl=1","contentUrl":"https:\/\/i0.wp.com\/kalot.com.mx\/site\/wp-content\/uploads\/2014\/01\/xpitbull.jpg.pagespeed.ic_.IqxVHZgyC1.jpg?fit=600%2C400&ssl=1","width":600,"height":400},{"@type":"BreadcrumbList","@id":"https:\/\/kalot.com.mx\/site\/2014\/01\/24\/pitbull-interpretara-cancion-del-mundial\/#breadcrumb","itemListElement":[{"@type":"ListItem","position":1,"name":"Home","item":"https:\/\/kalot.com.mx\/site\/"},{"@type":"ListItem","position":2,"name":"Pitbull Interpretar\u00e1 Canci\u00f3n del Mundial"}]},{"@type":"WebSite","@id":"https:\/\/kalot.com.mx\/site\/#website","url":"https:\/\/kalot.com.mx\/site\/","name":"Kalot","description":"Conoce Todo Sobre Todo","publisher":{"@id":"https:\/\/kalot.com.mx\/site\/#organization"},"potentialAction":[{"@type":"SearchAction","target":{"@type":"EntryPoint","urlTemplate":"https:\/\/kalot.com.mx\/site\/?s={search_term_string}"},"query-input":{"@type":"PropertyValueSpecification","valueRequired":true,"valueName":"search_term_string"}}],"inLanguage":"es"},{"@type":"Organization","@id":"https:\/\/kalot.com.mx\/site\/#organization","name":"Kalot","url":"https:\/\/kalot.com.mx\/site\/","logo":{"@type":"ImageObject","inLanguage":"es","@id":"https:\/\/kalot.com.mx\/site\/#\/schema\/logo\/image\/","url":"https:\/\/i0.wp.com\/kalot.com.mx\/site\/wp-content\/uploads\/2020\/04\/Kalot-logo-sin-tagline.png?fit=1707%2C1014&ssl=1","contentUrl":"https:\/\/i0.wp.com\/kalot.com.mx\/site\/wp-content\/uploads\/2020\/04\/Kalot-logo-sin-tagline.png?fit=1707%2C1014&ssl=1","width":1707,"height":1014,"caption":"Kalot"},"image":{"@id":"https:\/\/kalot.com.mx\/site\/#\/schema\/logo\/image\/"},"sameAs":["http:\/\/facebook.com\/mxkalot","https:\/\/x.com\/kalotmx","http:\/\/instagram.com\/kalotmx","http:\/\/pinterest.com\/jorgeerana\/kalot"]},{"@type":"Person","@id":"https:\/\/kalot.com.mx\/site\/#\/schema\/person\/c26df3c01429d14997e98a226f7d58d8","name":"Daniel Cacho","image":{"@type":"ImageObject","inLanguage":"es","@id":"https:\/\/secure.gravatar.com\/avatar\/1661921ce77f80f0e6ad041ac81c22f71348f4a5d588bf4fc698c4d8200cd67c?s=96&d=mm&r=g","url":"https:\/\/secure.gravatar.com\/avatar\/1661921ce77f80f0e6ad041ac81c22f71348f4a5d588bf4fc698c4d8200cd67c?s=96&d=mm&r=g","contentUrl":"https:\/\/secure.gravatar.com\/avatar\/1661921ce77f80f0e6ad041ac81c22f71348f4a5d588bf4fc698c4d8200cd67c?s=96&d=mm&r=g","caption":"Daniel Cacho"},"description":"Comentarista Deportivo frustrado, con destellos de gamer mon\u00f3tono, porci\u00f3n m\u00ednima de geek y programador en potencia.","sameAs":["https:\/\/www.facebook.com\/cacho.gomez","https:\/\/x.com\/GregoryCachouse"],"url":"https:\/\/kalot.com.mx\/site\/author\/cacho\/"}]}},"jetpack_publicize_connections":[],"jetpack_featured_media_url":"https:\/\/i0.wp.com\/kalot.com.mx\/site\/wp-content\/uploads\/2014\/01\/xpitbull.jpg.pagespeed.ic_.IqxVHZgyC1.jpg?fit=600%2C400&ssl=1","jetpack_shortlink":"https:\/\/wp.me\/p6IHEI-2Ei","jetpack-related-posts":[{"id":16408,"url":"https:\/\/kalot.com.mx\/site\/2014\/05\/26\/top-10-las-mejores-canciones-de-los-mundiales\/","url_meta":{"origin":10186,"position":0},"title":"Top 10: Las \u00bfMejores? Canciones de los Mundiales.","author":"Omar Herrera","date":"26 mayo, 2014","format":false,"excerpt":"Estamos a cada vez menos de que comience la euforia por la mayor justa de uno de los deportes m\u00e1s queridos del orbe, la XX edici\u00f3n de la Copa Mundial de la FIFA 2014 con sede en Brasil. La Copa del Mundo ha tenido un himno que lo caracterice desde\u2026","rel":"","context":"Entrada similar ","block_context":{"text":"Entrada similar ","link":""},"img":{"alt_text":"","src":"https:\/\/i0.wp.com\/kalot.com.mx\/site\/wp-content\/uploads\/2014\/05\/10252137_10152838811793084_2353728734780023236_n.jpg?fit=960%2C960&ssl=1&resize=350%2C200","width":350,"height":200,"srcset":"https:\/\/i0.wp.com\/kalot.com.mx\/site\/wp-content\/uploads\/2014\/05\/10252137_10152838811793084_2353728734780023236_n.jpg?fit=960%2C960&ssl=1&resize=350%2C200 1x, https:\/\/i0.wp.com\/kalot.com.mx\/site\/wp-content\/uploads\/2014\/05\/10252137_10152838811793084_2353728734780023236_n.jpg?fit=960%2C960&ssl=1&resize=525%2C300 1.5x, https:\/\/i0.wp.com\/kalot.com.mx\/site\/wp-content\/uploads\/2014\/05\/10252137_10152838811793084_2353728734780023236_n.jpg?fit=960%2C960&ssl=1&resize=700%2C400 2x"},"classes":[]},{"id":13254,"url":"https:\/\/kalot.com.mx\/site\/2014\/03\/11\/itunes-festival-sxsw\/","url_meta":{"origin":10186,"position":1},"title":"iTunes Festival en SXSW con Coldplay, Imagine Dragons y m\u00e1s","author":"Jorge Era\u00f1a","date":"11 marzo, 2014","format":false,"excerpt":"Como ya sabr\u00e1n, se est\u00e1 llevando a cabo el SXSW que es una conferencia o festival en Austin TX, donde se presentan artistas, medios, videojuegos, algunas apps, gadgets y de todo un poco. Pues Apple no se pod\u00eda quedar atr\u00e1s y trajo su iTunes Festival por primera vez a su\u2026","rel":"","context":"En &quot;Sin categor\u00eda&quot;","block_context":{"text":"Sin categor\u00eda","link":"https:\/\/kalot.com.mx\/site\/category\/sin-categoria\/"},"img":{"alt_text":"","src":"https:\/\/i0.wp.com\/kalot.com.mx\/site\/wp-content\/uploads\/2014\/03\/itunes-festival-sxsw.jpg?fit=800%2C450&ssl=1&resize=350%2C200","width":350,"height":200,"srcset":"https:\/\/i0.wp.com\/kalot.com.mx\/site\/wp-content\/uploads\/2014\/03\/itunes-festival-sxsw.jpg?fit=800%2C450&ssl=1&resize=350%2C200 1x, https:\/\/i0.wp.com\/kalot.com.mx\/site\/wp-content\/uploads\/2014\/03\/itunes-festival-sxsw.jpg?fit=800%2C450&ssl=1&resize=525%2C300 1.5x, https:\/\/i0.wp.com\/kalot.com.mx\/site\/wp-content\/uploads\/2014\/03\/itunes-festival-sxsw.jpg?fit=800%2C450&ssl=1&resize=700%2C400 2x"},"classes":[]},{"id":17259,"url":"https:\/\/kalot.com.mx\/site\/2014\/07\/14\/fifa-15-tiene-portada-oficial\/","url_meta":{"origin":10186,"position":2},"title":"FIFA 15 Tiene Portada Oficial","author":"HM_MKT007","date":"14 julio, 2014","format":false,"excerpt":"As\u00ed es, la nueva entrega de FIFA 15 ya tiene a la s\u00faper estrella que ser\u00e1 la portada de su nueva entrega, y al parecer, no fue tan sorpresivo como lo podr\u00edamos haber imaginado, el futbolista elegido es (Tambores y Redobles)............................................... LIONEL MESSI!!!!! Con la llegada al repertorio de FIFA\u2026","rel":"","context":"En &quot;Sin categor\u00eda&quot;","block_context":{"text":"Sin categor\u00eda","link":"https:\/\/kalot.com.mx\/site\/category\/sin-categoria\/"},"img":{"alt_text":"","src":"https:\/\/i0.wp.com\/kalot.com.mx\/site\/wp-content\/uploads\/2014\/07\/10483244_813158122035797_1207859078976765580_n.jpg?fit=771%2C960&ssl=1&resize=350%2C200","width":350,"height":200,"srcset":"https:\/\/i0.wp.com\/kalot.com.mx\/site\/wp-content\/uploads\/2014\/07\/10483244_813158122035797_1207859078976765580_n.jpg?fit=771%2C960&ssl=1&resize=350%2C200 1x, https:\/\/i0.wp.com\/kalot.com.mx\/site\/wp-content\/uploads\/2014\/07\/10483244_813158122035797_1207859078976765580_n.jpg?fit=771%2C960&ssl=1&resize=525%2C300 1.5x, https:\/\/i0.wp.com\/kalot.com.mx\/site\/wp-content\/uploads\/2014\/07\/10483244_813158122035797_1207859078976765580_n.jpg?fit=771%2C960&ssl=1&resize=700%2C400 2x"},"classes":[]},{"id":16740,"url":"https:\/\/kalot.com.mx\/site\/2014\/06\/12\/apps-para-ver-el-mundial-desde-donde-estes\/","url_meta":{"origin":10186,"position":3},"title":"Apps para ver el Mundial desde donde est\u00e9s","author":"Cecilia Mata","date":"12 junio, 2014","format":false,"excerpt":"A llegado el momento y por fin empez\u00f3 la copa del mundo 2014 tras cuatro a\u00f1os que se han tenido que esperar para que las mejores estrellas del bal\u00f3n se den cita en una nueva edici\u00f3n del mundial de f\u00fatbol \u00a0ya estamos listos en kalot y espero que ustedes tambi\u00e9n\u2026","rel":"","context":"Entrada similar ","block_context":{"text":"Entrada similar ","link":""},"img":{"alt_text":"","src":"https:\/\/i0.wp.com\/kalot.com.mx\/site\/wp-content\/uploads\/2014\/06\/MASTER-IMAGE-Best-Apps-664x374.jpg?fit=664%2C374&ssl=1&resize=350%2C200","width":350,"height":200,"srcset":"https:\/\/i0.wp.com\/kalot.com.mx\/site\/wp-content\/uploads\/2014\/06\/MASTER-IMAGE-Best-Apps-664x374.jpg?fit=664%2C374&ssl=1&resize=350%2C200 1x, https:\/\/i0.wp.com\/kalot.com.mx\/site\/wp-content\/uploads\/2014\/06\/MASTER-IMAGE-Best-Apps-664x374.jpg?fit=664%2C374&ssl=1&resize=525%2C300 1.5x"},"classes":[]},{"id":3864,"url":"https:\/\/kalot.com.mx\/site\/2013\/10\/13\/3864clasificadosbrasil14\/","url_meta":{"origin":10186,"position":4},"title":"14 son los equipos clasificados a Brasil 2014 #Deportes","author":"Anastacio S\u00e1nchez","date":"13 octubre, 2013","format":false,"excerpt":"Despu\u00e9s de la pen\u00faltima fecha de las eliminatorias hacia el mundial de Brasil 2014, \u00a0se cuenta con casi la mitad de las selecciones que estar\u00e1n presentes en este magno evento. Las 14 Selecciones de todo el mundo que ya est\u00e1n en el Mundial son: Confederaci\u00f3n Sudamericana de F\u00fatbol Conmebol: Argentina,\u2026","rel":"","context":"Entrada similar ","block_context":{"text":"Entrada similar ","link":""},"img":{"alt_text":"","src":"https:\/\/i0.wp.com\/kalot.com.mx\/site\/wp-content\/uploads\/2013\/10\/brasil-2014.jpg?fit=1087%2C601&ssl=1&resize=350%2C200","width":350,"height":200,"srcset":"https:\/\/i0.wp.com\/kalot.com.mx\/site\/wp-content\/uploads\/2013\/10\/brasil-2014.jpg?fit=1087%2C601&ssl=1&resize=350%2C200 1x, https:\/\/i0.wp.com\/kalot.com.mx\/site\/wp-content\/uploads\/2013\/10\/brasil-2014.jpg?fit=1087%2C601&ssl=1&resize=525%2C300 1.5x, https:\/\/i0.wp.com\/kalot.com.mx\/site\/wp-content\/uploads\/2013\/10\/brasil-2014.jpg?fit=1087%2C601&ssl=1&resize=700%2C400 2x, https:\/\/i0.wp.com\/kalot.com.mx\/site\/wp-content\/uploads\/2013\/10\/brasil-2014.jpg?fit=1087%2C601&ssl=1&resize=1050%2C600 3x"},"classes":[]},{"id":4307,"url":"https:\/\/kalot.com.mx\/site\/2013\/10\/17\/tiny-toons-una-caricatura-de-la-vieja-escuela-en-el-juevesretro\/","url_meta":{"origin":10186,"position":5},"title":"Tiny Toons, una caricatura de la vieja escuela en el #JuevesRetro","author":"Saul Alonso","date":"17 octubre, 2013","format":false,"excerpt":"Mis estimados lectores, el d\u00eda de hoy les traigo una breve rese\u00f1a, que seguro a muchos les recordar\u00e1 su infancia, puesto que esta caricatura era una de las preferidas de muchos chavitos y chavitas de nuestros tiempos. Estamos hablando de aquellos seres que asist\u00edan a la Universidad, con la finalidad\u2026","rel":"","context":"Entrada similar ","block_context":{"text":"Entrada similar ","link":""},"img":{"alt_text":"","src":"https:\/\/i0.wp.com\/kalot.com.mx\/site\/wp-content\/uploads\/2013\/10\/TinyToonsGang.jpg?fit=640%2C480&ssl=1&resize=350%2C200","width":350,"height":200,"srcset":"https:\/\/i0.wp.com\/kalot.com.mx\/site\/wp-content\/uploads\/2013\/10\/TinyToonsGang.jpg?fit=640%2C480&ssl=1&resize=350%2C200 1x, https:\/\/i0.wp.com\/kalot.com.mx\/site\/wp-content\/uploads\/2013\/10\/TinyToonsGang.jpg?fit=640%2C480&ssl=1&resize=525%2C300 1.5x"},"classes":[]}],"jetpack_sharing_enabled":true,"_links":{"self":[{"href":"https:\/\/kalot.com.mx\/site\/wp-json\/wp\/v2\/posts\/10186","targetHints":{"allow":["GET"]}}],"collection":[{"href":"https:\/\/kalot.com.mx\/site\/wp-json\/wp\/v2\/posts"}],"about":[{"href":"https:\/\/kalot.com.mx\/site\/wp-json\/wp\/v2\/types\/post"}],"author":[{"embeddable":true,"href":"https:\/\/kalot.com.mx\/site\/wp-json\/wp\/v2\/users\/59"}],"replies":[{"embeddable":true,"href":"https:\/\/kalot.com.mx\/site\/wp-json\/wp\/v2\/comments?post=10186"}],"version-history":[{"count":0,"href":"https:\/\/kalot.com.mx\/site\/wp-json\/wp\/v2\/posts\/10186\/revisions"}],"wp:featuredmedia":[{"embeddable":true,"href":"https:\/\/kalot.com.mx\/site\/wp-json\/wp\/v2\/media\/10190"}],"wp:attachment":[{"href":"https:\/\/kalot.com.mx\/site\/wp-json\/wp\/v2\/media?parent=10186"}],"wp:term":[{"taxonomy":"category","embeddable":true,"href":"https:\/\/kalot.com.mx\/site\/wp-json\/wp\/v2\/categories?post=10186"},{"taxonomy":"post_tag","embeddable":true,"href":"https:\/\/kalot.com.mx\/site\/wp-json\/wp\/v2\/tags?post=10186"}],"curies":[{"name":"wp","href":"https:\/\/api.w.org\/{rel}","templated":true}]}}