{"id":10184,"date":"2014-01-24T11:54:33","date_gmt":"2014-01-24T17:54:33","guid":{"rendered":"http:\/\/www.kalot.com.mx\/?p=10184"},"modified":"2017-12-20T12:31:58","modified_gmt":"2017-12-20T18:31:58","slug":"findefacebook","status":"publish","type":"post","link":"https:\/\/kalot.com.mx\/site\/2014\/01\/24\/findefacebook\/","title":{"rendered":"\u00bfEl principio del fin de Facebook?"},"content":{"rendered":"<p style=\"text-align: justify\">Hace un par de d\u00edas le\u00eda, en varios medios, que Facebook hab\u00eda tenido una bajada dr\u00e1stica de usuarios en el \u00faltimo trimestre: una media de 9 millones de usuarios hab\u00edan eliminado su cuenta de esta red social, un hecho sin precedentes en su historia. Sin embargo, no quiere decir que su crecimiento vaya en picada, recordemos que la red social tiene casi 700 millones de usuarios activos y sigue creciendo a buen paso.<\/p>\n<p style=\"text-align: justify\">\u00bfQu\u00e9 significa entonces este declive en el n\u00famero de usuarios?<\/p>\n<p style=\"text-align: justify\">Bas\u00e1ndome en informaci\u00f3n de distintos medios y como usuario de Facebook, en lo personal, tengo algunas teor\u00edas que explican ese descenso.<\/p>\n<p style=\"text-align: justify\"><strong>1. La gente comenz\u00f3 a hartarse del \u201cFeis\u201d<\/strong><strong>.<\/strong><\/p>\n<p style=\"text-align: justify\">La finalidad \u00faltima de un sitio web es entretener, informar o comunicar, siendo \u00e9sta \u00faltima el objetivo principal de una red social. Sin embargo, \u00bfcu\u00e1ndo dej\u00f3 Facebook de ser divertido?<\/p>\n<p style=\"text-align: justify\">La gente ha pasado de convivir por el simple gusto de hacerlo a convertirse en un <em>compromiso social<\/em> el estar disponible en el sobrevalorado chat (no hablemos ya de los conflictos ocasionados recientemente por el \u201cvisto\u201d), dar like\/comentar fotos, estados, relaciones, para compensar la falta de interacci\u00f3n en la vida real, im\u00e1genes y v\u00eddeos que rayan en el fanatismo\/amarillismo, entre un largo etc\u00e9tera. En resumidas cuentas, la diversi\u00f3n termin\u00f3 cuando la gente comenz\u00f3 a tomarse demasiado <em>en serio<\/em> Facebook.<\/p>\n<p style=\"text-align: justify\"><strong>2. El crecimiento del resto de las redes sociales es imparable.<\/strong><\/p>\n<p style=\"text-align: justify\">As\u00ed como cualquier web, todo tiene un principio y un final, especialmente en las redes sociales. Recordemos hace varios siglos (por ah\u00ed del 2005) cuando todos -y me incluyo- ten\u00edamos un perfil de myspace y hac\u00edamos exactamente lo mismo que en Facebook \u00bfentonces, porqu\u00e9 de repente, lo abandonamos a su suerte? Exacto, cuando surgi\u00f3 una (o varias) opciones m\u00e1s fuertes que ofrec\u00edan en esencia lo mismo, pero de alguna manera m\u00e1s agradable y <em>moderna<\/em>. As\u00ed como un imparable karma, la suerte de Facebook est\u00e1 echada, como la estuvo la de sus antecesores (y sucesores).<\/p>\n<p style=\"text-align: justify\"><strong>3. Facebook dej\u00f3 de ser relevante en el medio.<\/strong><\/p>\n<p style=\"text-align: justify\">\u00bfCu\u00e1ndo fue la \u00faltima vez que te enteraste de una noticia primero por Facebook? En lo personal, yo no lo puedo recordar, ya que\u00a0 mediante twitter (que es un servicio de microblogging m\u00e1s que una red social) la inmediatez de la informaci\u00f3n es impresionante, desplazando al resto de los medios de manera fulminante. En alg\u00fan momento Facebook dej\u00f3 de ser un medio informativo para convertirse, como mencion\u00e9 anteriormente, en un mont\u00f3n de im\u00e1genes amarillistas (muchas veces mal interpretadas), perdiendo as\u00ed gran parte de su utilidad informativa.<\/p>\n<p style=\"text-align: justify\"><strong>4. La gente (finalmente) comenz\u00f3 a preocuparse por su privacidad.<\/strong><\/p>\n<p style=\"text-align: justify\">Desde el medi\u00e1tico esc\u00e1ndalo de la NSA (e inclusive antes) las personas comenzaron a cuestionar qu\u00e9 tan seguros est\u00e1n sus datos en Facebook. Recordemos que esta red social no es ninguna hermanita de la caridad y, a pesar de parecer \u201cgratis\u201d, la verdad es que genera muchos, much\u00edsimos ingresos gracias a la venta de nuestra informaci\u00f3n personal (lo cual es legal, pues al entrar a Facebook, cedes todos los derechos de la misma), la pregunta es: \u00bfhasta qu\u00e9 punto es tolerable esta situaci\u00f3n?<\/p>\n<p style=\"text-align: justify\"><strong>5. Es simplemente un bache temporal.<\/strong><\/p>\n<p style=\"text-align: justify\">Es posible tambi\u00e9n que este peque\u00f1o descenso no afecte en absoluto al crecimiento imparable de Facebook, el cual se convirti\u00f3 ya en una presencia omnipresente en la Internet y un medio de comunicaci\u00f3n indispensable, a diferencia de su competencia, al grado de que, el no tener perfil en Facebook, es similar a no tener n\u00famero telef\u00f3nico (s\u00ed, suena rid\u00edculo, pero para nada falso).<\/p>\n<p style=\"text-align: justify\">Como asegura Eric Eldon, de\u00a0<i>Inside Facebook:<\/i><\/p>\n<blockquote>\n<p style=\"text-align: justify\">\u00a0\u201cCambios de temporada como graduaciones universitarias y otros factores de corto plazo influyen en los n\u00fameros de cada mes\u201d.<\/p>\n<\/blockquote>\n<p style=\"text-align: justify\">Explicando as\u00ed que el descenso es temporal y completamente reversible.<\/p>\n<p style=\"text-align: justify\"><a href=\"https:\/\/i0.wp.com\/www.kalot.com.mx\/wp-content\/uploads\/2014\/01\/The-End-of-Facebook-What-Will-It-Take-to-Kill-the-King-of-Social.jpg\"><img decoding=\"async\" data-attachment-id=\"10194\" data-permalink=\"https:\/\/kalot.com.mx\/site\/2014\/01\/24\/findefacebook\/the-end-of-facebook-what-will-it-take-to-kill-the-king-of-social\/\" data-orig-file=\"https:\/\/i0.wp.com\/kalot.com.mx\/site\/wp-content\/uploads\/2014\/01\/The-End-of-Facebook-What-Will-It-Take-to-Kill-the-King-of-Social.jpg?fit=673%2C253&ssl=1\" data-orig-size=\"673,253\" data-comments-opened=\"1\" data-image-meta=\"{&quot;aperture&quot;:&quot;0&quot;,&quot;credit&quot;:&quot;&quot;,&quot;camera&quot;:&quot;&quot;,&quot;caption&quot;:&quot;&quot;,&quot;created_timestamp&quot;:&quot;0&quot;,&quot;copyright&quot;:&quot;&quot;,&quot;focal_length&quot;:&quot;0&quot;,&quot;iso&quot;:&quot;0&quot;,&quot;shutter_speed&quot;:&quot;0&quot;,&quot;title&quot;:&quot;&quot;,&quot;orientation&quot;:&quot;0&quot;}\" data-image-title=\"The-End-of-Facebook-What-Will-It-Take-to-Kill-the-King-of-Social\" data-image-description=\"\" data-image-caption=\"\" data-large-file=\"https:\/\/i0.wp.com\/kalot.com.mx\/site\/wp-content\/uploads\/2014\/01\/The-End-of-Facebook-What-Will-It-Take-to-Kill-the-King-of-Social.jpg?fit=673%2C253&ssl=1\" class=\"alignnone size-medium wp-image-10194\" alt=\"The-End-of-Facebook-What-Will-It-Take-to-Kill-the-King-of-Social\" src=\"https:\/\/i2.wp.com\/kalot.com.mx\/site\/wp-content\/uploads\/2014\/01\/The-End-of-Facebook-What-Will-It-Take-to-Kill-the-King-of-Social.jpg?fit=300%2C113&ssl=1\" width=\"300\" height=\"113\" srcset=\"https:\/\/i0.wp.com\/kalot.com.mx\/site\/wp-content\/uploads\/2014\/01\/The-End-of-Facebook-What-Will-It-Take-to-Kill-the-King-of-Social.jpg?w=673&ssl=1 673w, https:\/\/i0.wp.com\/kalot.com.mx\/site\/wp-content\/uploads\/2014\/01\/The-End-of-Facebook-What-Will-It-Take-to-Kill-the-King-of-Social.jpg?resize=380%2C143&ssl=1 380w, https:\/\/i0.wp.com\/kalot.com.mx\/site\/wp-content\/uploads\/2014\/01\/The-End-of-Facebook-What-Will-It-Take-to-Kill-the-King-of-Social.jpg?resize=300%2C113&ssl=1 300w\" sizes=\"(max-width: 300px) 100vw, 300px\" \/><\/a><\/p>\n<p style=\"text-align: justify\">Como todo dentro de la web, como un d\u00eda puedes estar en la cima, al d\u00eda siguiente puedes ser olvidado y desplazado. No podemos saber cu\u00e1l es el futuro de la reina de las redes sociales que, a pesar de tener un crecimiento gigantesco y convertirse en un referente de la cultura popular, por primera vez muestra un declive y nosotros, como usuarios, comenzamos a ver otras opciones. As\u00ed es el Internet, siempre cambiante.<\/p>\n<p style=\"text-align: justify\"><strong>\u00bfY usted, amable lector\/a, cree que es el fin de Facebook? \u00bfO es solo una etapa m\u00e1s?<\/strong><\/p>\n","protected":false},"excerpt":{"rendered":"Hace un par de d\u00edas le\u00eda, en varios medios, que Facebook hab\u00eda tenido una bajada dr\u00e1stica de usuarios&hellip;\n","protected":false},"author":75,"featured_media":10195,"comment_status":"open","ping_status":"open","sticky":false,"template":"","format":"standard","meta":{"jetpack_post_was_ever_published":false,"_jetpack_newsletter_access":"","_jetpack_dont_email_post_to_subs":false,"_jetpack_newsletter_tier_id":0,"_jetpack_memberships_contains_paywalled_content":false,"_jetpack_memberships_contains_paid_content":false,"footnotes":"","jetpack_publicize_message":"","jetpack_publicize_feature_enabled":true,"jetpack_social_post_already_shared":true,"jetpack_social_options":{"image_generator_settings":{"template":"highway","default_image_id":0,"font":"","enabled":false},"version":2}},"categories":[1],"tags":[],"class_list":{"0":"post-10184","1":"post","2":"type-post","3":"status-publish","4":"format-standard","5":"has-post-thumbnail","7":"category-sin-categoria","8":"cs-entry","9":"cs-video-wrap"},"yoast_head":"<!-- This site is optimized with the Yoast SEO plugin v27.5 - https:\/\/yoast.com\/product\/yoast-seo-wordpress\/ -->\n<title>\u00bfEl principio del fin de Facebook? - Kalot<\/title>\n<meta name=\"description\" content=\"Hace un par de d\u00edas le\u00eda, en varios medios, que Facebook hab\u00eda tenido una bajada dr\u00e1stica de usuarios en el \u00faltimo trimestre: una media de 9 millones de\" \/>\n<meta name=\"robots\" content=\"index, follow, max-snippet:-1, max-image-preview:large, max-video-preview:-1\" \/>\n<link rel=\"canonical\" href=\"https:\/\/kalot.com.mx\/site\/2014\/01\/24\/findefacebook\/\" \/>\n<meta property=\"og:locale\" content=\"es_MX\" \/>\n<meta property=\"og:type\" content=\"article\" \/>\n<meta property=\"og:title\" content=\"\u00bfEl principio del fin de Facebook? - Kalot\" \/>\n<meta property=\"og:description\" content=\"Hace un par de d\u00edas le\u00eda, en varios medios, que Facebook hab\u00eda tenido una bajada dr\u00e1stica de usuarios en el \u00faltimo trimestre: una media de 9 millones de\" \/>\n<meta property=\"og:url\" content=\"https:\/\/kalot.com.mx\/site\/2014\/01\/24\/findefacebook\/\" \/>\n<meta property=\"og:site_name\" content=\"Kalot\" \/>\n<meta property=\"article:publisher\" content=\"http:\/\/facebook.com\/mxkalot\" \/>\n<meta property=\"article:author\" content=\"https:\/\/www.facebook.com\/karlos040\" \/>\n<meta property=\"article:published_time\" content=\"2014-01-24T17:54:33+00:00\" \/>\n<meta property=\"article:modified_time\" content=\"2017-12-20T18:31:58+00:00\" \/>\n<meta property=\"og:image\" content=\"https:\/\/i0.wp.com\/kalot.com.mx\/site\/wp-content\/uploads\/2014\/01\/0003818675.jpg?fit=744%2C374&ssl=1\" \/>\n\t<meta property=\"og:image:width\" content=\"744\" \/>\n\t<meta property=\"og:image:height\" content=\"374\" \/>\n\t<meta property=\"og:image:type\" content=\"image\/jpeg\" \/>\n<meta name=\"author\" content=\"Carlos Ru\u00edz Mtz\" \/>\n<meta name=\"twitter:card\" content=\"summary_large_image\" \/>\n<meta name=\"twitter:creator\" content=\"@_carlosrzm\" \/>\n<meta name=\"twitter:site\" content=\"@kalotmx\" \/>\n<meta name=\"twitter:label1\" content=\"Escrito por\" \/>\n\t<meta name=\"twitter:data1\" content=\"Carlos Ru\u00edz Mtz\" \/>\n\t<meta name=\"twitter:label2\" content=\"Tiempo de lectura\" \/>\n\t<meta name=\"twitter:data2\" content=\"4 minutos\" \/>\n<!-- \/ Yoast SEO plugin. -->","yoast_head_json":{"title":"\u00bfEl principio del fin de Facebook? - Kalot","description":"Hace un par de d\u00edas le\u00eda, en varios medios, que Facebook hab\u00eda tenido una bajada dr\u00e1stica de usuarios en el \u00faltimo trimestre: una media de 9 millones de","robots":{"index":"index","follow":"follow","max-snippet":"max-snippet:-1","max-image-preview":"max-image-preview:large","max-video-preview":"max-video-preview:-1"},"canonical":"https:\/\/kalot.com.mx\/site\/2014\/01\/24\/findefacebook\/","og_locale":"es_MX","og_type":"article","og_title":"\u00bfEl principio del fin de Facebook? - Kalot","og_description":"Hace un par de d\u00edas le\u00eda, en varios medios, que Facebook hab\u00eda tenido una bajada dr\u00e1stica de usuarios en el \u00faltimo trimestre: una media de 9 millones de","og_url":"https:\/\/kalot.com.mx\/site\/2014\/01\/24\/findefacebook\/","og_site_name":"Kalot","article_publisher":"http:\/\/facebook.com\/mxkalot","article_author":"https:\/\/www.facebook.com\/karlos040","article_published_time":"2014-01-24T17:54:33+00:00","article_modified_time":"2017-12-20T18:31:58+00:00","og_image":[{"width":744,"height":374,"url":"https:\/\/i0.wp.com\/kalot.com.mx\/site\/wp-content\/uploads\/2014\/01\/0003818675.jpg?fit=744%2C374&ssl=1","type":"image\/jpeg"}],"author":"Carlos Ru\u00edz Mtz","twitter_card":"summary_large_image","twitter_creator":"@_carlosrzm","twitter_site":"@kalotmx","twitter_misc":{"Escrito por":"Carlos Ru\u00edz Mtz","Tiempo de lectura":"4 minutos"},"schema":{"@context":"https:\/\/schema.org","@graph":[{"@type":"Article","@id":"https:\/\/kalot.com.mx\/site\/2014\/01\/24\/findefacebook\/#article","isPartOf":{"@id":"https:\/\/kalot.com.mx\/site\/2014\/01\/24\/findefacebook\/"},"author":{"name":"Carlos Ru\u00edz Mtz","@id":"https:\/\/kalot.com.mx\/site\/#\/schema\/person\/c8264e28527716f7f71bb4b6e56c5a33"},"headline":"\u00bfEl principio del fin de Facebook?","datePublished":"2014-01-24T17:54:33+00:00","dateModified":"2017-12-20T18:31:58+00:00","mainEntityOfPage":{"@id":"https:\/\/kalot.com.mx\/site\/2014\/01\/24\/findefacebook\/"},"wordCount":754,"commentCount":0,"publisher":{"@id":"https:\/\/kalot.com.mx\/site\/#organization"},"image":{"@id":"https:\/\/kalot.com.mx\/site\/2014\/01\/24\/findefacebook\/#primaryimage"},"thumbnailUrl":"https:\/\/i0.wp.com\/kalot.com.mx\/site\/wp-content\/uploads\/2014\/01\/0003818675.jpg?fit=744%2C374&ssl=1","inLanguage":"es","potentialAction":[{"@type":"CommentAction","name":"Comment","target":["https:\/\/kalot.com.mx\/site\/2014\/01\/24\/findefacebook\/#respond"]}]},{"@type":"WebPage","@id":"https:\/\/kalot.com.mx\/site\/2014\/01\/24\/findefacebook\/","url":"https:\/\/kalot.com.mx\/site\/2014\/01\/24\/findefacebook\/","name":"\u00bfEl principio del fin de Facebook? - Kalot","isPartOf":{"@id":"https:\/\/kalot.com.mx\/site\/#website"},"primaryImageOfPage":{"@id":"https:\/\/kalot.com.mx\/site\/2014\/01\/24\/findefacebook\/#primaryimage"},"image":{"@id":"https:\/\/kalot.com.mx\/site\/2014\/01\/24\/findefacebook\/#primaryimage"},"thumbnailUrl":"https:\/\/i0.wp.com\/kalot.com.mx\/site\/wp-content\/uploads\/2014\/01\/0003818675.jpg?fit=744%2C374&ssl=1","datePublished":"2014-01-24T17:54:33+00:00","dateModified":"2017-12-20T18:31:58+00:00","description":"Hace un par de d\u00edas le\u00eda, en varios medios, que Facebook hab\u00eda tenido una bajada dr\u00e1stica de usuarios en el \u00faltimo trimestre: una media de 9 millones de","breadcrumb":{"@id":"https:\/\/kalot.com.mx\/site\/2014\/01\/24\/findefacebook\/#breadcrumb"},"inLanguage":"es","potentialAction":[{"@type":"ReadAction","target":["https:\/\/kalot.com.mx\/site\/2014\/01\/24\/findefacebook\/"]}]},{"@type":"ImageObject","inLanguage":"es","@id":"https:\/\/kalot.com.mx\/site\/2014\/01\/24\/findefacebook\/#primaryimage","url":"https:\/\/i0.wp.com\/kalot.com.mx\/site\/wp-content\/uploads\/2014\/01\/0003818675.jpg?fit=744%2C374&ssl=1","contentUrl":"https:\/\/i0.wp.com\/kalot.com.mx\/site\/wp-content\/uploads\/2014\/01\/0003818675.jpg?fit=744%2C374&ssl=1","width":744,"height":374},{"@type":"BreadcrumbList","@id":"https:\/\/kalot.com.mx\/site\/2014\/01\/24\/findefacebook\/#breadcrumb","itemListElement":[{"@type":"ListItem","position":1,"name":"Home","item":"https:\/\/kalot.com.mx\/site\/"},{"@type":"ListItem","position":2,"name":"\u00bfEl principio del fin de Facebook?"}]},{"@type":"WebSite","@id":"https:\/\/kalot.com.mx\/site\/#website","url":"https:\/\/kalot.com.mx\/site\/","name":"Kalot","description":"Conoce Todo Sobre Todo","publisher":{"@id":"https:\/\/kalot.com.mx\/site\/#organization"},"potentialAction":[{"@type":"SearchAction","target":{"@type":"EntryPoint","urlTemplate":"https:\/\/kalot.com.mx\/site\/?s={search_term_string}"},"query-input":{"@type":"PropertyValueSpecification","valueRequired":true,"valueName":"search_term_string"}}],"inLanguage":"es"},{"@type":"Organization","@id":"https:\/\/kalot.com.mx\/site\/#organization","name":"Kalot","url":"https:\/\/kalot.com.mx\/site\/","logo":{"@type":"ImageObject","inLanguage":"es","@id":"https:\/\/kalot.com.mx\/site\/#\/schema\/logo\/image\/","url":"https:\/\/i0.wp.com\/kalot.com.mx\/site\/wp-content\/uploads\/2020\/04\/Kalot-logo-sin-tagline.png?fit=1707%2C1014&ssl=1","contentUrl":"https:\/\/i0.wp.com\/kalot.com.mx\/site\/wp-content\/uploads\/2020\/04\/Kalot-logo-sin-tagline.png?fit=1707%2C1014&ssl=1","width":1707,"height":1014,"caption":"Kalot"},"image":{"@id":"https:\/\/kalot.com.mx\/site\/#\/schema\/logo\/image\/"},"sameAs":["http:\/\/facebook.com\/mxkalot","https:\/\/x.com\/kalotmx","http:\/\/instagram.com\/kalotmx","http:\/\/pinterest.com\/jorgeerana\/kalot"]},{"@type":"Person","@id":"https:\/\/kalot.com.mx\/site\/#\/schema\/person\/c8264e28527716f7f71bb4b6e56c5a33","name":"Carlos Ru\u00edz Mtz","image":{"@type":"ImageObject","inLanguage":"es","@id":"https:\/\/secure.gravatar.com\/avatar\/a3f92b51fc626d9b76d8d7a27f80c9c75e04cb4810e4b403b571a8220be99140?s=96&d=mm&r=g","url":"https:\/\/secure.gravatar.com\/avatar\/a3f92b51fc626d9b76d8d7a27f80c9c75e04cb4810e4b403b571a8220be99140?s=96&d=mm&r=g","contentUrl":"https:\/\/secure.gravatar.com\/avatar\/a3f92b51fc626d9b76d8d7a27f80c9c75e04cb4810e4b403b571a8220be99140?s=96&d=mm&r=g","caption":"Carlos Ru\u00edz Mtz"},"description":"Viviendo y disfrutando a partes iguales de un mundo en constante cambio. @_carlosrzm","sameAs":["https:\/\/www.facebook.com\/karlos040","https:\/\/x.com\/_carlosrzm"],"url":"https:\/\/kalot.com.mx\/site\/author\/carlosruiz\/"}]}},"jetpack_publicize_connections":[],"jetpack_featured_media_url":"https:\/\/i0.wp.com\/kalot.com.mx\/site\/wp-content\/uploads\/2014\/01\/0003818675.jpg?fit=744%2C374&ssl=1","jetpack_shortlink":"https:\/\/wp.me\/p6IHEI-2Eg","jetpack-related-posts":[{"id":7480,"url":"https:\/\/kalot.com.mx\/site\/2013\/12\/03\/facebook-incorpora-el-boton-unfollow\/","url_meta":{"origin":10184,"position":0},"title":"Facebook incorpora el bot\u00f3n UNFOLLOW","author":"Cecilia Mata","date":"3 diciembre, 2013","format":false,"excerpt":"La red social creada por Mark Zuckerberg como nosotros actualmente la conocemos como Facebook planea mejorar la opci\u00f3n de esconder las publicaciones, y ofrecer\u00e1 la posibilidad de dejar de seguir a otros de una manera m\u00e1s sencilla y sin perder su \u201camistad\u201d. \u00a0Anunci\u00f3 algunos cambios en sus l\u00edneas de tiempo\u2026","rel":"","context":"En &quot;Sin categor\u00eda&quot;","block_context":{"text":"Sin categor\u00eda","link":"https:\/\/kalot.com.mx\/site\/category\/sin-categoria\/"},"img":{"alt_text":"","src":"https:\/\/i0.wp.com\/kalot.com.mx\/site\/wp-content\/uploads\/2013\/12\/Facebook-800x400.jpg?fit=800%2C400&ssl=1&resize=350%2C200","width":350,"height":200,"srcset":"https:\/\/i0.wp.com\/kalot.com.mx\/site\/wp-content\/uploads\/2013\/12\/Facebook-800x400.jpg?fit=800%2C400&ssl=1&resize=350%2C200 1x, https:\/\/i0.wp.com\/kalot.com.mx\/site\/wp-content\/uploads\/2013\/12\/Facebook-800x400.jpg?fit=800%2C400&ssl=1&resize=525%2C300 1.5x, https:\/\/i0.wp.com\/kalot.com.mx\/site\/wp-content\/uploads\/2013\/12\/Facebook-800x400.jpg?fit=800%2C400&ssl=1&resize=700%2C400 2x"},"classes":[]},{"id":12540,"url":"https:\/\/kalot.com.mx\/site\/2014\/02\/25\/facebook-news-feed\/","url_meta":{"origin":10184,"position":1},"title":"Facebook presenta actualizaci\u00f3n a la secci\u00f3n de noticias","author":"Jorge Era\u00f1a","date":"25 febrero, 2014","format":false,"excerpt":"Facebook ha estado haciendo cosas muy grandes en lo que va del a\u00f1o, con grandes lanzamientos, propuestas, compras millonarias y visiones de lo que pretende alcanzar en un futuro no muy lejano. Recientemente habl\u00f3 Mark Zuckerberg en el Mobile World Congress en Barelona en una entrevista donde aclar\u00f3 dudas acerca\u2026","rel":"","context":"Entrada similar ","block_context":{"text":"Entrada similar ","link":""},"img":{"alt_text":"","src":"https:\/\/i0.wp.com\/kalot.com.mx\/site\/wp-content\/uploads\/2014\/02\/20140225-225919.jpg?fit=1024%2C576&ssl=1&resize=350%2C200","width":350,"height":200,"srcset":"https:\/\/i0.wp.com\/kalot.com.mx\/site\/wp-content\/uploads\/2014\/02\/20140225-225919.jpg?fit=1024%2C576&ssl=1&resize=350%2C200 1x, https:\/\/i0.wp.com\/kalot.com.mx\/site\/wp-content\/uploads\/2014\/02\/20140225-225919.jpg?fit=1024%2C576&ssl=1&resize=525%2C300 1.5x, https:\/\/i0.wp.com\/kalot.com.mx\/site\/wp-content\/uploads\/2014\/02\/20140225-225919.jpg?fit=1024%2C576&ssl=1&resize=700%2C400 2x"},"classes":[]},{"id":9527,"url":"https:\/\/kalot.com.mx\/site\/2014\/01\/14\/facebook-le-dice-adios-las-historias-patrocinadas\/","url_meta":{"origin":10184,"position":2},"title":"Facebook le dice adi\u00f3s a las historias patrocinadas","author":"Samuel Arriaga","date":"14 enero, 2014","format":false,"excerpt":"Facebook vuelve a hacer gala de sus artes pol\u00edticas, cambiando todo para que nada cambie. La compa\u00f1\u00eda ha anunciado la pr\u00f3xima eliminaci\u00f3n de sus \u00abHistorias patrocinadas\u00bb las mismas que permit\u00edan que los anunciantes utilizaran los \u00abme gusta\u00bb y los \u00abcheck ins\u00bb realizados por los usuarios en sus p\u00e1ginas como anuncios\u2026","rel":"","context":"Entrada similar ","block_context":{"text":"Entrada similar ","link":""},"img":{"alt_text":"","src":"https:\/\/i0.wp.com\/kalot.com.mx\/site\/wp-content\/uploads\/2014\/01\/facebook.jpg?fit=1200%2C656&ssl=1&resize=350%2C200","width":350,"height":200,"srcset":"https:\/\/i0.wp.com\/kalot.com.mx\/site\/wp-content\/uploads\/2014\/01\/facebook.jpg?fit=1200%2C656&ssl=1&resize=350%2C200 1x, https:\/\/i0.wp.com\/kalot.com.mx\/site\/wp-content\/uploads\/2014\/01\/facebook.jpg?fit=1200%2C656&ssl=1&resize=525%2C300 1.5x, https:\/\/i0.wp.com\/kalot.com.mx\/site\/wp-content\/uploads\/2014\/01\/facebook.jpg?fit=1200%2C656&ssl=1&resize=700%2C400 2x, https:\/\/i0.wp.com\/kalot.com.mx\/site\/wp-content\/uploads\/2014\/01\/facebook.jpg?fit=1200%2C656&ssl=1&resize=1050%2C600 3x"},"classes":[]},{"id":16345,"url":"https:\/\/kalot.com.mx\/site\/2014\/05\/23\/gracias-algoritmo-de-facebook\/","url_meta":{"origin":10184,"position":3},"title":"Gracias algoritmo de Facebook","author":"Samuel Arriaga","date":"23 mayo, 2014","format":false,"excerpt":"Las p\u00e1ginas de Facebook poco a poco est\u00e1n perdiendo su popularidad, y cada vez m\u00e1s est\u00e1n perdiendo visibilidad, lo que est\u00e1 preocupando a\u00a0 las estrategias de social media. Como sabemos o te estas enterando por este medio, Facebook ha hecho cambios en su algoritmo que determina que historias aparecen en\u2026","rel":"","context":"Entrada similar ","block_context":{"text":"Entrada similar ","link":""},"img":{"alt_text":"","src":"https:\/\/i0.wp.com\/kalot.com.mx\/site\/wp-content\/uploads\/2014\/05\/facebook-nome.jpg?fit=1200%2C766&ssl=1&resize=350%2C200","width":350,"height":200,"srcset":"https:\/\/i0.wp.com\/kalot.com.mx\/site\/wp-content\/uploads\/2014\/05\/facebook-nome.jpg?fit=1200%2C766&ssl=1&resize=350%2C200 1x, https:\/\/i0.wp.com\/kalot.com.mx\/site\/wp-content\/uploads\/2014\/05\/facebook-nome.jpg?fit=1200%2C766&ssl=1&resize=525%2C300 1.5x, https:\/\/i0.wp.com\/kalot.com.mx\/site\/wp-content\/uploads\/2014\/05\/facebook-nome.jpg?fit=1200%2C766&ssl=1&resize=700%2C400 2x, https:\/\/i0.wp.com\/kalot.com.mx\/site\/wp-content\/uploads\/2014\/05\/facebook-nome.jpg?fit=1200%2C766&ssl=1&resize=1050%2C600 3x"},"classes":[]},{"id":1137,"url":"https:\/\/kalot.com.mx\/site\/2013\/09\/09\/que-tiene-que-ver-vine-con-general-electric\/","url_meta":{"origin":10184,"position":4},"title":"\u00bfQu\u00e9 tiene que ver &#8220;Vine&#8221; con &#8220;General Electric&#8221;?","author":"Rudy Marin","date":"9 septiembre, 2013","format":false,"excerpt":"La aplicaci\u00f3n de microvideos de Vine, que trae todo el branding de Twitter, es una app que lleg\u00f3 para quedarse. Con esta red social podr\u00e1s compartir v\u00eddeos con un estilo de \"stop motion\" si lo deseas, la clave es que la longitud m\u00e1xima de cada video es de 6 segundos.\u2026","rel":"","context":"Con 1 comentario","block_context":{"text":"Con 1 comentario","link":"https:\/\/kalot.com.mx\/site\/2013\/09\/09\/que-tiene-que-ver-vine-con-general-electric\/#comments"},"img":{"alt_text":"","src":"https:\/\/i0.wp.com\/kalot.com.mx\/site\/wp-content\/uploads\/2013\/09\/vine.png?fit=650%2C366&ssl=1&resize=350%2C200","width":350,"height":200,"srcset":"https:\/\/i0.wp.com\/kalot.com.mx\/site\/wp-content\/uploads\/2013\/09\/vine.png?fit=650%2C366&ssl=1&resize=350%2C200 1x, https:\/\/i0.wp.com\/kalot.com.mx\/site\/wp-content\/uploads\/2013\/09\/vine.png?fit=650%2C366&ssl=1&resize=525%2C300 1.5x"},"classes":[]},{"id":10617,"url":"https:\/\/kalot.com.mx\/site\/2014\/01\/29\/cuanto-tiempo-perdido-en-facebook-descubrelo-con-esta-aplicacion\/","url_meta":{"origin":10184,"position":5},"title":"\u00bfCuanto tiempo has perdido en Facebook? Descubrelo con esta aplicacion","author":"Samuel Arriaga","date":"29 enero, 2014","format":false,"excerpt":"Facebook celebrar\u00e1 su d\u00e9cimo aniversario la semana que viene. Creado por Mark Zuckerberg y unos amigos en un dormitorio, Facebook cobr\u00f3 vida el 04 de febrero de 2004. Esta red social se ha convertido en parte importante de nuestras vidas, a tal grado que pasamos horas y horas compartiendo con\u2026","rel":"","context":"Entrada similar ","block_context":{"text":"Entrada similar ","link":""},"img":{"alt_text":"","src":"https:\/\/i0.wp.com\/kalot.com.mx\/site\/wp-content\/uploads\/2014\/01\/facebook_1458999f.jpg?fit=636%2C442&ssl=1&resize=350%2C200","width":350,"height":200,"srcset":"https:\/\/i0.wp.com\/kalot.com.mx\/site\/wp-content\/uploads\/2014\/01\/facebook_1458999f.jpg?fit=636%2C442&ssl=1&resize=350%2C200 1x, https:\/\/i0.wp.com\/kalot.com.mx\/site\/wp-content\/uploads\/2014\/01\/facebook_1458999f.jpg?fit=636%2C442&ssl=1&resize=525%2C300 1.5x"},"classes":[]}],"jetpack_sharing_enabled":true,"_links":{"self":[{"href":"https:\/\/kalot.com.mx\/site\/wp-json\/wp\/v2\/posts\/10184","targetHints":{"allow":["GET"]}}],"collection":[{"href":"https:\/\/kalot.com.mx\/site\/wp-json\/wp\/v2\/posts"}],"about":[{"href":"https:\/\/kalot.com.mx\/site\/wp-json\/wp\/v2\/types\/post"}],"author":[{"embeddable":true,"href":"https:\/\/kalot.com.mx\/site\/wp-json\/wp\/v2\/users\/75"}],"replies":[{"embeddable":true,"href":"https:\/\/kalot.com.mx\/site\/wp-json\/wp\/v2\/comments?post=10184"}],"version-history":[{"count":1,"href":"https:\/\/kalot.com.mx\/site\/wp-json\/wp\/v2\/posts\/10184\/revisions"}],"predecessor-version":[{"id":29018,"href":"https:\/\/kalot.com.mx\/site\/wp-json\/wp\/v2\/posts\/10184\/revisions\/29018"}],"wp:featuredmedia":[{"embeddable":true,"href":"https:\/\/kalot.com.mx\/site\/wp-json\/wp\/v2\/media\/10195"}],"wp:attachment":[{"href":"https:\/\/kalot.com.mx\/site\/wp-json\/wp\/v2\/media?parent=10184"}],"wp:term":[{"taxonomy":"category","embeddable":true,"href":"https:\/\/kalot.com.mx\/site\/wp-json\/wp\/v2\/categories?post=10184"},{"taxonomy":"post_tag","embeddable":true,"href":"https:\/\/kalot.com.mx\/site\/wp-json\/wp\/v2\/tags?post=10184"}],"curies":[{"name":"wp","href":"https:\/\/api.w.org\/{rel}","templated":true}]}}