{"id":1016,"date":"2013-09-08T11:56:25","date_gmt":"2013-09-08T16:56:25","guid":{"rendered":"http:\/\/www.kalot.com.mx\/?p=1016"},"modified":"2013-09-08T13:21:37","modified_gmt":"2013-09-08T18:21:37","slug":"el-limite-de-las-redes-sociales-el-caso-de-grimaldo-y-meofendocomolamaestradelcbtis","status":"publish","type":"post","link":"https:\/\/kalot.com.mx\/site\/2013\/09\/08\/el-limite-de-las-redes-sociales-el-caso-de-grimaldo-y-meofendocomolamaestradelcbtis\/","title":{"rendered":"\u00bfEl l\u00edmite de las redes sociales? El caso de Grimaldo y #MeOfendoComoLaMaestraDelCBTis"},"content":{"rendered":"<p>\u00bfY t\u00fa qu\u00e9 haces en tus redes sociales?<\/p>\n<p>Con \u00e9sta pregunta me gustar\u00eda abrir el art\u00edculo para presentarles el caso que tiene varias horas como Trend Topic en Twitter con el hashtag mencionado en el titulo del post, <strong>#MeOfendoComoLaMaestraDelCBTis.<\/strong><\/p>\n<p>Sin m\u00e1s pre\u00e1mbulos les presento el video por el cual ha empezado a oleada de comentarios, burlas y sentimientos encontrados en las diferentes redes sociales acerca del mencionado evento.<\/p>\n<p><span class=\"embed-youtube\" style=\"text-align:center; display: block;\"><iframe class=\"youtube-player\" width=\"1200\" height=\"675\" src=\"https:\/\/www.youtube.com\/embed\/FGDAJg1Jrfw?version=3&#038;rel=1&#038;showsearch=0&#038;showinfo=1&#038;iv_load_policy=1&#038;fs=1&#038;hl=es-MX&#038;autohide=2&#038;wmode=transparent\" allowfullscreen=\"true\" style=\"border:0;\" sandbox=\"allow-scripts allow-same-origin allow-popups allow-presentation allow-popups-to-escape-sandbox\"><\/iframe><\/span><\/p>\n<p>Ahora, pasemos al an\u00e1lisis del evento. Una maestra, al parecer de un CbTis, exhibi\u00f3 a sus alumnos despu\u00e9s de \u00e9stos publicaran en Twitter unos comentarios acerca de la maestra, sus clases, critic\u00e1ndola e incluso ofendi\u00e9ndola. Llam\u00e1ndola perra, puta y otros adjetivos algo fuertes, la maestra decidi\u00f3 tomar justicia por mano propia, pidi\u00e9ndole a algunos de sus alumnos que grabaran una clase donde se sucitar\u00eda la exposici\u00f3n de los alumnos y su acci\u00f3n en la mencionada red.<\/p>\n<p>Primero la maestra comienza con pedirle a la alumna que lea ciertas lecturas donde hablaba de lo que se puede hacer en acciones legales contra las acciones que se realizan d\u00eda a d\u00eda en Twitter y Facebook con consecuencias que afectan directamente a personas p\u00fablicas y no p\u00fablicas. Esto pas\u00f3 de ser un medio para criticar a las personas de ciertas &#8220;esferas&#8221; a convertirse en un medio para molestar a todos los usuarios que se puedan encontrar en su camino.<\/p>\n<p>Por lo tanto, a \u00e9stos alumnos se les hizo f\u00e1cil escribir comentarios acerca de la maestra y publicarlos en sus redes, sin tomar en cuenta que la maestra ten\u00eda una cuenta de Twitter tambi\u00e9n pudiendo leer lo que los alumnos dec\u00edan de ella.<\/p>\n<p>Al t\u00e9rmino de la lectura llega el momento de la exposici\u00f3n por parte de la maestra cuestionando a la alumna el por qu\u00e9 de sus acciones y &#8220;sugiriendo&#8221; que se disculpara ante las c\u00e1maras por lo que hab\u00eda hecho.<\/p>\n<p>No obstante de las acciones de la alumna, la maestra evidenci\u00f3 al famoso <strong>GRIMALDO<\/strong>, alumno tambi\u00e9n de la maestra pregunt\u00e1ndole por qu\u00e9 compart\u00eda lo que la estudiante hab\u00eda publicado. Los alumnos al parecer no esperaban \u00e9sta respuesta de la maestra ya que al parecer y de acuerdo con el video, la maestra piensa tomar acciones legales en contra de los involucrados. Sabemos que en M\u00e9xico ya esta legalizado y penalizado los delitos virtuales o a trav\u00e9s de medios digitales.<\/p>\n<p>Hay ciertas acciones que considero se han convertido parte de un &#8220;libertinaje&#8221; social, muchas veces encontramos comentarios en diferentes redes y con el \u00fanico argumento de &#8220;Somos Mexicanos, as\u00ed somos es nuestro humor&#8221;.<\/p>\n<p>La cuesti\u00f3n es, \u00bfhasta d\u00f3nde termina nuestro derecho de expresarnos? \u00bfQu\u00e9 tiene que suceder para que se tomen acciones legales con las personas involucradas?<\/p>\n<p>En lo personal, considero que deben de existir ciertas limitantes en los comportamientos que tenemos en cualquier medio, somos libres de expresarnos como deseemos pero como bien lo dijo el buen Benito Ju\u00e1rez:<\/p>\n<blockquote><p>El respeto al derecho ajeno es la paz<\/p><\/blockquote>\n<p>Debemos de tener la habilidad de controlar los impactos y alcances que tienen nuestras interacciones en redes sociales, a nadie le molesta lo que t\u00fa haces o dices, siempre y cuando no se involucren con la integridad de otra persona; o por lo menos no sin su autorizaci\u00f3n.<\/p>\n<p>Coincido con la maestra, la mayor\u00eda de las veces son acciones COBARDES de parte de qui\u00e9nes lo realizan, pero desafortunadamente somos un pa\u00eds donde todo se acepta, todo est\u00e1 bien visto y nos quejamos y reclamamos de muchas otras cosas sin pensar primero en arreglar las relaciones sociales que tenemos entre mexicanos.<\/p>\n<p>Hay una frase que desde que era un chamaco me dec\u00edan mucho en la escuela y dice as\u00ed:<\/p>\n<blockquote><p>Tu libertad termina donde comienza la libertad el otro<\/p><\/blockquote>\n<p><strong>\u00bfQu\u00e9 publicas t\u00fa en tus redes sociales?<\/strong><\/p>\n<p><strong>\u00bfConsideras exagerada la reacci\u00f3n de la maestra del CbTis?<\/strong><\/p>\n<p><strong>\u00bfQu\u00e9 hubieras hecho t\u00fa en su posici\u00f3n?<\/strong><\/p>\n<p><strong>Gracias por seguir leyendo nuestra p\u00e1gina y esperamos tus comentarios<\/strong><\/p>\n<p><strong>&#8220;Live long and prosper&#8221;<\/strong><\/p>\n<p>S\u00edgueme en twitter <a class=\"twitter-follow-button\" href=\"https:\/\/twitter.com\/jorge_erana\" data-show-count=\"false\" data-lang=\"es\">Seguir a @jorge_erana<\/a><br \/>\n<script type=\"text\/javascript\">\/\/ <![CDATA[\n!function(d,s,id){var js,fjs=d.getElementsByTagName(s)[0],p=\/^http:\/.test(d.location)?'http':'https';if(!d.getElementById(id)){js=d.createElement(s);js.id=id;js.src=p+':\/\/platform.twitter.com\/widgets.js';fjs.parentNode.insertBefore(js,fjs);}}(document, 'script', 'twitter-wjs');\n\/\/ ]]><\/script><\/p>\n","protected":false},"excerpt":{"rendered":"\u00bfY t\u00fa qu\u00e9 haces en tus redes sociales? Con \u00e9sta pregunta me gustar\u00eda abrir el art\u00edculo para presentarles&hellip;\n","protected":false},"author":1,"featured_media":1024,"comment_status":"open","ping_status":"open","sticky":false,"template":"","format":"standard","meta":{"jetpack_post_was_ever_published":false,"_jetpack_newsletter_access":"","_jetpack_dont_email_post_to_subs":false,"_jetpack_newsletter_tier_id":0,"_jetpack_memberships_contains_paywalled_content":false,"_jetpack_memberships_contains_paid_content":false,"footnotes":"","jetpack_publicize_message":"","jetpack_publicize_feature_enabled":true,"jetpack_social_post_already_shared":true,"jetpack_social_options":{"image_generator_settings":{"template":"highway","default_image_id":0,"font":"","enabled":false},"version":2}},"categories":[],"tags":[],"class_list":{"0":"post-1016","1":"post","2":"type-post","3":"status-publish","4":"format-standard","5":"has-post-thumbnail","7":"cs-entry","8":"cs-video-wrap"},"yoast_head":"<!-- This site is optimized with the Yoast SEO plugin v27.4 - https:\/\/yoast.com\/product\/yoast-seo-wordpress\/ -->\n<title>\u00bfEl l\u00edmite de las redes sociales? El caso de Grimaldo y #MeOfendoComoLaMaestraDelCBTis - Kalot<\/title>\n<meta name=\"description\" content=\"\u00bfY t\u00fa qu\u00e9 haces en tus redes sociales? Con \u00e9sta pregunta me gustar\u00eda abrir el art\u00edculo para presentarles el caso que tiene varias horas como Trend Topic\" \/>\n<meta name=\"robots\" content=\"index, follow, max-snippet:-1, max-image-preview:large, max-video-preview:-1\" \/>\n<link rel=\"canonical\" href=\"https:\/\/kalot.com.mx\/site\/2013\/09\/08\/el-limite-de-las-redes-sociales-el-caso-de-grimaldo-y-meofendocomolamaestradelcbtis\/\" \/>\n<meta property=\"og:locale\" content=\"es_MX\" \/>\n<meta property=\"og:type\" content=\"article\" \/>\n<meta property=\"og:title\" content=\"\u00bfEl l\u00edmite de las redes sociales? El caso de Grimaldo y #MeOfendoComoLaMaestraDelCBTis - Kalot\" \/>\n<meta property=\"og:description\" content=\"\u00bfY t\u00fa qu\u00e9 haces en tus redes sociales? Con \u00e9sta pregunta me gustar\u00eda abrir el art\u00edculo para presentarles el caso que tiene varias horas como Trend Topic\" \/>\n<meta property=\"og:url\" content=\"https:\/\/kalot.com.mx\/site\/2013\/09\/08\/el-limite-de-las-redes-sociales-el-caso-de-grimaldo-y-meofendocomolamaestradelcbtis\/\" \/>\n<meta property=\"og:site_name\" content=\"Kalot\" \/>\n<meta property=\"article:publisher\" content=\"http:\/\/facebook.com\/mxkalot\" \/>\n<meta property=\"article:author\" content=\"http:\/\/www.facebook.com\/jorgeerana\" \/>\n<meta property=\"article:published_time\" content=\"2013-09-08T16:56:25+00:00\" \/>\n<meta property=\"article:modified_time\" content=\"2013-09-08T18:21:37+00:00\" \/>\n<meta property=\"og:image\" content=\"https:\/\/i2.wp.com\/kalot.com.mx\/site\/wp-content\/uploads\/2013\/09\/Cyber-bullying.jpg?fit=470%2C310&ssl=1\" \/>\n\t<meta property=\"og:image:width\" content=\"470\" \/>\n\t<meta property=\"og:image:height\" content=\"310\" \/>\n\t<meta property=\"og:image:type\" content=\"image\/jpeg\" \/>\n<meta name=\"author\" content=\"Jorge Era\u00f1a\" \/>\n<meta name=\"twitter:card\" content=\"summary_large_image\" \/>\n<meta name=\"twitter:creator\" content=\"@jorge_erana\" \/>\n<meta name=\"twitter:site\" content=\"@kalotmx\" \/>\n<meta name=\"twitter:label1\" content=\"Escrito por\" \/>\n\t<meta name=\"twitter:data1\" content=\"Jorge Era\u00f1a\" \/>\n\t<meta name=\"twitter:label2\" content=\"Tiempo de lectura\" \/>\n\t<meta name=\"twitter:data2\" content=\"4 minutos\" \/>\n<!-- \/ Yoast SEO plugin. -->","yoast_head_json":{"title":"\u00bfEl l\u00edmite de las redes sociales? El caso de Grimaldo y #MeOfendoComoLaMaestraDelCBTis - Kalot","description":"\u00bfY t\u00fa qu\u00e9 haces en tus redes sociales? Con \u00e9sta pregunta me gustar\u00eda abrir el art\u00edculo para presentarles el caso que tiene varias horas como Trend Topic","robots":{"index":"index","follow":"follow","max-snippet":"max-snippet:-1","max-image-preview":"max-image-preview:large","max-video-preview":"max-video-preview:-1"},"canonical":"https:\/\/kalot.com.mx\/site\/2013\/09\/08\/el-limite-de-las-redes-sociales-el-caso-de-grimaldo-y-meofendocomolamaestradelcbtis\/","og_locale":"es_MX","og_type":"article","og_title":"\u00bfEl l\u00edmite de las redes sociales? El caso de Grimaldo y #MeOfendoComoLaMaestraDelCBTis - Kalot","og_description":"\u00bfY t\u00fa qu\u00e9 haces en tus redes sociales? Con \u00e9sta pregunta me gustar\u00eda abrir el art\u00edculo para presentarles el caso que tiene varias horas como Trend Topic","og_url":"https:\/\/kalot.com.mx\/site\/2013\/09\/08\/el-limite-de-las-redes-sociales-el-caso-de-grimaldo-y-meofendocomolamaestradelcbtis\/","og_site_name":"Kalot","article_publisher":"http:\/\/facebook.com\/mxkalot","article_author":"http:\/\/www.facebook.com\/jorgeerana","article_published_time":"2013-09-08T16:56:25+00:00","article_modified_time":"2013-09-08T18:21:37+00:00","og_image":[{"width":470,"height":310,"url":"https:\/\/i2.wp.com\/kalot.com.mx\/site\/wp-content\/uploads\/2013\/09\/Cyber-bullying.jpg?fit=470%2C310&ssl=1","type":"image\/jpeg"}],"author":"Jorge Era\u00f1a","twitter_card":"summary_large_image","twitter_creator":"@jorge_erana","twitter_site":"@kalotmx","twitter_misc":{"Escrito por":"Jorge Era\u00f1a","Tiempo de lectura":"4 minutos"},"schema":{"@context":"https:\/\/schema.org","@graph":[{"@type":"Article","@id":"https:\/\/kalot.com.mx\/site\/2013\/09\/08\/el-limite-de-las-redes-sociales-el-caso-de-grimaldo-y-meofendocomolamaestradelcbtis\/#article","isPartOf":{"@id":"https:\/\/kalot.com.mx\/site\/2013\/09\/08\/el-limite-de-las-redes-sociales-el-caso-de-grimaldo-y-meofendocomolamaestradelcbtis\/"},"author":{"name":"Jorge Era\u00f1a","@id":"https:\/\/kalot.com.mx\/site\/#\/schema\/person\/439e32b5ce86d9bc80cf42ab58e1c6e0"},"headline":"\u00bfEl l\u00edmite de las redes sociales? El caso de Grimaldo y #MeOfendoComoLaMaestraDelCBTis","datePublished":"2013-09-08T16:56:25+00:00","dateModified":"2013-09-08T18:21:37+00:00","mainEntityOfPage":{"@id":"https:\/\/kalot.com.mx\/site\/2013\/09\/08\/el-limite-de-las-redes-sociales-el-caso-de-grimaldo-y-meofendocomolamaestradelcbtis\/"},"wordCount":718,"commentCount":3,"publisher":{"@id":"https:\/\/kalot.com.mx\/site\/#organization"},"image":{"@id":"https:\/\/kalot.com.mx\/site\/2013\/09\/08\/el-limite-de-las-redes-sociales-el-caso-de-grimaldo-y-meofendocomolamaestradelcbtis\/#primaryimage"},"thumbnailUrl":"https:\/\/i0.wp.com\/kalot.com.mx\/site\/wp-content\/uploads\/2013\/09\/Cyber-bullying.jpg?fit=470%2C310&ssl=1","inLanguage":"es","potentialAction":[{"@type":"CommentAction","name":"Comment","target":["https:\/\/kalot.com.mx\/site\/2013\/09\/08\/el-limite-de-las-redes-sociales-el-caso-de-grimaldo-y-meofendocomolamaestradelcbtis\/#respond"]}]},{"@type":"WebPage","@id":"https:\/\/kalot.com.mx\/site\/2013\/09\/08\/el-limite-de-las-redes-sociales-el-caso-de-grimaldo-y-meofendocomolamaestradelcbtis\/","url":"https:\/\/kalot.com.mx\/site\/2013\/09\/08\/el-limite-de-las-redes-sociales-el-caso-de-grimaldo-y-meofendocomolamaestradelcbtis\/","name":"\u00bfEl l\u00edmite de las redes sociales? El caso de Grimaldo y #MeOfendoComoLaMaestraDelCBTis - Kalot","isPartOf":{"@id":"https:\/\/kalot.com.mx\/site\/#website"},"primaryImageOfPage":{"@id":"https:\/\/kalot.com.mx\/site\/2013\/09\/08\/el-limite-de-las-redes-sociales-el-caso-de-grimaldo-y-meofendocomolamaestradelcbtis\/#primaryimage"},"image":{"@id":"https:\/\/kalot.com.mx\/site\/2013\/09\/08\/el-limite-de-las-redes-sociales-el-caso-de-grimaldo-y-meofendocomolamaestradelcbtis\/#primaryimage"},"thumbnailUrl":"https:\/\/i0.wp.com\/kalot.com.mx\/site\/wp-content\/uploads\/2013\/09\/Cyber-bullying.jpg?fit=470%2C310&ssl=1","datePublished":"2013-09-08T16:56:25+00:00","dateModified":"2013-09-08T18:21:37+00:00","description":"\u00bfY t\u00fa qu\u00e9 haces en tus redes sociales? Con \u00e9sta pregunta me gustar\u00eda abrir el art\u00edculo para presentarles el caso que tiene varias horas como Trend Topic","breadcrumb":{"@id":"https:\/\/kalot.com.mx\/site\/2013\/09\/08\/el-limite-de-las-redes-sociales-el-caso-de-grimaldo-y-meofendocomolamaestradelcbtis\/#breadcrumb"},"inLanguage":"es","potentialAction":[{"@type":"ReadAction","target":["https:\/\/kalot.com.mx\/site\/2013\/09\/08\/el-limite-de-las-redes-sociales-el-caso-de-grimaldo-y-meofendocomolamaestradelcbtis\/"]}]},{"@type":"ImageObject","inLanguage":"es","@id":"https:\/\/kalot.com.mx\/site\/2013\/09\/08\/el-limite-de-las-redes-sociales-el-caso-de-grimaldo-y-meofendocomolamaestradelcbtis\/#primaryimage","url":"https:\/\/i0.wp.com\/kalot.com.mx\/site\/wp-content\/uploads\/2013\/09\/Cyber-bullying.jpg?fit=470%2C310&ssl=1","contentUrl":"https:\/\/i0.wp.com\/kalot.com.mx\/site\/wp-content\/uploads\/2013\/09\/Cyber-bullying.jpg?fit=470%2C310&ssl=1","width":470,"height":310},{"@type":"BreadcrumbList","@id":"https:\/\/kalot.com.mx\/site\/2013\/09\/08\/el-limite-de-las-redes-sociales-el-caso-de-grimaldo-y-meofendocomolamaestradelcbtis\/#breadcrumb","itemListElement":[{"@type":"ListItem","position":1,"name":"Home","item":"https:\/\/kalot.com.mx\/site\/"},{"@type":"ListItem","position":2,"name":"\u00bfEl l\u00edmite de las redes sociales? El caso de Grimaldo y #MeOfendoComoLaMaestraDelCBTis"}]},{"@type":"WebSite","@id":"https:\/\/kalot.com.mx\/site\/#website","url":"https:\/\/kalot.com.mx\/site\/","name":"Kalot","description":"Conoce Todo Sobre Todo","publisher":{"@id":"https:\/\/kalot.com.mx\/site\/#organization"},"potentialAction":[{"@type":"SearchAction","target":{"@type":"EntryPoint","urlTemplate":"https:\/\/kalot.com.mx\/site\/?s={search_term_string}"},"query-input":{"@type":"PropertyValueSpecification","valueRequired":true,"valueName":"search_term_string"}}],"inLanguage":"es"},{"@type":"Organization","@id":"https:\/\/kalot.com.mx\/site\/#organization","name":"Kalot","url":"https:\/\/kalot.com.mx\/site\/","logo":{"@type":"ImageObject","inLanguage":"es","@id":"https:\/\/kalot.com.mx\/site\/#\/schema\/logo\/image\/","url":"https:\/\/i0.wp.com\/kalot.com.mx\/site\/wp-content\/uploads\/2020\/04\/Kalot-logo-sin-tagline.png?fit=1707%2C1014&ssl=1","contentUrl":"https:\/\/i0.wp.com\/kalot.com.mx\/site\/wp-content\/uploads\/2020\/04\/Kalot-logo-sin-tagline.png?fit=1707%2C1014&ssl=1","width":1707,"height":1014,"caption":"Kalot"},"image":{"@id":"https:\/\/kalot.com.mx\/site\/#\/schema\/logo\/image\/"},"sameAs":["http:\/\/facebook.com\/mxkalot","https:\/\/x.com\/kalotmx","http:\/\/instagram.com\/kalotmx","http:\/\/pinterest.com\/jorgeerana\/kalot"]},{"@type":"Person","@id":"https:\/\/kalot.com.mx\/site\/#\/schema\/person\/439e32b5ce86d9bc80cf42ab58e1c6e0","name":"Jorge Era\u00f1a","image":{"@type":"ImageObject","inLanguage":"es","@id":"https:\/\/secure.gravatar.com\/avatar\/212c04a1057d7abed0b82aaef6a7ff59168e10f70fcde39376c565ea83c43a85?s=96&d=mm&r=g","url":"https:\/\/secure.gravatar.com\/avatar\/212c04a1057d7abed0b82aaef6a7ff59168e10f70fcde39376c565ea83c43a85?s=96&d=mm&r=g","contentUrl":"https:\/\/secure.gravatar.com\/avatar\/212c04a1057d7abed0b82aaef6a7ff59168e10f70fcde39376c565ea83c43a85?s=96&d=mm&r=g","caption":"Jorge Era\u00f1a"},"description":"Fundador de @KalotMx Mercad\u00f3logo, amante de la tecnolog\u00eda, #Geekazo, #socialmedia, #MarketingDigital, tv-shows, movies y de la vida. Admin","sameAs":["http:\/\/www.kalot.com.mx","http:\/\/www.facebook.com\/jorgeerana","https:\/\/x.com\/jorge_erana"],"url":"https:\/\/kalot.com.mx\/site\/author\/admin\/"}]}},"jetpack_publicize_connections":[],"jetpack_featured_media_url":"https:\/\/i0.wp.com\/kalot.com.mx\/site\/wp-content\/uploads\/2013\/09\/Cyber-bullying.jpg?fit=470%2C310&ssl=1","jetpack_shortlink":"https:\/\/wp.me\/p6IHEI-go","jetpack-related-posts":[{"id":121,"url":"https:\/\/kalot.com.mx\/site\/2013\/09\/01\/krispy-kreme-de-que-lado-estas-tu-evento-inauguracion-plaza-citadella\/","url_meta":{"origin":1016,"position":0},"title":"Krispy Kreme, \u00bfDe qu\u00e9 lado est\u00e1s t\u00fa? Evento Inauguraci\u00f3n Plaza Citadella","author":"Jorge Era\u00f1a","date":"1 septiembre, 2013","format":false,"excerpt":"Krispy Kreme, el tema de controversia en SLP en las \u00faltimas semanas. Como ya sabr\u00e1n Krispy Kreme es una cadena americana de d\u00f3nuts y caf\u00e9, con sede en Winston-Salem, Carolina del Norte (Estados Unidos). El grupo se fund\u00f3 en 1937, y adem\u00e1s de contar con restaurantes en la mayor parte\u2026","rel":"","context":"Con 11 comentarios","block_context":{"text":"Con 11 comentarios","link":"https:\/\/kalot.com.mx\/site\/2013\/09\/01\/krispy-kreme-de-que-lado-estas-tu-evento-inauguracion-plaza-citadella\/#comments"},"img":{"alt_text":"","src":"https:\/\/i0.wp.com\/kalot.com.mx\/site\/wp-content\/uploads\/2013\/08\/20130831-180815.jpg?fit=1200%2C1200&ssl=1&resize=350%2C200","width":350,"height":200,"srcset":"https:\/\/i0.wp.com\/kalot.com.mx\/site\/wp-content\/uploads\/2013\/08\/20130831-180815.jpg?fit=1200%2C1200&ssl=1&resize=350%2C200 1x, https:\/\/i0.wp.com\/kalot.com.mx\/site\/wp-content\/uploads\/2013\/08\/20130831-180815.jpg?fit=1200%2C1200&ssl=1&resize=525%2C300 1.5x, https:\/\/i0.wp.com\/kalot.com.mx\/site\/wp-content\/uploads\/2013\/08\/20130831-180815.jpg?fit=1200%2C1200&ssl=1&resize=700%2C400 2x, https:\/\/i0.wp.com\/kalot.com.mx\/site\/wp-content\/uploads\/2013\/08\/20130831-180815.jpg?fit=1200%2C1200&ssl=1&resize=1050%2C600 3x"},"classes":[]},{"id":5407,"url":"https:\/\/kalot.com.mx\/site\/2013\/11\/01\/libro-la-economia-de-la-gratitud-de-garyvee\/","url_meta":{"origin":1016,"position":1},"title":"Libro: La Econom\u00eda de la Gratitud de @garyvee","author":"Ceci Cuevas","date":"1 noviembre, 2013","format":false,"excerpt":"por Ceci Cuevas. Hoy te recomiendo este libro, uno de mis favoritos. La Econom\u00eda de la Gratitud de Gary Vaynerchuk @garyvee Si te gustan las redes sociales y est\u00e1s convencido como yo de que \u00e9stas son el nuevo servicio al cliente de las empresas (medianas, grandes o nuevas) tienes que\u2026","rel":"","context":"Con 1 comentario","block_context":{"text":"Con 1 comentario","link":"https:\/\/kalot.com.mx\/site\/2013\/11\/01\/libro-la-economia-de-la-gratitud-de-garyvee\/#comments"},"img":{"alt_text":"","src":"https:\/\/i0.wp.com\/kalot.com.mx\/site\/wp-content\/uploads\/2013\/11\/kalot1-e1383289833589.jpg?fit=570%2C562&ssl=1&resize=350%2C200","width":350,"height":200,"srcset":"https:\/\/i0.wp.com\/kalot.com.mx\/site\/wp-content\/uploads\/2013\/11\/kalot1-e1383289833589.jpg?fit=570%2C562&ssl=1&resize=350%2C200 1x, https:\/\/i0.wp.com\/kalot.com.mx\/site\/wp-content\/uploads\/2013\/11\/kalot1-e1383289833589.jpg?fit=570%2C562&ssl=1&resize=525%2C300 1.5x"},"classes":[]},{"id":20720,"url":"https:\/\/kalot.com.mx\/site\/2015\/03\/11\/ballet-folklorico-de-mexico-boletos-gratis\/","url_meta":{"origin":1016,"position":2},"title":"Ballet Folkl\u00f3rico de M\u00e9xico (+ Boletos Gratis)","author":"David S\u00e1nchez","date":"11 marzo, 2015","format":false,"excerpt":"Premiada y reconocida mundialmente, el Ballet Folkl\u00f3rico de M\u00e9xico es una compa\u00f1\u00eda con m\u00e1s de seis d\u00e9cadas de experiencia y tradici\u00f3n, que ha contagiando en mas de 300 ciudades alrededor del mundo, la fascinante esencia de la cultura mexicana a trav\u00e9s de la danza. Y por fin, este viernes 13\u2026","rel":"","context":"Entrada similar ","block_context":{"text":"Entrada similar ","link":""},"img":{"alt_text":"","src":"https:\/\/i0.wp.com\/kalot.com.mx\/site\/wp-content\/uploads\/2015\/03\/1382918_802367826483275_839509260740856595_n.jpg?fit=720%2C540&ssl=1&resize=350%2C200","width":350,"height":200,"srcset":"https:\/\/i0.wp.com\/kalot.com.mx\/site\/wp-content\/uploads\/2015\/03\/1382918_802367826483275_839509260740856595_n.jpg?fit=720%2C540&ssl=1&resize=350%2C200 1x, https:\/\/i0.wp.com\/kalot.com.mx\/site\/wp-content\/uploads\/2015\/03\/1382918_802367826483275_839509260740856595_n.jpg?fit=720%2C540&ssl=1&resize=525%2C300 1.5x, https:\/\/i0.wp.com\/kalot.com.mx\/site\/wp-content\/uploads\/2015\/03\/1382918_802367826483275_839509260740856595_n.jpg?fit=720%2C540&ssl=1&resize=700%2C400 2x"},"classes":[]},{"id":16222,"url":"https:\/\/kalot.com.mx\/site\/2014\/05\/21\/facebook-agrega-nueva-funcion-similar-a-shazam\/","url_meta":{"origin":1016,"position":3},"title":"Facebook agrega nueva funci\u00f3n similar a Shazam para saber qu\u00e9 est\u00e1s escuchando o viendo","author":"Jorge Era\u00f1a","date":"21 mayo, 2014","format":false,"excerpt":"Una de las tendencias m\u00e1s importantes en cuanto a redes sociales es saber qui\u00e9n est\u00e1 ganando terreno al interactuar con el modo offline de sus usuarios, es decir, lo que realizan cuando no est\u00e1n conectados a sus redes sociales. La lucha por saber qui\u00e9nes usan sus redes sociales al ver\u2026","rel":"","context":"Entrada similar ","block_context":{"text":"Entrada similar ","link":""},"img":{"alt_text":"","src":"https:\/\/i0.wp.com\/kalot.com.mx\/site\/wp-content\/uploads\/2014\/05\/facebook-identify-tv-and-music.png?fit=738%2C757&ssl=1&resize=350%2C200","width":350,"height":200,"srcset":"https:\/\/i0.wp.com\/kalot.com.mx\/site\/wp-content\/uploads\/2014\/05\/facebook-identify-tv-and-music.png?fit=738%2C757&ssl=1&resize=350%2C200 1x, https:\/\/i0.wp.com\/kalot.com.mx\/site\/wp-content\/uploads\/2014\/05\/facebook-identify-tv-and-music.png?fit=738%2C757&ssl=1&resize=525%2C300 1.5x, https:\/\/i0.wp.com\/kalot.com.mx\/site\/wp-content\/uploads\/2014\/05\/facebook-identify-tv-and-music.png?fit=738%2C757&ssl=1&resize=700%2C400 2x"},"classes":[]},{"id":5834,"url":"https:\/\/kalot.com.mx\/site\/2013\/11\/06\/haz-un-plan-de-social-media-facil-y-practico\/","url_meta":{"origin":1016,"position":4},"title":"\u00a1Haz un plan de social media f\u00e1cil y pr\u00e1ctico! por @tania_aguirre","author":"Tania Aguirre","date":"6 noviembre, 2013","format":false,"excerpt":"La planeaci\u00f3n es un eje clave para el \u00e9xito en cualquier contexto y las redes sociales no son la excepci\u00f3n. Hoy en d\u00eda muchas personas quieren dedicarse al Social Media Management (Manejo de la identidad de la empresa en las redes sociales) \u00a0y lamentablemente no realizan una planeaci\u00f3n oportuna.Si pagaras\u2026","rel":"","context":"Entrada similar ","block_context":{"text":"Entrada similar ","link":""},"img":{"alt_text":"","src":"https:\/\/i0.wp.com\/kalot.com.mx\/site\/wp-content\/uploads\/2013\/11\/content-marketing-guide.jpg?fit=500%2C470&ssl=1&resize=350%2C200","width":350,"height":200},"classes":[]},{"id":6095,"url":"https:\/\/kalot.com.mx\/site\/2013\/11\/09\/manten-tus-redes-sociales-actualizadas-con-twitterfeed-socialmedia\/","url_meta":{"origin":1016,"position":5},"title":"Mant\u00e9n tus redes sociales actualizadas con TwitterFeed #SocialMedia","author":"Karenina Gonzalez","date":"9 noviembre, 2013","format":false,"excerpt":"Generalmente tenemos m\u00faltiples ocupaciones, y mantener actualizado nuestros perfiles en redes sociales, con art\u00edculos de inter\u00e9s para nuestra comunidad, suele ser un poco complicado. Ya que no contamos con el tiempo suficiente para estar buscando nuevos art\u00edculos publicados, o estar navegando en los blogs para encontrar un buen post que\u2026","rel":"","context":"En &quot;Sin categor\u00eda&quot;","block_context":{"text":"Sin categor\u00eda","link":"https:\/\/kalot.com.mx\/site\/category\/sin-categoria\/"},"img":{"alt_text":"","src":"https:\/\/i0.wp.com\/kalot.com.mx\/site\/wp-content\/uploads\/2013\/11\/TwiterFeed-Logo.jpg?fit=566%2C522&ssl=1&resize=350%2C200","width":350,"height":200,"srcset":"https:\/\/i0.wp.com\/kalot.com.mx\/site\/wp-content\/uploads\/2013\/11\/TwiterFeed-Logo.jpg?fit=566%2C522&ssl=1&resize=350%2C200 1x, https:\/\/i0.wp.com\/kalot.com.mx\/site\/wp-content\/uploads\/2013\/11\/TwiterFeed-Logo.jpg?fit=566%2C522&ssl=1&resize=525%2C300 1.5x"},"classes":[]}],"jetpack_sharing_enabled":true,"_links":{"self":[{"href":"https:\/\/kalot.com.mx\/site\/wp-json\/wp\/v2\/posts\/1016","targetHints":{"allow":["GET"]}}],"collection":[{"href":"https:\/\/kalot.com.mx\/site\/wp-json\/wp\/v2\/posts"}],"about":[{"href":"https:\/\/kalot.com.mx\/site\/wp-json\/wp\/v2\/types\/post"}],"author":[{"embeddable":true,"href":"https:\/\/kalot.com.mx\/site\/wp-json\/wp\/v2\/users\/1"}],"replies":[{"embeddable":true,"href":"https:\/\/kalot.com.mx\/site\/wp-json\/wp\/v2\/comments?post=1016"}],"version-history":[{"count":0,"href":"https:\/\/kalot.com.mx\/site\/wp-json\/wp\/v2\/posts\/1016\/revisions"}],"wp:featuredmedia":[{"embeddable":true,"href":"https:\/\/kalot.com.mx\/site\/wp-json\/wp\/v2\/media\/1024"}],"wp:attachment":[{"href":"https:\/\/kalot.com.mx\/site\/wp-json\/wp\/v2\/media?parent=1016"}],"wp:term":[{"taxonomy":"category","embeddable":true,"href":"https:\/\/kalot.com.mx\/site\/wp-json\/wp\/v2\/categories?post=1016"},{"taxonomy":"post_tag","embeddable":true,"href":"https:\/\/kalot.com.mx\/site\/wp-json\/wp\/v2\/tags?post=1016"}],"curies":[{"name":"wp","href":"https:\/\/api.w.org\/{rel}","templated":true}]}}