{"id":10024,"date":"2014-01-24T00:25:21","date_gmt":"2014-01-24T06:25:21","guid":{"rendered":"http:\/\/www.kalot.com.mx\/?p=10024"},"modified":"2014-01-25T12:26:08","modified_gmt":"2014-01-25T18:26:08","slug":"top-75-de-las-mejores-fotografias-del-ano-pasado","status":"publish","type":"post","link":"https:\/\/kalot.com.mx\/site\/2014\/01\/24\/top-75-de-las-mejores-fotografias-del-ano-pasado\/","title":{"rendered":"Top 75 de las mejores fotograf\u00edas del a\u00f1o pasado"},"content":{"rendered":"<p>Les traigo una recopilaci\u00f3n hecha por artfido.com de las fotograf\u00edas m\u00e1s impactantes del 2013. Cr\u00e9ditos para los respectivos autores.<\/p>\n<p>\u00bfCu\u00e1les son sus favoritas?<\/p>\n<div class=\"tiled-gallery type-rectangular tiled-gallery-unresized\" data-original-width=\"1200\" data-carousel-extra='{&quot;blog_id&quot;:1,&quot;permalink&quot;:&quot;https:\\\/\\\/kalot.com.mx\\\/site\\\/2014\\\/01\\\/24\\\/top-75-de-las-mejores-fotografias-del-ano-pasado\\\/&quot;,&quot;likes_blog_id&quot;:99312264}' itemscope itemtype=\"http:\/\/schema.org\/ImageGallery\" > <div class=\"gallery-row\" style=\"width: 1200px; height: 512px;\" data-original-width=\"1200\" data-original-height=\"512\" > <div class=\"gallery-group images-1\" style=\"width: 767px; height: 512px;\" data-original-width=\"767\" data-original-height=\"512\" > <div class=\"tiled-gallery-item tiled-gallery-item-large\" itemprop=\"associatedMedia\" itemscope itemtype=\"http:\/\/schema.org\/ImageObject\"> <a href=\"https:\/\/kalot.com.mx\/site\/2014\/01\/24\/top-75-de-las-mejores-fotografias-del-ano-pasado\/75-cara-de-un-iceberg-antartica\/\" border=\"0\" itemprop=\"url\"> <meta itemprop=\"width\" content=\"763\"> <meta itemprop=\"height\" content=\"508\"> <img loading=\"lazy\" decoding=\"async\" class=\"\" data-attachment-id=\"10030\" data-orig-file=\"https:\/\/kalot.com.mx\/site\/wp-content\/uploads\/2014\/01\/75-Cara-de-un-iceberg-ant\u00e1rtica.jpg\" data-orig-size=\"800,533\" data-comments-opened=\"1\" data-image-meta=\"{&quot;aperture&quot;:&quot;0&quot;,&quot;credit&quot;:&quot;&quot;,&quot;camera&quot;:&quot;&quot;,&quot;caption&quot;:&quot;&quot;,&quot;created_timestamp&quot;:&quot;0&quot;,&quot;copyright&quot;:&quot;&quot;,&quot;focal_length&quot;:&quot;0&quot;,&quot;iso&quot;:&quot;0&quot;,&quot;shutter_speed&quot;:&quot;0&quot;,&quot;title&quot;:&quot;&quot;,&quot;orientation&quot;:&quot;0&quot;}\" data-image-title=\"75. LA CARA DE UN ICEBERG by strummingmusic on Reddit \" data-image-description=\"\" data-medium-file=\"https:\/\/i0.wp.com\/kalot.com.mx\/site\/wp-content\/uploads\/2014\/01\/75-Cara-de-un-iceberg-ant%C3%A1rtica.jpg?fit=300%2C200&#038;ssl=1\" data-large-file=\"https:\/\/i0.wp.com\/kalot.com.mx\/site\/wp-content\/uploads\/2014\/01\/75-Cara-de-un-iceberg-ant%C3%A1rtica.jpg?fit=800%2C533&#038;ssl=1\" src=\"https:\/\/i0.wp.com\/kalot.com.mx\/site\/wp-content\/uploads\/2014\/01\/75-Cara-de-un-iceberg-ant%C3%A1rtica.jpg?w=763&#038;h=508&#038;ssl=1\" width=\"763\" height=\"508\" loading=\"lazy\" data-original-width=\"763\" data-original-height=\"508\" itemprop=\"http:\/\/schema.org\/image\" title=\"75. LA CARA DE UN ICEBERG by strummingmusic on Reddit \" alt=\"75. LA CARA DE UN ICEBERG by strummingmusic on Reddit\" style=\"width: 763px; height: 508px;\" \/> <\/a> <\/div> <\/div> <!-- close group --> <div class=\"gallery-group images-2\" style=\"width: 433px; height: 512px;\" data-original-width=\"433\" data-original-height=\"512\" > <div class=\"tiled-gallery-item tiled-gallery-item-large\" itemprop=\"associatedMedia\" itemscope itemtype=\"http:\/\/schema.org\/ImageObject\"> <a href=\"https:\/\/kalot.com.mx\/site\/2014\/01\/24\/top-75-de-las-mejores-fotografias-del-ano-pasado\/74-distant-storm-cloud-seen-from-airplane-window\/\" border=\"0\" itemprop=\"url\"> <meta itemprop=\"width\" content=\"429\"> <meta itemprop=\"height\" content=\"286\"> <img loading=\"lazy\" decoding=\"async\" class=\"\" data-attachment-id=\"10029\" data-orig-file=\"https:\/\/kalot.com.mx\/site\/wp-content\/uploads\/2014\/01\/74-distant-storm-cloud-seen-from-airplane-window.jpg\" data-orig-size=\"800,533\" data-comments-opened=\"1\" data-image-meta=\"{&quot;aperture&quot;:&quot;0&quot;,&quot;credit&quot;:&quot;&quot;,&quot;camera&quot;:&quot;&quot;,&quot;caption&quot;:&quot;&quot;,&quot;created_timestamp&quot;:&quot;0&quot;,&quot;copyright&quot;:&quot;&quot;,&quot;focal_length&quot;:&quot;0&quot;,&quot;iso&quot;:&quot;0&quot;,&quot;shutter_speed&quot;:&quot;0&quot;,&quot;title&quot;:&quot;&quot;,&quot;orientation&quot;:&quot;0&quot;}\" data-image-title=\"74. VISTA A\u00c9REA DE UNA TORMENTA A LA DISTANCIA Photograph by HALEY LUNA\" data-image-description=\"\" data-medium-file=\"https:\/\/i0.wp.com\/kalot.com.mx\/site\/wp-content\/uploads\/2014\/01\/74-distant-storm-cloud-seen-from-airplane-window.jpg?fit=300%2C200&#038;ssl=1\" data-large-file=\"https:\/\/i0.wp.com\/kalot.com.mx\/site\/wp-content\/uploads\/2014\/01\/74-distant-storm-cloud-seen-from-airplane-window.jpg?fit=800%2C533&#038;ssl=1\" src=\"https:\/\/i0.wp.com\/kalot.com.mx\/site\/wp-content\/uploads\/2014\/01\/74-distant-storm-cloud-seen-from-airplane-window.jpg?w=429&#038;h=286&#038;ssl=1\" srcset=\"https:\/\/i0.wp.com\/kalot.com.mx\/site\/wp-content\/uploads\/2014\/01\/74-distant-storm-cloud-seen-from-airplane-window.jpg?w=800&amp;ssl=1 800w, https:\/\/i0.wp.com\/kalot.com.mx\/site\/wp-content\/uploads\/2014\/01\/74-distant-storm-cloud-seen-from-airplane-window.jpg?resize=768%2C512&amp;ssl=1 768w, https:\/\/i0.wp.com\/kalot.com.mx\/site\/wp-content\/uploads\/2014\/01\/74-distant-storm-cloud-seen-from-airplane-window.jpg?resize=380%2C253&amp;ssl=1 380w, https:\/\/i0.wp.com\/kalot.com.mx\/site\/wp-content\/uploads\/2014\/01\/74-distant-storm-cloud-seen-from-airplane-window.jpg?resize=300%2C200&amp;ssl=1 300w, https:\/\/i0.wp.com\/kalot.com.mx\/site\/wp-content\/uploads\/2014\/01\/74-distant-storm-cloud-seen-from-airplane-window.jpg?resize=450%2C300&amp;ssl=1 450w\" width=\"429\" height=\"286\" loading=\"lazy\" data-original-width=\"429\" data-original-height=\"286\" itemprop=\"http:\/\/schema.org\/image\" title=\"74. VISTA A\u00c9REA DE UNA TORMENTA A LA DISTANCIA Photograph by HALEY LUNA\" alt=\"74. VISTA A\u00c9REA DE UNA TORMENTA A LA DISTANCIA Photograph by HALEY LUNA\" style=\"width: 429px; height: 286px;\" \/> <\/a> <\/div> <div class=\"tiled-gallery-item tiled-gallery-item-large\" itemprop=\"associatedMedia\" itemscope itemtype=\"http:\/\/schema.org\/ImageObject\"> <a href=\"https:\/\/kalot.com.mx\/site\/2014\/01\/24\/top-75-de-las-mejores-fotografias-del-ano-pasado\/73-exploded-view-volkswagen-golf-mk2\/\" border=\"0\" itemprop=\"url\"> <meta itemprop=\"width\" content=\"429\"> <meta itemprop=\"height\" content=\"218\"> <img loading=\"lazy\" decoding=\"async\" class=\"\" data-attachment-id=\"10028\" data-orig-file=\"https:\/\/kalot.com.mx\/site\/wp-content\/uploads\/2014\/01\/73-exploded-view-volkswagen-golf-mk2.jpg\" data-orig-size=\"800,408\" data-comments-opened=\"1\" data-image-meta=\"{&quot;aperture&quot;:&quot;0&quot;,&quot;credit&quot;:&quot;&quot;,&quot;camera&quot;:&quot;&quot;,&quot;caption&quot;:&quot;&quot;,&quot;created_timestamp&quot;:&quot;0&quot;,&quot;copyright&quot;:&quot;&quot;,&quot;focal_length&quot;:&quot;0&quot;,&quot;iso&quot;:&quot;0&quot;,&quot;shutter_speed&quot;:&quot;0&quot;,&quot;title&quot;:&quot;&quot;,&quot;orientation&quot;:&quot;0&quot;}\" data-image-title=\"73. GOLF METICULOSAMENTE DESMANTELADO Photograph by HANS HANSEN\" data-image-description=\"\" data-medium-file=\"https:\/\/i0.wp.com\/kalot.com.mx\/site\/wp-content\/uploads\/2014\/01\/73-exploded-view-volkswagen-golf-mk2.jpg?fit=300%2C153&#038;ssl=1\" data-large-file=\"https:\/\/i0.wp.com\/kalot.com.mx\/site\/wp-content\/uploads\/2014\/01\/73-exploded-view-volkswagen-golf-mk2.jpg?fit=800%2C408&#038;ssl=1\" src=\"https:\/\/i0.wp.com\/kalot.com.mx\/site\/wp-content\/uploads\/2014\/01\/73-exploded-view-volkswagen-golf-mk2.jpg?w=429&#038;h=218&#038;ssl=1\" srcset=\"https:\/\/i0.wp.com\/kalot.com.mx\/site\/wp-content\/uploads\/2014\/01\/73-exploded-view-volkswagen-golf-mk2.jpg?w=800&amp;ssl=1 800w, https:\/\/i0.wp.com\/kalot.com.mx\/site\/wp-content\/uploads\/2014\/01\/73-exploded-view-volkswagen-golf-mk2.jpg?resize=768%2C392&amp;ssl=1 768w, https:\/\/i0.wp.com\/kalot.com.mx\/site\/wp-content\/uploads\/2014\/01\/73-exploded-view-volkswagen-golf-mk2.jpg?resize=380%2C194&amp;ssl=1 380w, https:\/\/i0.wp.com\/kalot.com.mx\/site\/wp-content\/uploads\/2014\/01\/73-exploded-view-volkswagen-golf-mk2.jpg?resize=300%2C153&amp;ssl=1 300w\" width=\"429\" height=\"218\" loading=\"lazy\" data-original-width=\"429\" data-original-height=\"218\" itemprop=\"http:\/\/schema.org\/image\" title=\"73. GOLF METICULOSAMENTE DESMANTELADO Photograph by HANS HANSEN\" alt=\"73. GOLF METICULOSAMENTE DESMANTELADO Photograph by HANS HANSEN\" style=\"width: 429px; height: 218px;\" \/> <\/a> <\/div> <\/div> <!-- close group --> <\/div> <!-- close row --> <div class=\"gallery-row\" style=\"width: 1200px; height: 271px;\" data-original-width=\"1200\" data-original-height=\"271\" > <div class=\"gallery-group images-1\" style=\"width: 360px; height: 271px;\" data-original-width=\"360\" data-original-height=\"271\" > <div class=\"tiled-gallery-item tiled-gallery-item-large\" itemprop=\"associatedMedia\" itemscope itemtype=\"http:\/\/schema.org\/ImageObject\"> <a href=\"https:\/\/kalot.com.mx\/site\/2014\/01\/24\/top-75-de-las-mejores-fotografias-del-ano-pasado\/72-roll-cloud-off-coast-of-brazil\/\" border=\"0\" itemprop=\"url\"> <meta itemprop=\"width\" content=\"356\"> <meta itemprop=\"height\" content=\"267\"> <img loading=\"lazy\" decoding=\"async\" class=\"\" data-attachment-id=\"10027\" data-orig-file=\"https:\/\/kalot.com.mx\/site\/wp-content\/uploads\/2014\/01\/72-roll-cloud-off-coast-of-brazil.jpg\" data-orig-size=\"800,600\" data-comments-opened=\"1\" data-image-meta=\"{&quot;aperture&quot;:&quot;0&quot;,&quot;credit&quot;:&quot;&quot;,&quot;camera&quot;:&quot;&quot;,&quot;caption&quot;:&quot;&quot;,&quot;created_timestamp&quot;:&quot;0&quot;,&quot;copyright&quot;:&quot;&quot;,&quot;focal_length&quot;:&quot;0&quot;,&quot;iso&quot;:&quot;0&quot;,&quot;shutter_speed&quot;:&quot;0&quot;,&quot;title&quot;:&quot;&quot;,&quot;orientation&quot;:&quot;0&quot;}\" data-image-title=\"72. ROLLO DE NUBE by Capt. Andreas M. van der Wurff via EPOD\" data-image-description=\"\" data-medium-file=\"https:\/\/i0.wp.com\/kalot.com.mx\/site\/wp-content\/uploads\/2014\/01\/72-roll-cloud-off-coast-of-brazil.jpg?fit=300%2C225&#038;ssl=1\" data-large-file=\"https:\/\/i0.wp.com\/kalot.com.mx\/site\/wp-content\/uploads\/2014\/01\/72-roll-cloud-off-coast-of-brazil.jpg?fit=800%2C600&#038;ssl=1\" src=\"https:\/\/i0.wp.com\/kalot.com.mx\/site\/wp-content\/uploads\/2014\/01\/72-roll-cloud-off-coast-of-brazil.jpg?w=356&#038;h=267&#038;ssl=1\" srcset=\"https:\/\/i0.wp.com\/kalot.com.mx\/site\/wp-content\/uploads\/2014\/01\/72-roll-cloud-off-coast-of-brazil.jpg?w=800&amp;ssl=1 800w, https:\/\/i0.wp.com\/kalot.com.mx\/site\/wp-content\/uploads\/2014\/01\/72-roll-cloud-off-coast-of-brazil.jpg?resize=768%2C576&amp;ssl=1 768w, https:\/\/i0.wp.com\/kalot.com.mx\/site\/wp-content\/uploads\/2014\/01\/72-roll-cloud-off-coast-of-brazil.jpg?resize=300%2C225&amp;ssl=1 300w, https:\/\/i0.wp.com\/kalot.com.mx\/site\/wp-content\/uploads\/2014\/01\/72-roll-cloud-off-coast-of-brazil.jpg?resize=200%2C150&amp;ssl=1 200w, https:\/\/i0.wp.com\/kalot.com.mx\/site\/wp-content\/uploads\/2014\/01\/72-roll-cloud-off-coast-of-brazil.jpg?resize=260%2C195&amp;ssl=1 260w, https:\/\/i0.wp.com\/kalot.com.mx\/site\/wp-content\/uploads\/2014\/01\/72-roll-cloud-off-coast-of-brazil.jpg?resize=380%2C285&amp;ssl=1 380w\" width=\"356\" height=\"267\" loading=\"lazy\" data-original-width=\"356\" data-original-height=\"267\" itemprop=\"http:\/\/schema.org\/image\" title=\"72. ROLLO DE NUBE by Capt. Andreas M. van der Wurff via EPOD\" alt=\"72. ROLLO DE NUBE by Capt. Andreas M. van der Wurff via EPOD\" style=\"width: 356px; height: 267px;\" \/> <\/a> <\/div> <\/div> <!-- close group --> <div class=\"gallery-group images-1\" style=\"width: 406px; height: 271px;\" data-original-width=\"406\" data-original-height=\"271\" > <div class=\"tiled-gallery-item tiled-gallery-item-large\" itemprop=\"associatedMedia\" itemscope itemtype=\"http:\/\/schema.org\/ImageObject\"> <a href=\"https:\/\/kalot.com.mx\/site\/2014\/01\/24\/top-75-de-las-mejores-fotografias-del-ano-pasado\/71-angel-falls-from-below\/\" border=\"0\" itemprop=\"url\"> <meta itemprop=\"width\" content=\"402\"> <meta itemprop=\"height\" content=\"267\"> <img loading=\"lazy\" decoding=\"async\" class=\"\" data-attachment-id=\"10026\" data-orig-file=\"https:\/\/kalot.com.mx\/site\/wp-content\/uploads\/2014\/01\/71-angel-falls-from-below.jpg\" data-orig-size=\"800,532\" data-comments-opened=\"1\" data-image-meta=\"{&quot;aperture&quot;:&quot;0&quot;,&quot;credit&quot;:&quot;&quot;,&quot;camera&quot;:&quot;&quot;,&quot;caption&quot;:&quot;&quot;,&quot;created_timestamp&quot;:&quot;0&quot;,&quot;copyright&quot;:&quot;&quot;,&quot;focal_length&quot;:&quot;0&quot;,&quot;iso&quot;:&quot;0&quot;,&quot;shutter_speed&quot;:&quot;0&quot;,&quot;title&quot;:&quot;&quot;,&quot;orientation&quot;:&quot;0&quot;}\" data-image-title=\"71. LA CASCADA M\u00c1S ALTA DEL MUNDO Photograph by Adam Klukowski (ENT108) | klucznik.net\" data-image-description=\"\" data-medium-file=\"https:\/\/i0.wp.com\/kalot.com.mx\/site\/wp-content\/uploads\/2014\/01\/71-angel-falls-from-below.jpg?fit=300%2C200&#038;ssl=1\" data-large-file=\"https:\/\/i0.wp.com\/kalot.com.mx\/site\/wp-content\/uploads\/2014\/01\/71-angel-falls-from-below.jpg?fit=800%2C532&#038;ssl=1\" src=\"https:\/\/i0.wp.com\/kalot.com.mx\/site\/wp-content\/uploads\/2014\/01\/71-angel-falls-from-below.jpg?w=402&#038;h=267&#038;ssl=1\" srcset=\"https:\/\/i0.wp.com\/kalot.com.mx\/site\/wp-content\/uploads\/2014\/01\/71-angel-falls-from-below.jpg?w=800&amp;ssl=1 800w, https:\/\/i0.wp.com\/kalot.com.mx\/site\/wp-content\/uploads\/2014\/01\/71-angel-falls-from-below.jpg?resize=768%2C511&amp;ssl=1 768w, https:\/\/i0.wp.com\/kalot.com.mx\/site\/wp-content\/uploads\/2014\/01\/71-angel-falls-from-below.jpg?resize=380%2C253&amp;ssl=1 380w, https:\/\/i0.wp.com\/kalot.com.mx\/site\/wp-content\/uploads\/2014\/01\/71-angel-falls-from-below.jpg?resize=300%2C200&amp;ssl=1 300w, https:\/\/i0.wp.com\/kalot.com.mx\/site\/wp-content\/uploads\/2014\/01\/71-angel-falls-from-below.jpg?resize=450%2C300&amp;ssl=1 450w\" width=\"402\" height=\"267\" loading=\"lazy\" data-original-width=\"402\" data-original-height=\"267\" itemprop=\"http:\/\/schema.org\/image\" title=\"71. LA CASCADA M\u00c1S ALTA DEL MUNDO Photograph by Adam Klukowski (ENT108) | klucznik.net\" alt=\"71. LA CASCADA M\u00c1S ALTA DEL MUNDO Photograph by Adam Klukowski (ENT108) | klucznik.net\" style=\"width: 402px; height: 267px;\" \/> <\/a> <\/div> <\/div> <!-- close group --> <div class=\"gallery-group images-1\" style=\"width: 434px; height: 271px;\" data-original-width=\"434\" data-original-height=\"271\" > <div class=\"tiled-gallery-item tiled-gallery-item-large\" itemprop=\"associatedMedia\" itemscope itemtype=\"http:\/\/schema.org\/ImageObject\"> <a href=\"https:\/\/kalot.com.mx\/site\/2014\/01\/24\/top-75-de-las-mejores-fotografias-del-ano-pasado\/70-white-humpback-whale-albino-migaloo\/\" border=\"0\" itemprop=\"url\"> <meta itemprop=\"width\" content=\"430\"> <meta itemprop=\"height\" content=\"267\"> <img loading=\"lazy\" decoding=\"async\" class=\"\" data-attachment-id=\"10025\" data-orig-file=\"https:\/\/kalot.com.mx\/site\/wp-content\/uploads\/2014\/01\/70-white-humpback-whale-albino-migaloo.jpg\" data-orig-size=\"800,498\" data-comments-opened=\"1\" data-image-meta=\"{&quot;aperture&quot;:&quot;0&quot;,&quot;credit&quot;:&quot;&quot;,&quot;camera&quot;:&quot;&quot;,&quot;caption&quot;:&quot;&quot;,&quot;created_timestamp&quot;:&quot;0&quot;,&quot;copyright&quot;:&quot;\\u00a9 JennyDean - http:\\\/\\\/www.redbubble.com\\\/people\\\/jennydean&quot;,&quot;focal_length&quot;:&quot;0&quot;,&quot;iso&quot;:&quot;0&quot;,&quot;shutter_speed&quot;:&quot;0&quot;,&quot;title&quot;:&quot;&quot;,&quot;orientation&quot;:&quot;0&quot;}\" data-image-title=\"70. BALLENA JOROBADA ALBINA Photograph by JENNY DEAN\" data-image-description=\"\" data-medium-file=\"https:\/\/i0.wp.com\/kalot.com.mx\/site\/wp-content\/uploads\/2014\/01\/70-white-humpback-whale-albino-migaloo.jpg?fit=300%2C187&#038;ssl=1\" data-large-file=\"https:\/\/i0.wp.com\/kalot.com.mx\/site\/wp-content\/uploads\/2014\/01\/70-white-humpback-whale-albino-migaloo.jpg?fit=800%2C498&#038;ssl=1\" src=\"https:\/\/i0.wp.com\/kalot.com.mx\/site\/wp-content\/uploads\/2014\/01\/70-white-humpback-whale-albino-migaloo.jpg?w=430&#038;h=267&#038;ssl=1\" srcset=\"https:\/\/i0.wp.com\/kalot.com.mx\/site\/wp-content\/uploads\/2014\/01\/70-white-humpback-whale-albino-migaloo.jpg?w=800&amp;ssl=1 800w, https:\/\/i0.wp.com\/kalot.com.mx\/site\/wp-content\/uploads\/2014\/01\/70-white-humpback-whale-albino-migaloo.jpg?resize=768%2C478&amp;ssl=1 768w, https:\/\/i0.wp.com\/kalot.com.mx\/site\/wp-content\/uploads\/2014\/01\/70-white-humpback-whale-albino-migaloo.jpg?resize=380%2C237&amp;ssl=1 380w, https:\/\/i0.wp.com\/kalot.com.mx\/site\/wp-content\/uploads\/2014\/01\/70-white-humpback-whale-albino-migaloo.jpg?resize=300%2C187&amp;ssl=1 300w\" width=\"430\" height=\"267\" loading=\"lazy\" data-original-width=\"430\" data-original-height=\"267\" itemprop=\"http:\/\/schema.org\/image\" title=\"70. BALLENA JOROBADA ALBINA Photograph by JENNY DEAN\" alt=\"70. BALLENA JOROBADA ALBINA Photograph by JENNY DEAN\" style=\"width: 430px; height: 267px;\" \/> <\/a> <\/div> <\/div> <!-- close group --> <\/div> <!-- close row --> <div class=\"gallery-row\" style=\"width: 1200px; height: 573px;\" data-original-width=\"1200\" data-original-height=\"573\" > <div class=\"gallery-group images-2\" style=\"width: 343px; height: 573px;\" data-original-width=\"343\" data-original-height=\"573\" > <div class=\"tiled-gallery-item tiled-gallery-item-large\" itemprop=\"associatedMedia\" itemscope itemtype=\"http:\/\/schema.org\/ImageObject\"> <a href=\"https:\/\/kalot.com.mx\/site\/2014\/01\/24\/top-75-de-las-mejores-fotografias-del-ano-pasado\/69-woman-holding-mirror-on-grass-reflection\/\" border=\"0\" itemprop=\"url\"> <meta itemprop=\"width\" content=\"339\"> <meta itemprop=\"height\" content=\"339\"> <img loading=\"lazy\" decoding=\"async\" class=\"\" data-attachment-id=\"10110\" data-orig-file=\"https:\/\/kalot.com.mx\/site\/wp-content\/uploads\/2014\/01\/69-woman-holding-mirror-on-grass-reflection.jpg\" data-orig-size=\"800,800\" data-comments-opened=\"1\" data-image-meta=\"{&quot;aperture&quot;:&quot;0&quot;,&quot;credit&quot;:&quot;&quot;,&quot;camera&quot;:&quot;&quot;,&quot;caption&quot;:&quot;&quot;,&quot;created_timestamp&quot;:&quot;0&quot;,&quot;copyright&quot;:&quot;&quot;,&quot;focal_length&quot;:&quot;0&quot;,&quot;iso&quot;:&quot;0&quot;,&quot;shutter_speed&quot;:&quot;0&quot;,&quot;title&quot;:&quot;&quot;,&quot;orientation&quot;:&quot;0&quot;}\" data-image-title=\"69. REFLEJO INVISIBLE Photograph by LAURA WILLIAMS\" data-image-description=\"\" data-medium-file=\"https:\/\/i0.wp.com\/kalot.com.mx\/site\/wp-content\/uploads\/2014\/01\/69-woman-holding-mirror-on-grass-reflection.jpg?fit=300%2C300&#038;ssl=1\" data-large-file=\"https:\/\/i0.wp.com\/kalot.com.mx\/site\/wp-content\/uploads\/2014\/01\/69-woman-holding-mirror-on-grass-reflection.jpg?fit=800%2C800&#038;ssl=1\" src=\"https:\/\/i0.wp.com\/kalot.com.mx\/site\/wp-content\/uploads\/2014\/01\/69-woman-holding-mirror-on-grass-reflection.jpg?w=339&#038;h=339&#038;crop=1&#038;ssl=1\" srcset=\"https:\/\/i0.wp.com\/kalot.com.mx\/site\/wp-content\/uploads\/2014\/01\/69-woman-holding-mirror-on-grass-reflection.jpg?w=800&amp;ssl=1 800w, https:\/\/i0.wp.com\/kalot.com.mx\/site\/wp-content\/uploads\/2014\/01\/69-woman-holding-mirror-on-grass-reflection.jpg?resize=768%2C768&amp;ssl=1 768w, https:\/\/i0.wp.com\/kalot.com.mx\/site\/wp-content\/uploads\/2014\/01\/69-woman-holding-mirror-on-grass-reflection.jpg?resize=80%2C80&amp;ssl=1 80w, https:\/\/i0.wp.com\/kalot.com.mx\/site\/wp-content\/uploads\/2014\/01\/69-woman-holding-mirror-on-grass-reflection.jpg?resize=110%2C110&amp;ssl=1 110w, https:\/\/i0.wp.com\/kalot.com.mx\/site\/wp-content\/uploads\/2014\/01\/69-woman-holding-mirror-on-grass-reflection.jpg?resize=380%2C380&amp;ssl=1 380w, https:\/\/i0.wp.com\/kalot.com.mx\/site\/wp-content\/uploads\/2014\/01\/69-woman-holding-mirror-on-grass-reflection.jpg?resize=150%2C150&amp;ssl=1 150w, https:\/\/i0.wp.com\/kalot.com.mx\/site\/wp-content\/uploads\/2014\/01\/69-woman-holding-mirror-on-grass-reflection.jpg?resize=300%2C300&amp;ssl=1 300w, https:\/\/i0.wp.com\/kalot.com.mx\/site\/wp-content\/uploads\/2014\/01\/69-woman-holding-mirror-on-grass-reflection.jpg?resize=65%2C65&amp;ssl=1 65w, https:\/\/i0.wp.com\/kalot.com.mx\/site\/wp-content\/uploads\/2014\/01\/69-woman-holding-mirror-on-grass-reflection.jpg?resize=50%2C50&amp;ssl=1 50w\" width=\"339\" height=\"339\" loading=\"lazy\" data-original-width=\"339\" data-original-height=\"339\" itemprop=\"http:\/\/schema.org\/image\" title=\"69. REFLEJO INVISIBLE Photograph by LAURA WILLIAMS\" alt=\"69. REFLEJO INVISIBLE Photograph by LAURA WILLIAMS\" style=\"width: 339px; height: 339px;\" \/> <\/a> <\/div> <div class=\"tiled-gallery-item tiled-gallery-item-large\" itemprop=\"associatedMedia\" itemscope itemtype=\"http:\/\/schema.org\/ImageObject\"> <a href=\"https:\/\/kalot.com.mx\/site\/2014\/01\/24\/top-75-de-las-mejores-fotografias-del-ano-pasado\/68-8278665481_ca95def6cc_c\/\" border=\"0\" itemprop=\"url\"> <meta itemprop=\"width\" content=\"339\"> <meta itemprop=\"height\" content=\"226\"> <img loading=\"lazy\" decoding=\"async\" class=\"\" data-attachment-id=\"10109\" data-orig-file=\"https:\/\/kalot.com.mx\/site\/wp-content\/uploads\/2014\/01\/68-8278665481_ca95def6cc_c.jpg\" data-orig-size=\"800,534\" data-comments-opened=\"1\" data-image-meta=\"{&quot;aperture&quot;:&quot;0&quot;,&quot;credit&quot;:&quot;&quot;,&quot;camera&quot;:&quot;&quot;,&quot;caption&quot;:&quot;&quot;,&quot;created_timestamp&quot;:&quot;0&quot;,&quot;copyright&quot;:&quot;&quot;,&quot;focal_length&quot;:&quot;0&quot;,&quot;iso&quot;:&quot;0&quot;,&quot;shutter_speed&quot;:&quot;0&quot;,&quot;title&quot;:&quot;&quot;,&quot;orientation&quot;:&quot;0&quot;}\" data-image-title=\"68. FAMOSO MAPLE JAPON\u00c9S DE PORTLAND Photograph by SCOTT MCCRACKEN\" data-image-description=\"\" data-medium-file=\"https:\/\/i0.wp.com\/kalot.com.mx\/site\/wp-content\/uploads\/2014\/01\/68-8278665481_ca95def6cc_c.jpg?fit=300%2C200&#038;ssl=1\" data-large-file=\"https:\/\/i0.wp.com\/kalot.com.mx\/site\/wp-content\/uploads\/2014\/01\/68-8278665481_ca95def6cc_c.jpg?fit=800%2C534&#038;ssl=1\" src=\"https:\/\/i0.wp.com\/kalot.com.mx\/site\/wp-content\/uploads\/2014\/01\/68-8278665481_ca95def6cc_c.jpg?w=339&#038;h=226&#038;ssl=1\" srcset=\"https:\/\/i0.wp.com\/kalot.com.mx\/site\/wp-content\/uploads\/2014\/01\/68-8278665481_ca95def6cc_c.jpg?w=800&amp;ssl=1 800w, https:\/\/i0.wp.com\/kalot.com.mx\/site\/wp-content\/uploads\/2014\/01\/68-8278665481_ca95def6cc_c.jpg?resize=768%2C513&amp;ssl=1 768w, https:\/\/i0.wp.com\/kalot.com.mx\/site\/wp-content\/uploads\/2014\/01\/68-8278665481_ca95def6cc_c.jpg?resize=380%2C254&amp;ssl=1 380w, https:\/\/i0.wp.com\/kalot.com.mx\/site\/wp-content\/uploads\/2014\/01\/68-8278665481_ca95def6cc_c.jpg?resize=300%2C200&amp;ssl=1 300w, https:\/\/i0.wp.com\/kalot.com.mx\/site\/wp-content\/uploads\/2014\/01\/68-8278665481_ca95def6cc_c.jpg?resize=450%2C300&amp;ssl=1 450w\" width=\"339\" height=\"226\" loading=\"lazy\" data-original-width=\"339\" data-original-height=\"226\" itemprop=\"http:\/\/schema.org\/image\" title=\"68. FAMOSO MAPLE JAPON\u00c9S DE PORTLAND Photograph by SCOTT MCCRACKEN\" alt=\"68. FAMOSO MAPLE JAPON\u00c9S DE PORTLAND Photograph by SCOTT MCCRACKEN\" style=\"width: 339px; height: 226px;\" \/> <\/a> <\/div> <\/div> <!-- close group --> <div class=\"gallery-group images-1\" style=\"width: 857px; height: 573px;\" data-original-width=\"857\" data-original-height=\"573\" > <div class=\"tiled-gallery-item tiled-gallery-item-large\" itemprop=\"associatedMedia\" itemscope itemtype=\"http:\/\/schema.org\/ImageObject\"> <a href=\"https:\/\/kalot.com.mx\/site\/2014\/01\/24\/top-75-de-las-mejores-fotografias-del-ano-pasado\/67-giant-crystal-cave-naica-mexico\/\" border=\"0\" itemprop=\"url\"> <meta itemprop=\"width\" content=\"853\"> <meta itemprop=\"height\" content=\"569\"> <img loading=\"lazy\" decoding=\"async\" class=\"\" data-attachment-id=\"10108\" data-orig-file=\"https:\/\/kalot.com.mx\/site\/wp-content\/uploads\/2014\/01\/67-giant-crystal-cave-naica-mexico.jpg\" data-orig-size=\"800,533\" data-comments-opened=\"1\" data-image-meta=\"{&quot;aperture&quot;:&quot;0&quot;,&quot;credit&quot;:&quot;&quot;,&quot;camera&quot;:&quot;&quot;,&quot;caption&quot;:&quot;&quot;,&quot;created_timestamp&quot;:&quot;0&quot;,&quot;copyright&quot;:&quot;&quot;,&quot;focal_length&quot;:&quot;0&quot;,&quot;iso&quot;:&quot;0&quot;,&quot;shutter_speed&quot;:&quot;0&quot;,&quot;title&quot;:&quot;&quot;,&quot;orientation&quot;:&quot;0&quot;}\" data-image-title=\"67. CUEVA DE LOS CRISTALES EN NAICA, M\u00c9XICO Photograph by Alexander Van Driessche\" data-image-description=\"\" data-medium-file=\"https:\/\/i0.wp.com\/kalot.com.mx\/site\/wp-content\/uploads\/2014\/01\/67-giant-crystal-cave-naica-mexico.jpg?fit=300%2C200&#038;ssl=1\" data-large-file=\"https:\/\/i0.wp.com\/kalot.com.mx\/site\/wp-content\/uploads\/2014\/01\/67-giant-crystal-cave-naica-mexico.jpg?fit=800%2C533&#038;ssl=1\" src=\"https:\/\/i0.wp.com\/kalot.com.mx\/site\/wp-content\/uploads\/2014\/01\/67-giant-crystal-cave-naica-mexico.jpg?w=853&#038;h=569&#038;ssl=1\" srcset=\"https:\/\/i0.wp.com\/kalot.com.mx\/site\/wp-content\/uploads\/2014\/01\/67-giant-crystal-cave-naica-mexico.jpg?w=800&amp;ssl=1 800w, https:\/\/i0.wp.com\/kalot.com.mx\/site\/wp-content\/uploads\/2014\/01\/67-giant-crystal-cave-naica-mexico.jpg?resize=768%2C512&amp;ssl=1 768w, https:\/\/i0.wp.com\/kalot.com.mx\/site\/wp-content\/uploads\/2014\/01\/67-giant-crystal-cave-naica-mexico.jpg?resize=380%2C253&amp;ssl=1 380w, https:\/\/i0.wp.com\/kalot.com.mx\/site\/wp-content\/uploads\/2014\/01\/67-giant-crystal-cave-naica-mexico.jpg?resize=300%2C200&amp;ssl=1 300w, https:\/\/i0.wp.com\/kalot.com.mx\/site\/wp-content\/uploads\/2014\/01\/67-giant-crystal-cave-naica-mexico.jpg?resize=450%2C300&amp;ssl=1 450w\" width=\"853\" height=\"569\" loading=\"lazy\" data-original-width=\"853\" data-original-height=\"569\" itemprop=\"http:\/\/schema.org\/image\" title=\"67. CUEVA DE LOS CRISTALES EN NAICA, M\u00c9XICO Photograph by Alexander Van Driessche\" alt=\"67. CUEVA DE LOS CRISTALES EN NAICA, M\u00c9XICO Photograph by Alexander Van Driessche\" style=\"width: 853px; height: 569px;\" \/> <\/a> <\/div> <\/div> <!-- close group --> <\/div> <!-- close row --> <div class=\"gallery-row\" style=\"width: 1200px; height: 545px;\" data-original-width=\"1200\" data-original-height=\"545\" > <div class=\"gallery-group images-2\" style=\"width: 407px; height: 545px;\" data-original-width=\"407\" data-original-height=\"545\" > <div class=\"tiled-gallery-item tiled-gallery-item-large\" itemprop=\"associatedMedia\" itemscope itemtype=\"http:\/\/schema.org\/ImageObject\"> <a href=\"https:\/\/kalot.com.mx\/site\/2014\/01\/24\/top-75-de-las-mejores-fotografias-del-ano-pasado\/66-grand-canyon-lightning-storm-rolf-maeder1\/\" border=\"0\" itemprop=\"url\"> <meta itemprop=\"width\" content=\"403\"> <meta itemprop=\"height\" content=\"269\"> <img loading=\"lazy\" decoding=\"async\" class=\"\" data-attachment-id=\"10107\" data-orig-file=\"https:\/\/kalot.com.mx\/site\/wp-content\/uploads\/2014\/01\/66-grand-canyon-lightning-storm-rolf-maeder1.jpg\" data-orig-size=\"800,534\" data-comments-opened=\"1\" data-image-meta=\"{&quot;aperture&quot;:&quot;0&quot;,&quot;credit&quot;:&quot;&quot;,&quot;camera&quot;:&quot;&quot;,&quot;caption&quot;:&quot;&quot;,&quot;created_timestamp&quot;:&quot;0&quot;,&quot;copyright&quot;:&quot;Rolf Maeder&quot;,&quot;focal_length&quot;:&quot;0&quot;,&quot;iso&quot;:&quot;0&quot;,&quot;shutter_speed&quot;:&quot;0&quot;,&quot;title&quot;:&quot;&quot;,&quot;orientation&quot;:&quot;0&quot;}\" data-image-title=\"66. ESPECT\u00c1CULO DE LUCES EN EL GRAN CA\u00d1\u00d3N Photograph by ROLF MAEDER\" data-image-description=\"\" data-medium-file=\"https:\/\/i0.wp.com\/kalot.com.mx\/site\/wp-content\/uploads\/2014\/01\/66-grand-canyon-lightning-storm-rolf-maeder1.jpg?fit=300%2C200&#038;ssl=1\" data-large-file=\"https:\/\/i0.wp.com\/kalot.com.mx\/site\/wp-content\/uploads\/2014\/01\/66-grand-canyon-lightning-storm-rolf-maeder1.jpg?fit=800%2C534&#038;ssl=1\" src=\"https:\/\/i0.wp.com\/kalot.com.mx\/site\/wp-content\/uploads\/2014\/01\/66-grand-canyon-lightning-storm-rolf-maeder1.jpg?w=403&#038;h=269&#038;ssl=1\" srcset=\"https:\/\/i0.wp.com\/kalot.com.mx\/site\/wp-content\/uploads\/2014\/01\/66-grand-canyon-lightning-storm-rolf-maeder1.jpg?w=800&amp;ssl=1 800w, https:\/\/i0.wp.com\/kalot.com.mx\/site\/wp-content\/uploads\/2014\/01\/66-grand-canyon-lightning-storm-rolf-maeder1.jpg?resize=768%2C513&amp;ssl=1 768w, https:\/\/i0.wp.com\/kalot.com.mx\/site\/wp-content\/uploads\/2014\/01\/66-grand-canyon-lightning-storm-rolf-maeder1.jpg?resize=380%2C254&amp;ssl=1 380w, https:\/\/i0.wp.com\/kalot.com.mx\/site\/wp-content\/uploads\/2014\/01\/66-grand-canyon-lightning-storm-rolf-maeder1.jpg?resize=300%2C200&amp;ssl=1 300w, https:\/\/i0.wp.com\/kalot.com.mx\/site\/wp-content\/uploads\/2014\/01\/66-grand-canyon-lightning-storm-rolf-maeder1.jpg?resize=450%2C300&amp;ssl=1 450w\" width=\"403\" height=\"269\" loading=\"lazy\" data-original-width=\"403\" data-original-height=\"269\" itemprop=\"http:\/\/schema.org\/image\" title=\"66. ESPECT\u00c1CULO DE LUCES EN EL GRAN CA\u00d1\u00d3N Photograph by ROLF MAEDER\" alt=\"66. ESPECT\u00c1CULO DE LUCES EN EL GRAN CA\u00d1\u00d3N Photograph by ROLF MAEDER\" style=\"width: 403px; height: 269px;\" \/> <\/a> <\/div> <div class=\"tiled-gallery-item tiled-gallery-item-large\" itemprop=\"associatedMedia\" itemscope itemtype=\"http:\/\/schema.org\/ImageObject\"> <a href=\"https:\/\/kalot.com.mx\/site\/2014\/01\/24\/top-75-de-las-mejores-fotografias-del-ano-pasado\/65-chamois-above-clouds-high-tatras-slovakia\/\" border=\"0\" itemprop=\"url\"> <meta itemprop=\"width\" content=\"403\"> <meta itemprop=\"height\" content=\"268\"> <img loading=\"lazy\" decoding=\"async\" class=\"\" data-attachment-id=\"10106\" data-orig-file=\"https:\/\/kalot.com.mx\/site\/wp-content\/uploads\/2014\/01\/65-chamois-above-clouds-high-tatras-slovakia.jpg\" data-orig-size=\"800,531\" data-comments-opened=\"1\" data-image-meta=\"{&quot;aperture&quot;:&quot;0&quot;,&quot;credit&quot;:&quot;&quot;,&quot;camera&quot;:&quot;&quot;,&quot;caption&quot;:&quot;&quot;,&quot;created_timestamp&quot;:&quot;0&quot;,&quot;copyright&quot;:&quot;&quot;,&quot;focal_length&quot;:&quot;0&quot;,&quot;iso&quot;:&quot;0&quot;,&quot;shutter_speed&quot;:&quot;0&quot;,&quot;title&quot;:&quot;&quot;,&quot;orientation&quot;:&quot;0&quot;}\" data-image-title=\"65. SOLITARIO SOBRE LAS NUBES Photograph by RADO GADOCZI\" data-image-description=\"\" data-medium-file=\"https:\/\/i0.wp.com\/kalot.com.mx\/site\/wp-content\/uploads\/2014\/01\/65-chamois-above-clouds-high-tatras-slovakia.jpg?fit=300%2C199&#038;ssl=1\" data-large-file=\"https:\/\/i0.wp.com\/kalot.com.mx\/site\/wp-content\/uploads\/2014\/01\/65-chamois-above-clouds-high-tatras-slovakia.jpg?fit=800%2C531&#038;ssl=1\" src=\"https:\/\/i0.wp.com\/kalot.com.mx\/site\/wp-content\/uploads\/2014\/01\/65-chamois-above-clouds-high-tatras-slovakia.jpg?w=403&#038;h=268&#038;ssl=1\" srcset=\"https:\/\/i0.wp.com\/kalot.com.mx\/site\/wp-content\/uploads\/2014\/01\/65-chamois-above-clouds-high-tatras-slovakia.jpg?w=800&amp;ssl=1 800w, https:\/\/i0.wp.com\/kalot.com.mx\/site\/wp-content\/uploads\/2014\/01\/65-chamois-above-clouds-high-tatras-slovakia.jpg?resize=768%2C510&amp;ssl=1 768w, https:\/\/i0.wp.com\/kalot.com.mx\/site\/wp-content\/uploads\/2014\/01\/65-chamois-above-clouds-high-tatras-slovakia.jpg?resize=380%2C252&amp;ssl=1 380w, https:\/\/i0.wp.com\/kalot.com.mx\/site\/wp-content\/uploads\/2014\/01\/65-chamois-above-clouds-high-tatras-slovakia.jpg?resize=300%2C199&amp;ssl=1 300w, https:\/\/i0.wp.com\/kalot.com.mx\/site\/wp-content\/uploads\/2014\/01\/65-chamois-above-clouds-high-tatras-slovakia.jpg?resize=450%2C300&amp;ssl=1 450w\" width=\"403\" height=\"268\" loading=\"lazy\" data-original-width=\"403\" data-original-height=\"268\" itemprop=\"http:\/\/schema.org\/image\" title=\"65. SOLITARIO SOBRE LAS NUBES Photograph by RADO GADOCZI\" alt=\"65. SOLITARIO SOBRE LAS NUBES Photograph by RADO GADOCZI\" style=\"width: 403px; height: 268px;\" \/> <\/a> <\/div> <\/div> <!-- close group --> <div class=\"gallery-group images-1\" style=\"width: 389px; height: 545px;\" data-original-width=\"389\" data-original-height=\"545\" > <div class=\"tiled-gallery-item tiled-gallery-item-large\" itemprop=\"associatedMedia\" itemscope itemtype=\"http:\/\/schema.org\/ImageObject\"> <a href=\"https:\/\/kalot.com.mx\/site\/2014\/01\/24\/top-75-de-las-mejores-fotografias-del-ano-pasado\/64-watkins-glen-gorge-rainbow-bridge-new-york\/\" border=\"0\" itemprop=\"url\"> <meta itemprop=\"width\" content=\"385\"> <meta itemprop=\"height\" content=\"541\"> <img loading=\"lazy\" decoding=\"async\" class=\"\" data-attachment-id=\"10105\" data-orig-file=\"https:\/\/kalot.com.mx\/site\/wp-content\/uploads\/2014\/01\/64-watkins-glen-gorge-rainbow-bridge-new-york.jpg\" data-orig-size=\"800,1122\" data-comments-opened=\"1\" data-image-meta=\"{&quot;aperture&quot;:&quot;0&quot;,&quot;credit&quot;:&quot;&quot;,&quot;camera&quot;:&quot;&quot;,&quot;caption&quot;:&quot;&quot;,&quot;created_timestamp&quot;:&quot;0&quot;,&quot;copyright&quot;:&quot;&quot;,&quot;focal_length&quot;:&quot;0&quot;,&quot;iso&quot;:&quot;0&quot;,&quot;shutter_speed&quot;:&quot;0&quot;,&quot;title&quot;:&quot;&quot;,&quot;orientation&quot;:&quot;0&quot;}\" data-image-title=\"64. LA GARGANTA EN WATKINS GLEN Photograph by Peter Rivera\" data-image-description=\"\" data-medium-file=\"https:\/\/i0.wp.com\/kalot.com.mx\/site\/wp-content\/uploads\/2014\/01\/64-watkins-glen-gorge-rainbow-bridge-new-york.jpg?fit=214%2C300&#038;ssl=1\" data-large-file=\"https:\/\/i0.wp.com\/kalot.com.mx\/site\/wp-content\/uploads\/2014\/01\/64-watkins-glen-gorge-rainbow-bridge-new-york.jpg?fit=730%2C1024&#038;ssl=1\" src=\"https:\/\/i0.wp.com\/kalot.com.mx\/site\/wp-content\/uploads\/2014\/01\/64-watkins-glen-gorge-rainbow-bridge-new-york.jpg?w=385&#038;h=541&#038;ssl=1\" srcset=\"https:\/\/i0.wp.com\/kalot.com.mx\/site\/wp-content\/uploads\/2014\/01\/64-watkins-glen-gorge-rainbow-bridge-new-york.jpg?w=800&amp;ssl=1 800w, https:\/\/i0.wp.com\/kalot.com.mx\/site\/wp-content\/uploads\/2014\/01\/64-watkins-glen-gorge-rainbow-bridge-new-york.jpg?resize=768%2C1077&amp;ssl=1 768w, https:\/\/i0.wp.com\/kalot.com.mx\/site\/wp-content\/uploads\/2014\/01\/64-watkins-glen-gorge-rainbow-bridge-new-york.jpg?resize=380%2C533&amp;ssl=1 380w, https:\/\/i0.wp.com\/kalot.com.mx\/site\/wp-content\/uploads\/2014\/01\/64-watkins-glen-gorge-rainbow-bridge-new-york.jpg?resize=214%2C300&amp;ssl=1 214w, https:\/\/i0.wp.com\/kalot.com.mx\/site\/wp-content\/uploads\/2014\/01\/64-watkins-glen-gorge-rainbow-bridge-new-york.jpg?resize=730%2C1024&amp;ssl=1 730w, https:\/\/i0.wp.com\/kalot.com.mx\/site\/wp-content\/uploads\/2014\/01\/64-watkins-glen-gorge-rainbow-bridge-new-york.jpg?resize=300%2C421&amp;ssl=1 300w\" width=\"385\" height=\"541\" loading=\"lazy\" data-original-width=\"385\" data-original-height=\"541\" itemprop=\"http:\/\/schema.org\/image\" title=\"64. LA GARGANTA EN WATKINS GLEN Photograph by Peter Rivera\" alt=\"64. LA GARGANTA EN WATKINS GLEN Photograph by Peter Rivera\" style=\"width: 385px; height: 541px;\" \/> <\/a> <\/div> <\/div> <!-- close group --> <div class=\"gallery-group images-2\" style=\"width: 404px; height: 545px;\" data-original-width=\"404\" data-original-height=\"545\" > <div class=\"tiled-gallery-item tiled-gallery-item-large\" itemprop=\"associatedMedia\" itemscope itemtype=\"http:\/\/schema.org\/ImageObject\"> <a href=\"https:\/\/kalot.com.mx\/site\/2014\/01\/24\/top-75-de-las-mejores-fotografias-del-ano-pasado\/63-polar-stratospheric-clouds-nacreous-clouds-antarctica-by-deven-stross-1\/\" border=\"0\" itemprop=\"url\"> <meta itemprop=\"width\" content=\"400\"> <meta itemprop=\"height\" content=\"266\"> <img loading=\"lazy\" decoding=\"async\" class=\"\" data-attachment-id=\"10104\" data-orig-file=\"https:\/\/kalot.com.mx\/site\/wp-content\/uploads\/2014\/01\/63-polar-stratospheric-clouds-nacreous-clouds-antarctica-by-deven-stross-1.jpg\" data-orig-size=\"800,533\" data-comments-opened=\"1\" data-image-meta=\"{&quot;aperture&quot;:&quot;0&quot;,&quot;credit&quot;:&quot;&quot;,&quot;camera&quot;:&quot;&quot;,&quot;caption&quot;:&quot;&quot;,&quot;created_timestamp&quot;:&quot;0&quot;,&quot;copyright&quot;:&quot;Deven Stross Photography&quot;,&quot;focal_length&quot;:&quot;0&quot;,&quot;iso&quot;:&quot;0&quot;,&quot;shutter_speed&quot;:&quot;0&quot;,&quot;title&quot;:&quot;&quot;,&quot;orientation&quot;:&quot;0&quot;}\" data-image-title=\"63. ANT\u00c1RTICA IRIDISCENTE Photograph by DEVEN STROSS\" data-image-description=\"\" data-medium-file=\"https:\/\/i0.wp.com\/kalot.com.mx\/site\/wp-content\/uploads\/2014\/01\/63-polar-stratospheric-clouds-nacreous-clouds-antarctica-by-deven-stross-1.jpg?fit=300%2C200&#038;ssl=1\" data-large-file=\"https:\/\/i0.wp.com\/kalot.com.mx\/site\/wp-content\/uploads\/2014\/01\/63-polar-stratospheric-clouds-nacreous-clouds-antarctica-by-deven-stross-1.jpg?fit=800%2C533&#038;ssl=1\" src=\"https:\/\/i0.wp.com\/kalot.com.mx\/site\/wp-content\/uploads\/2014\/01\/63-polar-stratospheric-clouds-nacreous-clouds-antarctica-by-deven-stross-1.jpg?w=400&#038;h=266&#038;ssl=1\" srcset=\"https:\/\/i0.wp.com\/kalot.com.mx\/site\/wp-content\/uploads\/2014\/01\/63-polar-stratospheric-clouds-nacreous-clouds-antarctica-by-deven-stross-1.jpg?w=800&amp;ssl=1 800w, https:\/\/i0.wp.com\/kalot.com.mx\/site\/wp-content\/uploads\/2014\/01\/63-polar-stratospheric-clouds-nacreous-clouds-antarctica-by-deven-stross-1.jpg?resize=768%2C512&amp;ssl=1 768w, https:\/\/i0.wp.com\/kalot.com.mx\/site\/wp-content\/uploads\/2014\/01\/63-polar-stratospheric-clouds-nacreous-clouds-antarctica-by-deven-stross-1.jpg?resize=380%2C253&amp;ssl=1 380w, https:\/\/i0.wp.com\/kalot.com.mx\/site\/wp-content\/uploads\/2014\/01\/63-polar-stratospheric-clouds-nacreous-clouds-antarctica-by-deven-stross-1.jpg?resize=300%2C200&amp;ssl=1 300w, https:\/\/i0.wp.com\/kalot.com.mx\/site\/wp-content\/uploads\/2014\/01\/63-polar-stratospheric-clouds-nacreous-clouds-antarctica-by-deven-stross-1.jpg?resize=450%2C300&amp;ssl=1 450w\" width=\"400\" height=\"266\" loading=\"lazy\" data-original-width=\"400\" data-original-height=\"266\" itemprop=\"http:\/\/schema.org\/image\" title=\"63. ANT\u00c1RTICA IRIDISCENTE Photograph by DEVEN STROSS\" alt=\"63. ANT\u00c1RTICA IRIDISCENTE Photograph by DEVEN STROSS\" style=\"width: 400px; height: 266px;\" \/> <\/a> <\/div> <div class=\"tiled-gallery-item tiled-gallery-item-large\" itemprop=\"associatedMedia\" itemscope itemtype=\"http:\/\/schema.org\/ImageObject\"> <a href=\"https:\/\/kalot.com.mx\/site\/2014\/01\/24\/top-75-de-las-mejores-fotografias-del-ano-pasado\/a-baby-musk-ox-just-a-few-weeks-old\/\" border=\"0\" itemprop=\"url\"> <meta itemprop=\"width\" content=\"400\"> <meta itemprop=\"height\" content=\"271\"> <img loading=\"lazy\" decoding=\"async\" class=\"\" data-attachment-id=\"10103\" data-orig-file=\"https:\/\/kalot.com.mx\/site\/wp-content\/uploads\/2014\/01\/62-4814530751_5c44728e63_b.jpg\" data-orig-size=\"1024,693\" data-comments-opened=\"1\" data-image-meta=\"{&quot;aperture&quot;:&quot;0&quot;,&quot;credit&quot;:&quot;&quot;,&quot;camera&quot;:&quot;&quot;,&quot;caption&quot;:&quot;&quot;,&quot;created_timestamp&quot;:&quot;0&quot;,&quot;copyright&quot;:&quot;&quot;,&quot;focal_length&quot;:&quot;0&quot;,&quot;iso&quot;:&quot;0&quot;,&quot;shutter_speed&quot;:&quot;0&quot;,&quot;title&quot;:&quot;A baby Musk Ox just a few weeks old.&quot;,&quot;orientation&quot;:&quot;0&quot;}\" data-image-title=\"62. BUEY ALMIZCLERO BEB\u00c9 Photograph by Randy Kokesch\" data-image-description=\"\" data-medium-file=\"https:\/\/i0.wp.com\/kalot.com.mx\/site\/wp-content\/uploads\/2014\/01\/62-4814530751_5c44728e63_b.jpg?fit=300%2C203&#038;ssl=1\" data-large-file=\"https:\/\/i0.wp.com\/kalot.com.mx\/site\/wp-content\/uploads\/2014\/01\/62-4814530751_5c44728e63_b.jpg?fit=1024%2C693&#038;ssl=1\" src=\"https:\/\/i0.wp.com\/kalot.com.mx\/site\/wp-content\/uploads\/2014\/01\/62-4814530751_5c44728e63_b.jpg?w=400&#038;h=271&#038;ssl=1\" srcset=\"https:\/\/i0.wp.com\/kalot.com.mx\/site\/wp-content\/uploads\/2014\/01\/62-4814530751_5c44728e63_b.jpg?w=1024&amp;ssl=1 1024w, https:\/\/i0.wp.com\/kalot.com.mx\/site\/wp-content\/uploads\/2014\/01\/62-4814530751_5c44728e63_b.jpg?resize=768%2C520&amp;ssl=1 768w, https:\/\/i0.wp.com\/kalot.com.mx\/site\/wp-content\/uploads\/2014\/01\/62-4814530751_5c44728e63_b.jpg?resize=380%2C257&amp;ssl=1 380w, https:\/\/i0.wp.com\/kalot.com.mx\/site\/wp-content\/uploads\/2014\/01\/62-4814530751_5c44728e63_b.jpg?resize=800%2C541&amp;ssl=1 800w, https:\/\/i0.wp.com\/kalot.com.mx\/site\/wp-content\/uploads\/2014\/01\/62-4814530751_5c44728e63_b.jpg?resize=300%2C203&amp;ssl=1 300w, https:\/\/i0.wp.com\/kalot.com.mx\/site\/wp-content\/uploads\/2014\/01\/62-4814530751_5c44728e63_b.jpg?resize=235%2C160&amp;ssl=1 235w, https:\/\/i0.wp.com\/kalot.com.mx\/site\/wp-content\/uploads\/2014\/01\/62-4814530751_5c44728e63_b.jpg?resize=810%2C548&amp;ssl=1 810w\" width=\"400\" height=\"271\" loading=\"lazy\" data-original-width=\"400\" data-original-height=\"271\" itemprop=\"http:\/\/schema.org\/image\" title=\"62. BUEY ALMIZCLERO BEB\u00c9 Photograph by Randy Kokesch\" alt=\"62. BUEY ALMIZCLERO BEB\u00c9 Photograph by Randy Kokesch\" style=\"width: 400px; height: 271px;\" \/> <\/a> <\/div> <\/div> <!-- close group --> <\/div> <!-- close row --> <div class=\"gallery-row\" style=\"width: 1200px; height: 968px;\" data-original-width=\"1200\" data-original-height=\"968\" > <div class=\"gallery-group images-1\" style=\"width: 727px; height: 968px;\" data-original-width=\"727\" data-original-height=\"968\" > <div class=\"tiled-gallery-item tiled-gallery-item-large\" itemprop=\"associatedMedia\" itemscope itemtype=\"http:\/\/schema.org\/ImageObject\"> <a href=\"https:\/\/kalot.com.mx\/site\/2014\/01\/24\/top-75-de-las-mejores-fotografias-del-ano-pasado\/61-seattle-fog-space-needle-looks-like-ufo\/\" border=\"0\" itemprop=\"url\"> <meta itemprop=\"width\" content=\"723\"> <meta itemprop=\"height\" content=\"964\"> <img loading=\"lazy\" decoding=\"async\" class=\"\" data-attachment-id=\"10102\" data-orig-file=\"https:\/\/kalot.com.mx\/site\/wp-content\/uploads\/2014\/01\/61-seattle-fog-space-needle-looks-like-ufo.jpg\" data-orig-size=\"800,1067\" data-comments-opened=\"1\" data-image-meta=\"{&quot;aperture&quot;:&quot;0&quot;,&quot;credit&quot;:&quot;&quot;,&quot;camera&quot;:&quot;&quot;,&quot;caption&quot;:&quot;&quot;,&quot;created_timestamp&quot;:&quot;0&quot;,&quot;copyright&quot;:&quot;&quot;,&quot;focal_length&quot;:&quot;0&quot;,&quot;iso&quot;:&quot;0&quot;,&quot;shutter_speed&quot;:&quot;0&quot;,&quot;title&quot;:&quot;&quot;,&quot;orientation&quot;:&quot;0&quot;}\" data-image-title=\"61. OVNI EN SEATTLE Photograph by NothingI5True on Reddit\" data-image-description=\"\" data-medium-file=\"https:\/\/i0.wp.com\/kalot.com.mx\/site\/wp-content\/uploads\/2014\/01\/61-seattle-fog-space-needle-looks-like-ufo.jpg?fit=225%2C300&#038;ssl=1\" data-large-file=\"https:\/\/i0.wp.com\/kalot.com.mx\/site\/wp-content\/uploads\/2014\/01\/61-seattle-fog-space-needle-looks-like-ufo.jpg?fit=768%2C1024&#038;ssl=1\" src=\"https:\/\/i0.wp.com\/kalot.com.mx\/site\/wp-content\/uploads\/2014\/01\/61-seattle-fog-space-needle-looks-like-ufo.jpg?w=723&#038;h=964&#038;ssl=1\" srcset=\"https:\/\/i0.wp.com\/kalot.com.mx\/site\/wp-content\/uploads\/2014\/01\/61-seattle-fog-space-needle-looks-like-ufo.jpg?w=800&amp;ssl=1 800w, https:\/\/i0.wp.com\/kalot.com.mx\/site\/wp-content\/uploads\/2014\/01\/61-seattle-fog-space-needle-looks-like-ufo.jpg?resize=768%2C1024&amp;ssl=1 768w, https:\/\/i0.wp.com\/kalot.com.mx\/site\/wp-content\/uploads\/2014\/01\/61-seattle-fog-space-needle-looks-like-ufo.jpg?resize=380%2C507&amp;ssl=1 380w, https:\/\/i0.wp.com\/kalot.com.mx\/site\/wp-content\/uploads\/2014\/01\/61-seattle-fog-space-needle-looks-like-ufo.jpg?resize=225%2C300&amp;ssl=1 225w, https:\/\/i0.wp.com\/kalot.com.mx\/site\/wp-content\/uploads\/2014\/01\/61-seattle-fog-space-needle-looks-like-ufo.jpg?resize=300%2C400&amp;ssl=1 300w\" width=\"723\" height=\"964\" loading=\"lazy\" data-original-width=\"723\" data-original-height=\"964\" itemprop=\"http:\/\/schema.org\/image\" title=\"61. OVNI EN SEATTLE Photograph by NothingI5True on Reddit\" alt=\"61. OVNI EN SEATTLE Photograph by NothingI5True on Reddit\" style=\"width: 723px; height: 964px;\" \/> <\/a> <\/div> <\/div> <!-- close group --> <div class=\"gallery-group images-3\" style=\"width: 473px; height: 968px;\" data-original-width=\"473\" data-original-height=\"968\" > <div class=\"tiled-gallery-item tiled-gallery-item-large\" itemprop=\"associatedMedia\" itemscope itemtype=\"http:\/\/schema.org\/ImageObject\"> <a href=\"https:\/\/kalot.com.mx\/site\/2014\/01\/24\/top-75-de-las-mejores-fotografias-del-ano-pasado\/60-cologne-cathedral-world-war-2-black-and-white\/\" border=\"0\" itemprop=\"url\"> <meta itemprop=\"width\" content=\"469\"> <meta itemprop=\"height\" content=\"363\"> <img loading=\"lazy\" decoding=\"async\" class=\"\" data-attachment-id=\"10101\" data-orig-file=\"https:\/\/kalot.com.mx\/site\/wp-content\/uploads\/2014\/01\/60-cologne-cathedral-world-war-2-black-and-white.jpg\" data-orig-size=\"800,618\" data-comments-opened=\"1\" data-image-meta=\"{&quot;aperture&quot;:&quot;0&quot;,&quot;credit&quot;:&quot;&quot;,&quot;camera&quot;:&quot;&quot;,&quot;caption&quot;:&quot;&quot;,&quot;created_timestamp&quot;:&quot;0&quot;,&quot;copyright&quot;:&quot;&quot;,&quot;focal_length&quot;:&quot;0&quot;,&quot;iso&quot;:&quot;0&quot;,&quot;shutter_speed&quot;:&quot;0&quot;,&quot;title&quot;:&quot;&quot;,&quot;orientation&quot;:&quot;0&quot;}\" data-image-title=\"60. CATEDRAL DE COLONIA DURANTE LA SEGUNDA GUERRA MUNDIAL Photograph via Kevin Trotman (The Rocketeer on Flickr)\" data-image-description=\"\" data-medium-file=\"https:\/\/i0.wp.com\/kalot.com.mx\/site\/wp-content\/uploads\/2014\/01\/60-cologne-cathedral-world-war-2-black-and-white.jpg?fit=300%2C232&#038;ssl=1\" data-large-file=\"https:\/\/i0.wp.com\/kalot.com.mx\/site\/wp-content\/uploads\/2014\/01\/60-cologne-cathedral-world-war-2-black-and-white.jpg?fit=800%2C618&#038;ssl=1\" src=\"https:\/\/i0.wp.com\/kalot.com.mx\/site\/wp-content\/uploads\/2014\/01\/60-cologne-cathedral-world-war-2-black-and-white.jpg?w=469&#038;h=363&#038;ssl=1\" srcset=\"https:\/\/i0.wp.com\/kalot.com.mx\/site\/wp-content\/uploads\/2014\/01\/60-cologne-cathedral-world-war-2-black-and-white.jpg?w=800&amp;ssl=1 800w, https:\/\/i0.wp.com\/kalot.com.mx\/site\/wp-content\/uploads\/2014\/01\/60-cologne-cathedral-world-war-2-black-and-white.jpg?resize=768%2C593&amp;ssl=1 768w, https:\/\/i0.wp.com\/kalot.com.mx\/site\/wp-content\/uploads\/2014\/01\/60-cologne-cathedral-world-war-2-black-and-white.jpg?resize=380%2C294&amp;ssl=1 380w, https:\/\/i0.wp.com\/kalot.com.mx\/site\/wp-content\/uploads\/2014\/01\/60-cologne-cathedral-world-war-2-black-and-white.jpg?resize=300%2C232&amp;ssl=1 300w\" width=\"469\" height=\"363\" loading=\"lazy\" data-original-width=\"469\" data-original-height=\"363\" itemprop=\"http:\/\/schema.org\/image\" title=\"60. CATEDRAL DE COLONIA DURANTE LA SEGUNDA GUERRA MUNDIAL Photograph via Kevin Trotman (The Rocketeer on Flickr)\" alt=\"60. CATEDRAL DE COLONIA DURANTE LA SEGUNDA GUERRA MUNDIAL Photograph via Kevin Trotman (The Rocketeer on Flickr)\" style=\"width: 469px; height: 363px;\" \/> <\/a> <\/div> <div class=\"tiled-gallery-item tiled-gallery-item-large\" itemprop=\"associatedMedia\" itemscope itemtype=\"http:\/\/schema.org\/ImageObject\"> <a href=\"https:\/\/kalot.com.mx\/site\/2014\/01\/24\/top-75-de-las-mejores-fotografias-del-ano-pasado\/59-hong-kong-skyline-at-night-from-victoria-peak\/\" border=\"0\" itemprop=\"url\"> <meta itemprop=\"width\" content=\"469\"> <meta itemprop=\"height\" content=\"280\"> <img loading=\"lazy\" decoding=\"async\" class=\"\" data-attachment-id=\"10100\" data-orig-file=\"https:\/\/kalot.com.mx\/site\/wp-content\/uploads\/2014\/01\/59-hong-kong-skyline-at-night-from-victoria-peak.jpg\" data-orig-size=\"800,478\" data-comments-opened=\"1\" data-image-meta=\"{&quot;aperture&quot;:&quot;0&quot;,&quot;credit&quot;:&quot;&quot;,&quot;camera&quot;:&quot;&quot;,&quot;caption&quot;:&quot;&quot;,&quot;created_timestamp&quot;:&quot;0&quot;,&quot;copyright&quot;:&quot;Sprengben&quot;,&quot;focal_length&quot;:&quot;0&quot;,&quot;iso&quot;:&quot;0&quot;,&quot;shutter_speed&quot;:&quot;0&quot;,&quot;title&quot;:&quot;&quot;,&quot;orientation&quot;:&quot;0&quot;}\" data-image-title=\"59. HONG KONG DE NOCHE Photograph by SPRENG BEN\" data-image-description=\"\" data-medium-file=\"https:\/\/i0.wp.com\/kalot.com.mx\/site\/wp-content\/uploads\/2014\/01\/59-hong-kong-skyline-at-night-from-victoria-peak.jpg?fit=300%2C179&#038;ssl=1\" data-large-file=\"https:\/\/i0.wp.com\/kalot.com.mx\/site\/wp-content\/uploads\/2014\/01\/59-hong-kong-skyline-at-night-from-victoria-peak.jpg?fit=800%2C478&#038;ssl=1\" src=\"https:\/\/i0.wp.com\/kalot.com.mx\/site\/wp-content\/uploads\/2014\/01\/59-hong-kong-skyline-at-night-from-victoria-peak.jpg?w=469&#038;h=280&#038;ssl=1\" srcset=\"https:\/\/i0.wp.com\/kalot.com.mx\/site\/wp-content\/uploads\/2014\/01\/59-hong-kong-skyline-at-night-from-victoria-peak.jpg?w=800&amp;ssl=1 800w, https:\/\/i0.wp.com\/kalot.com.mx\/site\/wp-content\/uploads\/2014\/01\/59-hong-kong-skyline-at-night-from-victoria-peak.jpg?resize=768%2C459&amp;ssl=1 768w, https:\/\/i0.wp.com\/kalot.com.mx\/site\/wp-content\/uploads\/2014\/01\/59-hong-kong-skyline-at-night-from-victoria-peak.jpg?resize=380%2C227&amp;ssl=1 380w, https:\/\/i0.wp.com\/kalot.com.mx\/site\/wp-content\/uploads\/2014\/01\/59-hong-kong-skyline-at-night-from-victoria-peak.jpg?resize=300%2C179&amp;ssl=1 300w\" width=\"469\" height=\"280\" loading=\"lazy\" data-original-width=\"469\" data-original-height=\"280\" itemprop=\"http:\/\/schema.org\/image\" title=\"59. HONG KONG DE NOCHE Photograph by SPRENG BEN\" alt=\"59. HONG KONG DE NOCHE Photograph by SPRENG BEN\" style=\"width: 469px; height: 280px;\" \/> <\/a> <\/div> <div class=\"tiled-gallery-item tiled-gallery-item-large\" itemprop=\"associatedMedia\" itemscope itemtype=\"http:\/\/schema.org\/ImageObject\"> <a href=\"https:\/\/kalot.com.mx\/site\/2014\/01\/24\/top-75-de-las-mejores-fotografias-del-ano-pasado\/58-waitomo-glowworm-caves-north-island-new-zealand\/\" border=\"0\" itemprop=\"url\"> <meta itemprop=\"width\" content=\"469\"> <meta itemprop=\"height\" content=\"313\"> <img loading=\"lazy\" decoding=\"async\" class=\"\" data-attachment-id=\"10099\" data-orig-file=\"https:\/\/kalot.com.mx\/site\/wp-content\/uploads\/2014\/01\/58-waitomo-glowworm-caves-north-island-new-zealand.jpg\" data-orig-size=\"800,534\" data-comments-opened=\"1\" data-image-meta=\"{&quot;aperture&quot;:&quot;0&quot;,&quot;credit&quot;:&quot;&quot;,&quot;camera&quot;:&quot;&quot;,&quot;caption&quot;:&quot;&quot;,&quot;created_timestamp&quot;:&quot;0&quot;,&quot;copyright&quot;:&quot;&quot;,&quot;focal_length&quot;:&quot;0&quot;,&quot;iso&quot;:&quot;0&quot;,&quot;shutter_speed&quot;:&quot;0&quot;,&quot;title&quot;:&quot;&quot;,&quot;orientation&quot;:&quot;0&quot;}\" data-image-title=\"58. LAS CUEVAS DE LAS LUCI\u00c9RNAGAS EN WAITOMO Photograph via waitomo.com\" data-image-description=\"\" data-medium-file=\"https:\/\/i0.wp.com\/kalot.com.mx\/site\/wp-content\/uploads\/2014\/01\/58-waitomo-glowworm-caves-north-island-new-zealand.jpg?fit=300%2C200&#038;ssl=1\" data-large-file=\"https:\/\/i0.wp.com\/kalot.com.mx\/site\/wp-content\/uploads\/2014\/01\/58-waitomo-glowworm-caves-north-island-new-zealand.jpg?fit=800%2C534&#038;ssl=1\" src=\"https:\/\/i0.wp.com\/kalot.com.mx\/site\/wp-content\/uploads\/2014\/01\/58-waitomo-glowworm-caves-north-island-new-zealand.jpg?w=469&#038;h=313&#038;ssl=1\" srcset=\"https:\/\/i0.wp.com\/kalot.com.mx\/site\/wp-content\/uploads\/2014\/01\/58-waitomo-glowworm-caves-north-island-new-zealand.jpg?w=800&amp;ssl=1 800w, https:\/\/i0.wp.com\/kalot.com.mx\/site\/wp-content\/uploads\/2014\/01\/58-waitomo-glowworm-caves-north-island-new-zealand.jpg?resize=768%2C513&amp;ssl=1 768w, https:\/\/i0.wp.com\/kalot.com.mx\/site\/wp-content\/uploads\/2014\/01\/58-waitomo-glowworm-caves-north-island-new-zealand.jpg?resize=380%2C254&amp;ssl=1 380w, https:\/\/i0.wp.com\/kalot.com.mx\/site\/wp-content\/uploads\/2014\/01\/58-waitomo-glowworm-caves-north-island-new-zealand.jpg?resize=300%2C200&amp;ssl=1 300w, https:\/\/i0.wp.com\/kalot.com.mx\/site\/wp-content\/uploads\/2014\/01\/58-waitomo-glowworm-caves-north-island-new-zealand.jpg?resize=450%2C300&amp;ssl=1 450w\" width=\"469\" height=\"313\" loading=\"lazy\" data-original-width=\"469\" data-original-height=\"313\" itemprop=\"http:\/\/schema.org\/image\" title=\"58. LAS CUEVAS DE LAS LUCI\u00c9RNAGAS EN WAITOMO Photograph via waitomo.com\" alt=\"58. LAS CUEVAS DE LAS LUCI\u00c9RNAGAS EN WAITOMO Photograph via waitomo.com\" style=\"width: 469px; height: 313px;\" \/> <\/a> <\/div> <\/div> <!-- close group --> <\/div> <!-- close row --> <div class=\"gallery-row\" style=\"width: 1200px; height: 551px;\" data-original-width=\"1200\" data-original-height=\"551\" > <div class=\"gallery-group images-1\" style=\"width: 865px; height: 551px;\" data-original-width=\"865\" data-original-height=\"551\" > <div class=\"tiled-gallery-item tiled-gallery-item-large\" itemprop=\"associatedMedia\" itemscope itemtype=\"http:\/\/schema.org\/ImageObject\"> <a href=\"https:\/\/kalot.com.mx\/site\/2014\/01\/24\/top-75-de-las-mejores-fotografias-del-ano-pasado\/57-waterspouts-over-the-adriatic-sea\/\" border=\"0\" itemprop=\"url\"> <meta itemprop=\"width\" content=\"861\"> <meta itemprop=\"height\" content=\"547\"> <img loading=\"lazy\" decoding=\"async\" class=\"\" data-attachment-id=\"10098\" data-orig-file=\"https:\/\/kalot.com.mx\/site\/wp-content\/uploads\/2014\/01\/57-waterspouts-over-the-adriatic-sea.jpg\" data-orig-size=\"800,508\" data-comments-opened=\"1\" data-image-meta=\"{&quot;aperture&quot;:&quot;0&quot;,&quot;credit&quot;:&quot;&quot;,&quot;camera&quot;:&quot;&quot;,&quot;caption&quot;:&quot;&quot;,&quot;created_timestamp&quot;:&quot;0&quot;,&quot;copyright&quot;:&quot;&quot;,&quot;focal_length&quot;:&quot;0&quot;,&quot;iso&quot;:&quot;0&quot;,&quot;shutter_speed&quot;:&quot;0&quot;,&quot;title&quot;:&quot;&quot;,&quot;orientation&quot;:&quot;0&quot;}\" data-image-title=\"57. TROMBAS SOBRE EL ADRI\u00c1TICO Photograph by ROBERTO GIUDICI (via epod.usra.edu)\" data-image-description=\"\" data-medium-file=\"https:\/\/i0.wp.com\/kalot.com.mx\/site\/wp-content\/uploads\/2014\/01\/57-waterspouts-over-the-adriatic-sea.jpg?fit=300%2C191&#038;ssl=1\" data-large-file=\"https:\/\/i0.wp.com\/kalot.com.mx\/site\/wp-content\/uploads\/2014\/01\/57-waterspouts-over-the-adriatic-sea.jpg?fit=800%2C508&#038;ssl=1\" src=\"https:\/\/i0.wp.com\/kalot.com.mx\/site\/wp-content\/uploads\/2014\/01\/57-waterspouts-over-the-adriatic-sea.jpg?w=861&#038;h=547&#038;ssl=1\" srcset=\"https:\/\/i0.wp.com\/kalot.com.mx\/site\/wp-content\/uploads\/2014\/01\/57-waterspouts-over-the-adriatic-sea.jpg?w=800&amp;ssl=1 800w, https:\/\/i0.wp.com\/kalot.com.mx\/site\/wp-content\/uploads\/2014\/01\/57-waterspouts-over-the-adriatic-sea.jpg?resize=768%2C488&amp;ssl=1 768w, https:\/\/i0.wp.com\/kalot.com.mx\/site\/wp-content\/uploads\/2014\/01\/57-waterspouts-over-the-adriatic-sea.jpg?resize=380%2C241&amp;ssl=1 380w, https:\/\/i0.wp.com\/kalot.com.mx\/site\/wp-content\/uploads\/2014\/01\/57-waterspouts-over-the-adriatic-sea.jpg?resize=300%2C191&amp;ssl=1 300w\" width=\"861\" height=\"547\" loading=\"lazy\" data-original-width=\"861\" data-original-height=\"547\" itemprop=\"http:\/\/schema.org\/image\" title=\"57. TROMBAS SOBRE EL ADRI\u00c1TICO Photograph by ROBERTO GIUDICI (via epod.usra.edu)\" alt=\"57. TROMBAS SOBRE EL ADRI\u00c1TICO Photograph by ROBERTO GIUDICI (via epod.usra.edu)\" style=\"width: 861px; height: 547px;\" \/> <\/a> <\/div> <\/div> <!-- close group --> <div class=\"gallery-group images-2\" style=\"width: 335px; height: 551px;\" data-original-width=\"335\" data-original-height=\"551\" > <div class=\"tiled-gallery-item tiled-gallery-item-large\" itemprop=\"associatedMedia\" itemscope itemtype=\"http:\/\/schema.org\/ImageObject\"> <a href=\"https:\/\/kalot.com.mx\/site\/2014\/01\/24\/top-75-de-las-mejores-fotografias-del-ano-pasado\/56-full-circle-rainbow-reflection\/\" border=\"0\" itemprop=\"url\"> <meta itemprop=\"width\" content=\"331\"> <meta itemprop=\"height\" content=\"211\"> <img loading=\"lazy\" decoding=\"async\" class=\"\" data-attachment-id=\"10097\" data-orig-file=\"https:\/\/kalot.com.mx\/site\/wp-content\/uploads\/2014\/01\/56-full-circle-rainbow-reflection.jpg\" data-orig-size=\"800,508\" data-comments-opened=\"1\" data-image-meta=\"{&quot;aperture&quot;:&quot;0&quot;,&quot;credit&quot;:&quot;&quot;,&quot;camera&quot;:&quot;&quot;,&quot;caption&quot;:&quot;&quot;,&quot;created_timestamp&quot;:&quot;0&quot;,&quot;copyright&quot;:&quot;&quot;,&quot;focal_length&quot;:&quot;0&quot;,&quot;iso&quot;:&quot;0&quot;,&quot;shutter_speed&quot;:&quot;0&quot;,&quot;title&quot;:&quot;&quot;,&quot;orientation&quot;:&quot;0&quot;}\" data-image-title=\"56. EL ARCOIRIS COMPLETO Photograph by JENNIFER HANNUX\/Northeast Kingdom Photography\" data-image-description=\"\" data-medium-file=\"https:\/\/i0.wp.com\/kalot.com.mx\/site\/wp-content\/uploads\/2014\/01\/56-full-circle-rainbow-reflection.jpg?fit=300%2C191&#038;ssl=1\" data-large-file=\"https:\/\/i0.wp.com\/kalot.com.mx\/site\/wp-content\/uploads\/2014\/01\/56-full-circle-rainbow-reflection.jpg?fit=800%2C508&#038;ssl=1\" src=\"https:\/\/i0.wp.com\/kalot.com.mx\/site\/wp-content\/uploads\/2014\/01\/56-full-circle-rainbow-reflection.jpg?w=331&#038;h=211&#038;ssl=1\" srcset=\"https:\/\/i0.wp.com\/kalot.com.mx\/site\/wp-content\/uploads\/2014\/01\/56-full-circle-rainbow-reflection.jpg?w=800&amp;ssl=1 800w, https:\/\/i0.wp.com\/kalot.com.mx\/site\/wp-content\/uploads\/2014\/01\/56-full-circle-rainbow-reflection.jpg?resize=768%2C488&amp;ssl=1 768w, https:\/\/i0.wp.com\/kalot.com.mx\/site\/wp-content\/uploads\/2014\/01\/56-full-circle-rainbow-reflection.jpg?resize=380%2C241&amp;ssl=1 380w, https:\/\/i0.wp.com\/kalot.com.mx\/site\/wp-content\/uploads\/2014\/01\/56-full-circle-rainbow-reflection.jpg?resize=300%2C191&amp;ssl=1 300w\" width=\"331\" height=\"211\" loading=\"lazy\" data-original-width=\"331\" data-original-height=\"211\" itemprop=\"http:\/\/schema.org\/image\" title=\"56. EL ARCOIRIS COMPLETO Photograph by JENNIFER HANNUX\/Northeast Kingdom Photography\" alt=\"56. EL ARCOIRIS COMPLETO Photograph by JENNIFER HANNUX\/Northeast Kingdom Photography\" style=\"width: 331px; height: 211px;\" \/> <\/a> <\/div> <div class=\"tiled-gallery-item tiled-gallery-item-large\" itemprop=\"associatedMedia\" itemscope itemtype=\"http:\/\/schema.org\/ImageObject\"> <a href=\"https:\/\/kalot.com.mx\/site\/2014\/01\/24\/top-75-de-las-mejores-fotografias-del-ano-pasado\/55-ho-studley-tool-chest\/\" border=\"0\" itemprop=\"url\"> <meta itemprop=\"width\" content=\"331\"> <meta itemprop=\"height\" content=\"332\"> <img loading=\"lazy\" decoding=\"async\" class=\"\" data-attachment-id=\"10096\" data-orig-file=\"https:\/\/kalot.com.mx\/site\/wp-content\/uploads\/2014\/01\/55-ho-studley-tool-chest.jpg\" data-orig-size=\"800,802\" data-comments-opened=\"1\" data-image-meta=\"{&quot;aperture&quot;:&quot;0&quot;,&quot;credit&quot;:&quot;&quot;,&quot;camera&quot;:&quot;&quot;,&quot;caption&quot;:&quot;&quot;,&quot;created_timestamp&quot;:&quot;0&quot;,&quot;copyright&quot;:&quot;&quot;,&quot;focal_length&quot;:&quot;0&quot;,&quot;iso&quot;:&quot;0&quot;,&quot;shutter_speed&quot;:&quot;0&quot;,&quot;title&quot;:&quot;&quot;,&quot;orientation&quot;:&quot;0&quot;}\" data-image-title=\"55. LA HERRAMIENTA DE PECHO DE STUDLEY Photograph by GREG SUTTER\" data-image-description=\"\" data-medium-file=\"https:\/\/i0.wp.com\/kalot.com.mx\/site\/wp-content\/uploads\/2014\/01\/55-ho-studley-tool-chest.jpg?fit=300%2C300&#038;ssl=1\" data-large-file=\"https:\/\/i0.wp.com\/kalot.com.mx\/site\/wp-content\/uploads\/2014\/01\/55-ho-studley-tool-chest.jpg?fit=800%2C802&#038;ssl=1\" src=\"https:\/\/i0.wp.com\/kalot.com.mx\/site\/wp-content\/uploads\/2014\/01\/55-ho-studley-tool-chest.jpg?w=331&#038;h=332&#038;ssl=1\" srcset=\"https:\/\/i0.wp.com\/kalot.com.mx\/site\/wp-content\/uploads\/2014\/01\/55-ho-studley-tool-chest.jpg?w=800&amp;ssl=1 800w, https:\/\/i0.wp.com\/kalot.com.mx\/site\/wp-content\/uploads\/2014\/01\/55-ho-studley-tool-chest.jpg?resize=768%2C770&amp;ssl=1 768w, https:\/\/i0.wp.com\/kalot.com.mx\/site\/wp-content\/uploads\/2014\/01\/55-ho-studley-tool-chest.jpg?resize=80%2C80&amp;ssl=1 80w, https:\/\/i0.wp.com\/kalot.com.mx\/site\/wp-content\/uploads\/2014\/01\/55-ho-studley-tool-chest.jpg?resize=110%2C110&amp;ssl=1 110w, https:\/\/i0.wp.com\/kalot.com.mx\/site\/wp-content\/uploads\/2014\/01\/55-ho-studley-tool-chest.jpg?resize=380%2C381&amp;ssl=1 380w, https:\/\/i0.wp.com\/kalot.com.mx\/site\/wp-content\/uploads\/2014\/01\/55-ho-studley-tool-chest.jpg?resize=150%2C150&amp;ssl=1 150w, https:\/\/i0.wp.com\/kalot.com.mx\/site\/wp-content\/uploads\/2014\/01\/55-ho-studley-tool-chest.jpg?resize=300%2C301&amp;ssl=1 300w, https:\/\/i0.wp.com\/kalot.com.mx\/site\/wp-content\/uploads\/2014\/01\/55-ho-studley-tool-chest.jpg?resize=65%2C65&amp;ssl=1 65w, https:\/\/i0.wp.com\/kalot.com.mx\/site\/wp-content\/uploads\/2014\/01\/55-ho-studley-tool-chest.jpg?resize=50%2C50&amp;ssl=1 50w\" width=\"331\" height=\"332\" loading=\"lazy\" data-original-width=\"331\" data-original-height=\"332\" itemprop=\"http:\/\/schema.org\/image\" title=\"55. LA HERRAMIENTA DE PECHO DE STUDLEY Photograph by GREG SUTTER\" alt=\"55. LA HERRAMIENTA DE PECHO DE STUDLEY Photograph by GREG SUTTER\" style=\"width: 331px; height: 332px;\" \/> <\/a> <\/div> <\/div> <!-- close group --> <\/div> <!-- close row --> <div class=\"gallery-row\" style=\"width: 1200px; height: 305px;\" data-original-width=\"1200\" data-original-height=\"305\" > <div class=\"gallery-group images-1\" style=\"width: 540px; height: 305px;\" data-original-width=\"540\" data-original-height=\"305\" > <div class=\"tiled-gallery-item tiled-gallery-item-large\" itemprop=\"associatedMedia\" itemscope itemtype=\"http:\/\/schema.org\/ImageObject\"> <a href=\"https:\/\/kalot.com.mx\/site\/2014\/01\/24\/top-75-de-las-mejores-fotografias-del-ano-pasado\/54-earth-from-dark-side-of-saturn-nasa-you-are-here\/\" border=\"0\" itemprop=\"url\"> <meta itemprop=\"width\" content=\"536\"> <meta itemprop=\"height\" content=\"301\"> <img loading=\"lazy\" decoding=\"async\" class=\"\" data-attachment-id=\"10095\" data-orig-file=\"https:\/\/kalot.com.mx\/site\/wp-content\/uploads\/2014\/01\/54-earth-from-dark-side-of-saturn-nasa-you-are-here.jpg\" data-orig-size=\"800,450\" data-comments-opened=\"1\" data-image-meta=\"{&quot;aperture&quot;:&quot;0&quot;,&quot;credit&quot;:&quot;&quot;,&quot;camera&quot;:&quot;&quot;,&quot;caption&quot;:&quot;&quot;,&quot;created_timestamp&quot;:&quot;0&quot;,&quot;copyright&quot;:&quot;&quot;,&quot;focal_length&quot;:&quot;0&quot;,&quot;iso&quot;:&quot;0&quot;,&quot;shutter_speed&quot;:&quot;0&quot;,&quot;title&quot;:&quot;&quot;,&quot;orientation&quot;:&quot;0&quot;}\" data-image-title=\"54. LA TIERRA DESDE EL LADO OBSCURO DE SATURNO Photograph by NASA\/JPL-Caltech\/Space Science Institute\" data-image-description=\"\" data-medium-file=\"https:\/\/i0.wp.com\/kalot.com.mx\/site\/wp-content\/uploads\/2014\/01\/54-earth-from-dark-side-of-saturn-nasa-you-are-here.jpg?fit=300%2C169&#038;ssl=1\" data-large-file=\"https:\/\/i0.wp.com\/kalot.com.mx\/site\/wp-content\/uploads\/2014\/01\/54-earth-from-dark-side-of-saturn-nasa-you-are-here.jpg?fit=800%2C450&#038;ssl=1\" src=\"https:\/\/i0.wp.com\/kalot.com.mx\/site\/wp-content\/uploads\/2014\/01\/54-earth-from-dark-side-of-saturn-nasa-you-are-here.jpg?w=536&#038;h=301&#038;ssl=1\" srcset=\"https:\/\/i0.wp.com\/kalot.com.mx\/site\/wp-content\/uploads\/2014\/01\/54-earth-from-dark-side-of-saturn-nasa-you-are-here.jpg?w=800&amp;ssl=1 800w, https:\/\/i0.wp.com\/kalot.com.mx\/site\/wp-content\/uploads\/2014\/01\/54-earth-from-dark-side-of-saturn-nasa-you-are-here.jpg?resize=768%2C432&amp;ssl=1 768w, https:\/\/i0.wp.com\/kalot.com.mx\/site\/wp-content\/uploads\/2014\/01\/54-earth-from-dark-side-of-saturn-nasa-you-are-here.jpg?resize=380%2C214&amp;ssl=1 380w, https:\/\/i0.wp.com\/kalot.com.mx\/site\/wp-content\/uploads\/2014\/01\/54-earth-from-dark-side-of-saturn-nasa-you-are-here.jpg?resize=300%2C169&amp;ssl=1 300w\" width=\"536\" height=\"301\" loading=\"lazy\" data-original-width=\"536\" data-original-height=\"301\" itemprop=\"http:\/\/schema.org\/image\" title=\"54. LA TIERRA DESDE EL LADO OBSCURO DE SATURNO Photograph by NASA\/JPL-Caltech\/Space Science Institute\" alt=\"54. LA TIERRA DESDE EL LADO OBSCURO DE SATURNO Photograph by NASA\/JPL-Caltech\/Space Science Institute\" style=\"width: 536px; height: 301px;\" \/> <\/a> <\/div> <\/div> <!-- close group --> <div class=\"gallery-group images-1\" style=\"width: 205px; height: 305px;\" data-original-width=\"205\" data-original-height=\"305\" > <div class=\"tiled-gallery-item tiled-gallery-item-small\" itemprop=\"associatedMedia\" itemscope itemtype=\"http:\/\/schema.org\/ImageObject\"> <a href=\"https:\/\/kalot.com.mx\/site\/2014\/01\/24\/top-75-de-las-mejores-fotografias-del-ano-pasado\/53-5893395540_af1965d474_o\/\" border=\"0\" itemprop=\"url\"> <meta itemprop=\"width\" content=\"201\"> <meta itemprop=\"height\" content=\"301\"> <img loading=\"lazy\" decoding=\"async\" class=\"\" data-attachment-id=\"10094\" data-orig-file=\"https:\/\/kalot.com.mx\/site\/wp-content\/uploads\/2014\/01\/53-5893395540_af1965d474_o.jpg\" data-orig-size=\"567,850\" data-comments-opened=\"1\" data-image-meta=\"{&quot;aperture&quot;:&quot;0&quot;,&quot;credit&quot;:&quot;&quot;,&quot;camera&quot;:&quot;&quot;,&quot;caption&quot;:&quot;&quot;,&quot;created_timestamp&quot;:&quot;0&quot;,&quot;copyright&quot;:&quot;&quot;,&quot;focal_length&quot;:&quot;0&quot;,&quot;iso&quot;:&quot;0&quot;,&quot;shutter_speed&quot;:&quot;0&quot;,&quot;title&quot;:&quot;&quot;,&quot;orientation&quot;:&quot;0&quot;}\" data-image-title=\"53. ALABANZA AL SOL Photograph by Anton Jankovoy | jankovoy.com\" data-image-description=\"\" data-medium-file=\"https:\/\/i0.wp.com\/kalot.com.mx\/site\/wp-content\/uploads\/2014\/01\/53-5893395540_af1965d474_o.jpg?fit=200%2C300&#038;ssl=1\" data-large-file=\"https:\/\/i0.wp.com\/kalot.com.mx\/site\/wp-content\/uploads\/2014\/01\/53-5893395540_af1965d474_o.jpg?fit=567%2C850&#038;ssl=1\" src=\"https:\/\/i0.wp.com\/kalot.com.mx\/site\/wp-content\/uploads\/2014\/01\/53-5893395540_af1965d474_o.jpg?w=201&#038;h=301&#038;ssl=1\" srcset=\"https:\/\/i0.wp.com\/kalot.com.mx\/site\/wp-content\/uploads\/2014\/01\/53-5893395540_af1965d474_o.jpg?w=567&amp;ssl=1 567w, https:\/\/i0.wp.com\/kalot.com.mx\/site\/wp-content\/uploads\/2014\/01\/53-5893395540_af1965d474_o.jpg?resize=380%2C570&amp;ssl=1 380w, https:\/\/i0.wp.com\/kalot.com.mx\/site\/wp-content\/uploads\/2014\/01\/53-5893395540_af1965d474_o.jpg?resize=200%2C300&amp;ssl=1 200w, https:\/\/i0.wp.com\/kalot.com.mx\/site\/wp-content\/uploads\/2014\/01\/53-5893395540_af1965d474_o.jpg?resize=300%2C450&amp;ssl=1 300w\" width=\"201\" height=\"301\" loading=\"lazy\" data-original-width=\"201\" data-original-height=\"301\" itemprop=\"http:\/\/schema.org\/image\" title=\"53. ALABANZA AL SOL Photograph by Anton Jankovoy | jankovoy.com\" alt=\"53. ALABANZA AL SOL Photograph by Anton Jankovoy | jankovoy.com\" style=\"width: 201px; height: 301px;\" \/> <\/a> <\/div> <\/div> <!-- close group --> <div class=\"gallery-group images-1\" style=\"width: 455px; height: 305px;\" data-original-width=\"455\" data-original-height=\"305\" > <div class=\"tiled-gallery-item tiled-gallery-item-large\" itemprop=\"associatedMedia\" itemscope itemtype=\"http:\/\/schema.org\/ImageObject\"> <a href=\"https:\/\/kalot.com.mx\/site\/2014\/01\/24\/top-75-de-las-mejores-fotografias-del-ano-pasado\/52-san-francisco-hills-perspective-straightened\/\" border=\"0\" itemprop=\"url\"> <meta itemprop=\"width\" content=\"451\"> <meta itemprop=\"height\" content=\"301\"> <img loading=\"lazy\" decoding=\"async\" class=\"\" data-attachment-id=\"10093\" data-orig-file=\"https:\/\/kalot.com.mx\/site\/wp-content\/uploads\/2014\/01\/52-san-francisco-hills-perspective-straightened.jpg\" data-orig-size=\"800,534\" data-comments-opened=\"1\" data-image-meta=\"{&quot;aperture&quot;:&quot;0&quot;,&quot;credit&quot;:&quot;&quot;,&quot;camera&quot;:&quot;&quot;,&quot;caption&quot;:&quot;&quot;,&quot;created_timestamp&quot;:&quot;0&quot;,&quot;copyright&quot;:&quot;Hakan Dahlstrom&quot;,&quot;focal_length&quot;:&quot;0&quot;,&quot;iso&quot;:&quot;0&quot;,&quot;shutter_speed&quot;:&quot;0&quot;,&quot;title&quot;:&quot;&quot;,&quot;orientation&quot;:&quot;0&quot;}\" data-image-title=\"52. SAN FRANCISCO EST\u00c1 EMPINADO Photograph by H\u00e5kan Dahlstr\u00f6m | dahlstroms.com\" data-image-description=\"\" data-medium-file=\"https:\/\/i0.wp.com\/kalot.com.mx\/site\/wp-content\/uploads\/2014\/01\/52-san-francisco-hills-perspective-straightened.jpg?fit=300%2C200&#038;ssl=1\" data-large-file=\"https:\/\/i0.wp.com\/kalot.com.mx\/site\/wp-content\/uploads\/2014\/01\/52-san-francisco-hills-perspective-straightened.jpg?fit=800%2C534&#038;ssl=1\" src=\"https:\/\/i0.wp.com\/kalot.com.mx\/site\/wp-content\/uploads\/2014\/01\/52-san-francisco-hills-perspective-straightened.jpg?w=451&#038;h=301&#038;ssl=1\" srcset=\"https:\/\/i0.wp.com\/kalot.com.mx\/site\/wp-content\/uploads\/2014\/01\/52-san-francisco-hills-perspective-straightened.jpg?w=800&amp;ssl=1 800w, https:\/\/i0.wp.com\/kalot.com.mx\/site\/wp-content\/uploads\/2014\/01\/52-san-francisco-hills-perspective-straightened.jpg?resize=768%2C513&amp;ssl=1 768w, https:\/\/i0.wp.com\/kalot.com.mx\/site\/wp-content\/uploads\/2014\/01\/52-san-francisco-hills-perspective-straightened.jpg?resize=380%2C254&amp;ssl=1 380w, https:\/\/i0.wp.com\/kalot.com.mx\/site\/wp-content\/uploads\/2014\/01\/52-san-francisco-hills-perspective-straightened.jpg?resize=300%2C200&amp;ssl=1 300w, https:\/\/i0.wp.com\/kalot.com.mx\/site\/wp-content\/uploads\/2014\/01\/52-san-francisco-hills-perspective-straightened.jpg?resize=450%2C300&amp;ssl=1 450w\" width=\"451\" height=\"301\" loading=\"lazy\" data-original-width=\"451\" data-original-height=\"301\" itemprop=\"http:\/\/schema.org\/image\" title=\"52. SAN FRANCISCO EST\u00c1 EMPINADO Photograph by H\u00e5kan Dahlstr\u00f6m | dahlstroms.com\" alt=\"52. SAN FRANCISCO EST\u00c1 EMPINADO Photograph by H\u00e5kan Dahlstr\u00f6m | dahlstroms.com\" style=\"width: 451px; height: 301px;\" \/> <\/a> <\/div> <\/div> <!-- close group --> <\/div> <!-- close row --> <div class=\"gallery-row\" style=\"width: 1200px; height: 522px;\" data-original-width=\"1200\" data-original-height=\"522\" > <div class=\"gallery-group images-2\" style=\"width: 390px; height: 522px;\" data-original-width=\"390\" data-original-height=\"522\" > <div class=\"tiled-gallery-item tiled-gallery-item-large\" itemprop=\"associatedMedia\" itemscope itemtype=\"http:\/\/schema.org\/ImageObject\"> <a href=\"https:\/\/kalot.com.mx\/site\/2014\/01\/24\/top-75-de-las-mejores-fotografias-del-ano-pasado\/51-kawika-singson-standing-on-lava-shoes-tripod-on-fire\/\" border=\"0\" itemprop=\"url\"> <meta itemprop=\"width\" content=\"386\"> <meta itemprop=\"height\" content=\"257\"> <img loading=\"lazy\" decoding=\"async\" class=\"\" data-attachment-id=\"10092\" data-orig-file=\"https:\/\/kalot.com.mx\/site\/wp-content\/uploads\/2014\/01\/51-kawika-singson-standing-on-lava-shoes-tripod-on-fire.jpg\" data-orig-size=\"800,532\" data-comments-opened=\"1\" data-image-meta=\"{&quot;aperture&quot;:&quot;0&quot;,&quot;credit&quot;:&quot;&quot;,&quot;camera&quot;:&quot;&quot;,&quot;caption&quot;:&quot;&quot;,&quot;created_timestamp&quot;:&quot;0&quot;,&quot;copyright&quot;:&quot;&quot;,&quot;focal_length&quot;:&quot;0&quot;,&quot;iso&quot;:&quot;0&quot;,&quot;shutter_speed&quot;:&quot;0&quot;,&quot;title&quot;:&quot;&quot;,&quot;orientation&quot;:&quot;0&quot;}\" data-image-title=\"51. EN EL CALOR DEL MOMOENTO Photograph of KAWIKA SINGSON | Taken by Chris Hirata\" data-image-description=\"\" data-medium-file=\"https:\/\/i0.wp.com\/kalot.com.mx\/site\/wp-content\/uploads\/2014\/01\/51-kawika-singson-standing-on-lava-shoes-tripod-on-fire.jpg?fit=300%2C200&#038;ssl=1\" data-large-file=\"https:\/\/i0.wp.com\/kalot.com.mx\/site\/wp-content\/uploads\/2014\/01\/51-kawika-singson-standing-on-lava-shoes-tripod-on-fire.jpg?fit=800%2C532&#038;ssl=1\" src=\"https:\/\/i0.wp.com\/kalot.com.mx\/site\/wp-content\/uploads\/2014\/01\/51-kawika-singson-standing-on-lava-shoes-tripod-on-fire.jpg?w=386&#038;h=257&#038;ssl=1\" srcset=\"https:\/\/i0.wp.com\/kalot.com.mx\/site\/wp-content\/uploads\/2014\/01\/51-kawika-singson-standing-on-lava-shoes-tripod-on-fire.jpg?w=800&amp;ssl=1 800w, https:\/\/i0.wp.com\/kalot.com.mx\/site\/wp-content\/uploads\/2014\/01\/51-kawika-singson-standing-on-lava-shoes-tripod-on-fire.jpg?resize=768%2C511&amp;ssl=1 768w, https:\/\/i0.wp.com\/kalot.com.mx\/site\/wp-content\/uploads\/2014\/01\/51-kawika-singson-standing-on-lava-shoes-tripod-on-fire.jpg?resize=380%2C253&amp;ssl=1 380w, https:\/\/i0.wp.com\/kalot.com.mx\/site\/wp-content\/uploads\/2014\/01\/51-kawika-singson-standing-on-lava-shoes-tripod-on-fire.jpg?resize=300%2C200&amp;ssl=1 300w, https:\/\/i0.wp.com\/kalot.com.mx\/site\/wp-content\/uploads\/2014\/01\/51-kawika-singson-standing-on-lava-shoes-tripod-on-fire.jpg?resize=450%2C300&amp;ssl=1 450w\" width=\"386\" height=\"257\" loading=\"lazy\" data-original-width=\"386\" data-original-height=\"257\" itemprop=\"http:\/\/schema.org\/image\" title=\"51. EN EL CALOR DEL MOMOENTO Photograph of KAWIKA SINGSON | Taken by Chris Hirata\" alt=\"51. EN EL CALOR DEL MOMOENTO Photograph of KAWIKA SINGSON | Taken by Chris Hirata\" style=\"width: 386px; height: 257px;\" \/> <\/a> <\/div> <div class=\"tiled-gallery-item tiled-gallery-item-large\" itemprop=\"associatedMedia\" itemscope itemtype=\"http:\/\/schema.org\/ImageObject\"> <a href=\"https:\/\/kalot.com.mx\/site\/2014\/01\/24\/top-75-de-las-mejores-fotografias-del-ano-pasado\/50-san-francisco-fog\/\" border=\"0\" itemprop=\"url\"> <meta itemprop=\"width\" content=\"386\"> <meta itemprop=\"height\" content=\"257\"> <img loading=\"lazy\" decoding=\"async\" class=\"\" data-attachment-id=\"10091\" data-orig-file=\"https:\/\/kalot.com.mx\/site\/wp-content\/uploads\/2014\/01\/50-san-francisco-fog.jpg\" data-orig-size=\"800,534\" data-comments-opened=\"1\" data-image-meta=\"{&quot;aperture&quot;:&quot;0&quot;,&quot;credit&quot;:&quot;&quot;,&quot;camera&quot;:&quot;&quot;,&quot;caption&quot;:&quot;&quot;,&quot;created_timestamp&quot;:&quot;0&quot;,&quot;copyright&quot;:&quot;davidyuweb@gmail.com&quot;,&quot;focal_length&quot;:&quot;0&quot;,&quot;iso&quot;:&quot;0&quot;,&quot;shutter_speed&quot;:&quot;0&quot;,&quot;title&quot;:&quot;&quot;,&quot;orientation&quot;:&quot;0&quot;}\" data-image-title=\"50. NIEBLA DE SAN FRANCISCO Photograph by David Yu\" data-image-description=\"\" data-medium-file=\"https:\/\/i0.wp.com\/kalot.com.mx\/site\/wp-content\/uploads\/2014\/01\/50-san-francisco-fog.jpg?fit=300%2C200&#038;ssl=1\" data-large-file=\"https:\/\/i0.wp.com\/kalot.com.mx\/site\/wp-content\/uploads\/2014\/01\/50-san-francisco-fog.jpg?fit=800%2C534&#038;ssl=1\" src=\"https:\/\/i0.wp.com\/kalot.com.mx\/site\/wp-content\/uploads\/2014\/01\/50-san-francisco-fog.jpg?w=386&#038;h=257&#038;ssl=1\" srcset=\"https:\/\/i0.wp.com\/kalot.com.mx\/site\/wp-content\/uploads\/2014\/01\/50-san-francisco-fog.jpg?w=800&amp;ssl=1 800w, https:\/\/i0.wp.com\/kalot.com.mx\/site\/wp-content\/uploads\/2014\/01\/50-san-francisco-fog.jpg?resize=768%2C513&amp;ssl=1 768w, https:\/\/i0.wp.com\/kalot.com.mx\/site\/wp-content\/uploads\/2014\/01\/50-san-francisco-fog.jpg?resize=380%2C254&amp;ssl=1 380w, https:\/\/i0.wp.com\/kalot.com.mx\/site\/wp-content\/uploads\/2014\/01\/50-san-francisco-fog.jpg?resize=300%2C200&amp;ssl=1 300w, https:\/\/i0.wp.com\/kalot.com.mx\/site\/wp-content\/uploads\/2014\/01\/50-san-francisco-fog.jpg?resize=450%2C300&amp;ssl=1 450w\" width=\"386\" height=\"257\" loading=\"lazy\" data-original-width=\"386\" data-original-height=\"257\" itemprop=\"http:\/\/schema.org\/image\" title=\"50. NIEBLA DE SAN FRANCISCO Photograph by David Yu\" alt=\"50. NIEBLA DE SAN FRANCISCO Photograph by David Yu\" style=\"width: 386px; height: 257px;\" \/> <\/a> <\/div> <\/div> <!-- close group --> <div class=\"gallery-group images-1\" style=\"width: 810px; height: 522px;\" data-original-width=\"810\" data-original-height=\"522\" > <div class=\"tiled-gallery-item tiled-gallery-item-large\" itemprop=\"associatedMedia\" itemscope itemtype=\"http:\/\/schema.org\/ImageObject\"> <a href=\"https:\/\/kalot.com.mx\/site\/2014\/01\/24\/top-75-de-las-mejores-fotografias-del-ano-pasado\/49-yale-university-beinecke-rare-book-and-manuscript-library\/\" border=\"0\" itemprop=\"url\"> <meta itemprop=\"width\" content=\"806\"> <meta itemprop=\"height\" content=\"518\"> <img loading=\"lazy\" decoding=\"async\" class=\"\" data-attachment-id=\"10090\" data-orig-file=\"https:\/\/kalot.com.mx\/site\/wp-content\/uploads\/2014\/01\/49-yale-university-beinecke-rare-book-and-manuscript-library.jpg\" data-orig-size=\"800,514\" data-comments-opened=\"1\" data-image-meta=\"{&quot;aperture&quot;:&quot;0&quot;,&quot;credit&quot;:&quot;&quot;,&quot;camera&quot;:&quot;&quot;,&quot;caption&quot;:&quot;&quot;,&quot;created_timestamp&quot;:&quot;0&quot;,&quot;copyright&quot;:&quot;&quot;,&quot;focal_length&quot;:&quot;0&quot;,&quot;iso&quot;:&quot;0&quot;,&quot;shutter_speed&quot;:&quot;0&quot;,&quot;title&quot;:&quot;&quot;,&quot;orientation&quot;:&quot;0&quot;}\" data-image-title=\"49. BIBLIOTECA DE MANUSCRITOS Y LIBROS DE YALE Photograph by Lauren Manning\" data-image-description=\"\" data-medium-file=\"https:\/\/i0.wp.com\/kalot.com.mx\/site\/wp-content\/uploads\/2014\/01\/49-yale-university-beinecke-rare-book-and-manuscript-library.jpg?fit=300%2C193&#038;ssl=1\" data-large-file=\"https:\/\/i0.wp.com\/kalot.com.mx\/site\/wp-content\/uploads\/2014\/01\/49-yale-university-beinecke-rare-book-and-manuscript-library.jpg?fit=800%2C514&#038;ssl=1\" src=\"https:\/\/i0.wp.com\/kalot.com.mx\/site\/wp-content\/uploads\/2014\/01\/49-yale-university-beinecke-rare-book-and-manuscript-library.jpg?w=806&#038;h=518&#038;ssl=1\" srcset=\"https:\/\/i0.wp.com\/kalot.com.mx\/site\/wp-content\/uploads\/2014\/01\/49-yale-university-beinecke-rare-book-and-manuscript-library.jpg?w=800&amp;ssl=1 800w, https:\/\/i0.wp.com\/kalot.com.mx\/site\/wp-content\/uploads\/2014\/01\/49-yale-university-beinecke-rare-book-and-manuscript-library.jpg?resize=768%2C493&amp;ssl=1 768w, https:\/\/i0.wp.com\/kalot.com.mx\/site\/wp-content\/uploads\/2014\/01\/49-yale-university-beinecke-rare-book-and-manuscript-library.jpg?resize=380%2C244&amp;ssl=1 380w, https:\/\/i0.wp.com\/kalot.com.mx\/site\/wp-content\/uploads\/2014\/01\/49-yale-university-beinecke-rare-book-and-manuscript-library.jpg?resize=300%2C193&amp;ssl=1 300w\" width=\"806\" height=\"518\" loading=\"lazy\" data-original-width=\"806\" data-original-height=\"518\" itemprop=\"http:\/\/schema.org\/image\" title=\"49. BIBLIOTECA DE MANUSCRITOS Y LIBROS DE YALE Photograph by Lauren Manning\" alt=\"49. BIBLIOTECA DE MANUSCRITOS Y LIBROS DE YALE Photograph by Lauren Manning\" style=\"width: 806px; height: 518px;\" \/> <\/a> <\/div> <\/div> <!-- close group --> <\/div> <!-- close row --> <div class=\"gallery-row\" style=\"width: 1200px; height: 394px;\" data-original-width=\"1200\" data-original-height=\"394\" > <div class=\"gallery-group images-1\" style=\"width: 589px; height: 394px;\" data-original-width=\"589\" data-original-height=\"394\" > <div class=\"tiled-gallery-item tiled-gallery-item-large\" itemprop=\"associatedMedia\" itemscope itemtype=\"http:\/\/schema.org\/ImageObject\"> <a href=\"https:\/\/kalot.com.mx\/site\/2014\/01\/24\/top-75-de-las-mejores-fotografias-del-ano-pasado\/48-sunset-oia-santorini-greece\/\" border=\"0\" itemprop=\"url\"> <meta itemprop=\"width\" content=\"585\"> <meta itemprop=\"height\" content=\"390\"> <img loading=\"lazy\" decoding=\"async\" class=\"\" data-attachment-id=\"10089\" data-orig-file=\"https:\/\/kalot.com.mx\/site\/wp-content\/uploads\/2014\/01\/48-sunset-oia-santorini-greece.jpg\" data-orig-size=\"800,534\" data-comments-opened=\"1\" data-image-meta=\"{&quot;aperture&quot;:&quot;0&quot;,&quot;credit&quot;:&quot;&quot;,&quot;camera&quot;:&quot;&quot;,&quot;caption&quot;:&quot;&quot;,&quot;created_timestamp&quot;:&quot;0&quot;,&quot;copyright&quot;:&quot;&quot;,&quot;focal_length&quot;:&quot;0&quot;,&quot;iso&quot;:&quot;0&quot;,&quot;shutter_speed&quot;:&quot;0&quot;,&quot;title&quot;:&quot;&quot;,&quot;orientation&quot;:&quot;0&quot;}\" data-image-title=\"48. PUESTA DE SOL EN SANTORINI Photograph by PEDRO SZEKELY on Flickr\" data-image-description=\"\" data-medium-file=\"https:\/\/i0.wp.com\/kalot.com.mx\/site\/wp-content\/uploads\/2014\/01\/48-sunset-oia-santorini-greece.jpg?fit=300%2C200&#038;ssl=1\" data-large-file=\"https:\/\/i0.wp.com\/kalot.com.mx\/site\/wp-content\/uploads\/2014\/01\/48-sunset-oia-santorini-greece.jpg?fit=800%2C534&#038;ssl=1\" src=\"https:\/\/i0.wp.com\/kalot.com.mx\/site\/wp-content\/uploads\/2014\/01\/48-sunset-oia-santorini-greece.jpg?w=585&#038;h=390&#038;ssl=1\" srcset=\"https:\/\/i0.wp.com\/kalot.com.mx\/site\/wp-content\/uploads\/2014\/01\/48-sunset-oia-santorini-greece.jpg?w=800&amp;ssl=1 800w, https:\/\/i0.wp.com\/kalot.com.mx\/site\/wp-content\/uploads\/2014\/01\/48-sunset-oia-santorini-greece.jpg?resize=768%2C513&amp;ssl=1 768w, https:\/\/i0.wp.com\/kalot.com.mx\/site\/wp-content\/uploads\/2014\/01\/48-sunset-oia-santorini-greece.jpg?resize=380%2C254&amp;ssl=1 380w, https:\/\/i0.wp.com\/kalot.com.mx\/site\/wp-content\/uploads\/2014\/01\/48-sunset-oia-santorini-greece.jpg?resize=300%2C200&amp;ssl=1 300w, https:\/\/i0.wp.com\/kalot.com.mx\/site\/wp-content\/uploads\/2014\/01\/48-sunset-oia-santorini-greece.jpg?resize=450%2C300&amp;ssl=1 450w\" width=\"585\" height=\"390\" loading=\"lazy\" data-original-width=\"585\" data-original-height=\"390\" itemprop=\"http:\/\/schema.org\/image\" title=\"48. PUESTA DE SOL EN SANTORINI Photograph by PEDRO SZEKELY on Flickr\" alt=\"48. PUESTA DE SOL EN SANTORINI Photograph by PEDRO SZEKELY on Flickr\" style=\"width: 585px; height: 390px;\" \/> <\/a> <\/div> <\/div> <!-- close group --> <div class=\"gallery-group images-1\" style=\"width: 611px; height: 394px;\" data-original-width=\"611\" data-original-height=\"394\" > <div class=\"tiled-gallery-item tiled-gallery-item-large\" itemprop=\"associatedMedia\" itemscope itemtype=\"http:\/\/schema.org\/ImageObject\"> <a href=\"https:\/\/kalot.com.mx\/site\/2014\/01\/24\/top-75-de-las-mejores-fotografias-del-ano-pasado\/46-sky-whale-pigeon-point\/\" border=\"0\" itemprop=\"url\"> <meta itemprop=\"width\" content=\"607\"> <meta itemprop=\"height\" content=\"390\"> <img loading=\"lazy\" decoding=\"async\" class=\"\" data-attachment-id=\"10087\" data-orig-file=\"https:\/\/kalot.com.mx\/site\/wp-content\/uploads\/2014\/01\/46-sky-whale-pigeon-point.jpg\" data-orig-size=\"800,514\" data-comments-opened=\"1\" data-image-meta=\"{&quot;aperture&quot;:&quot;0&quot;,&quot;credit&quot;:&quot;&quot;,&quot;camera&quot;:&quot;&quot;,&quot;caption&quot;:&quot;&quot;,&quot;created_timestamp&quot;:&quot;0&quot;,&quot;copyright&quot;:&quot;&quot;,&quot;focal_length&quot;:&quot;0&quot;,&quot;iso&quot;:&quot;0&quot;,&quot;shutter_speed&quot;:&quot;0&quot;,&quot;title&quot;:&quot;&quot;,&quot;orientation&quot;:&quot;0&quot;}\" data-image-title=\"47. LA BALLENA DEL CIELO Photograph by (nz)dave on Flickr\" data-image-description=\"\" data-medium-file=\"https:\/\/i0.wp.com\/kalot.com.mx\/site\/wp-content\/uploads\/2014\/01\/46-sky-whale-pigeon-point.jpg?fit=300%2C193&#038;ssl=1\" data-large-file=\"https:\/\/i0.wp.com\/kalot.com.mx\/site\/wp-content\/uploads\/2014\/01\/46-sky-whale-pigeon-point.jpg?fit=800%2C514&#038;ssl=1\" src=\"https:\/\/i0.wp.com\/kalot.com.mx\/site\/wp-content\/uploads\/2014\/01\/46-sky-whale-pigeon-point.jpg?w=607&#038;h=390&#038;ssl=1\" srcset=\"https:\/\/i0.wp.com\/kalot.com.mx\/site\/wp-content\/uploads\/2014\/01\/46-sky-whale-pigeon-point.jpg?w=800&amp;ssl=1 800w, https:\/\/i0.wp.com\/kalot.com.mx\/site\/wp-content\/uploads\/2014\/01\/46-sky-whale-pigeon-point.jpg?resize=768%2C493&amp;ssl=1 768w, https:\/\/i0.wp.com\/kalot.com.mx\/site\/wp-content\/uploads\/2014\/01\/46-sky-whale-pigeon-point.jpg?resize=380%2C244&amp;ssl=1 380w, https:\/\/i0.wp.com\/kalot.com.mx\/site\/wp-content\/uploads\/2014\/01\/46-sky-whale-pigeon-point.jpg?resize=300%2C193&amp;ssl=1 300w\" width=\"607\" height=\"390\" loading=\"lazy\" data-original-width=\"607\" data-original-height=\"390\" itemprop=\"http:\/\/schema.org\/image\" title=\"47. LA BALLENA DEL CIELO Photograph by (nz)dave on Flickr\" alt=\"47. LA BALLENA DEL CIELO Photograph by (nz)dave on Flickr\" style=\"width: 607px; height: 390px;\" \/> <\/a> <\/div> <\/div> <!-- close group --> <\/div> <!-- close row --> <div class=\"gallery-row\" style=\"width: 1200px; height: 551px;\" data-original-width=\"1200\" data-original-height=\"551\" > <div class=\"gallery-group images-1\" style=\"width: 789px; height: 551px;\" data-original-width=\"789\" data-original-height=\"551\" > <div class=\"tiled-gallery-item tiled-gallery-item-large\" itemprop=\"associatedMedia\" itemscope itemtype=\"http:\/\/schema.org\/ImageObject\"> <a href=\"https:\/\/kalot.com.mx\/site\/2014\/01\/24\/top-75-de-las-mejores-fotografias-del-ano-pasado\/47-street-art-by-nuxuno-xan-fort-de-france-martinique\/\" border=\"0\" itemprop=\"url\"> <meta itemprop=\"width\" content=\"785\"> <meta itemprop=\"height\" content=\"547\"> <img loading=\"lazy\" decoding=\"async\" class=\"\" data-attachment-id=\"10088\" data-orig-file=\"https:\/\/kalot.com.mx\/site\/wp-content\/uploads\/2014\/01\/47-street-art-by-nuxuno-xan-fort-de-france-martinique.jpg\" data-orig-size=\"800,558\" data-comments-opened=\"1\" data-image-meta=\"{&quot;aperture&quot;:&quot;0&quot;,&quot;credit&quot;:&quot;&quot;,&quot;camera&quot;:&quot;&quot;,&quot;caption&quot;:&quot;&quot;,&quot;created_timestamp&quot;:&quot;0&quot;,&quot;copyright&quot;:&quot;&quot;,&quot;focal_length&quot;:&quot;0&quot;,&quot;iso&quot;:&quot;0&quot;,&quot;shutter_speed&quot;:&quot;0&quot;,&quot;title&quot;:&quot;&quot;,&quot;orientation&quot;:&quot;0&quot;}\" data-image-title=\"46. CUANDO EL ARTE SE ENCUENTRA CON LA NATURALEZA Photograph by Rosali Rodrigues\" data-image-description=\"\" data-medium-file=\"https:\/\/i0.wp.com\/kalot.com.mx\/site\/wp-content\/uploads\/2014\/01\/47-street-art-by-nuxuno-xan-fort-de-france-martinique.jpg?fit=300%2C209&#038;ssl=1\" data-large-file=\"https:\/\/i0.wp.com\/kalot.com.mx\/site\/wp-content\/uploads\/2014\/01\/47-street-art-by-nuxuno-xan-fort-de-france-martinique.jpg?fit=800%2C558&#038;ssl=1\" src=\"https:\/\/i0.wp.com\/kalot.com.mx\/site\/wp-content\/uploads\/2014\/01\/47-street-art-by-nuxuno-xan-fort-de-france-martinique.jpg?w=785&#038;h=547&#038;ssl=1\" srcset=\"https:\/\/i0.wp.com\/kalot.com.mx\/site\/wp-content\/uploads\/2014\/01\/47-street-art-by-nuxuno-xan-fort-de-france-martinique.jpg?w=800&amp;ssl=1 800w, https:\/\/i0.wp.com\/kalot.com.mx\/site\/wp-content\/uploads\/2014\/01\/47-street-art-by-nuxuno-xan-fort-de-france-martinique.jpg?resize=768%2C536&amp;ssl=1 768w, https:\/\/i0.wp.com\/kalot.com.mx\/site\/wp-content\/uploads\/2014\/01\/47-street-art-by-nuxuno-xan-fort-de-france-martinique.jpg?resize=380%2C265&amp;ssl=1 380w, https:\/\/i0.wp.com\/kalot.com.mx\/site\/wp-content\/uploads\/2014\/01\/47-street-art-by-nuxuno-xan-fort-de-france-martinique.jpg?resize=300%2C209&amp;ssl=1 300w, https:\/\/i0.wp.com\/kalot.com.mx\/site\/wp-content\/uploads\/2014\/01\/47-street-art-by-nuxuno-xan-fort-de-france-martinique.jpg?resize=145%2C100&amp;ssl=1 145w\" width=\"785\" height=\"547\" loading=\"lazy\" data-original-width=\"785\" data-original-height=\"547\" itemprop=\"http:\/\/schema.org\/image\" title=\"46. CUANDO EL ARTE SE ENCUENTRA CON LA NATURALEZA Photograph by Rosali Rodrigues\" alt=\"46. CUANDO EL ARTE SE ENCUENTRA CON LA NATURALEZA Photograph by Rosali Rodrigues\" style=\"width: 785px; height: 547px;\" \/> <\/a> <\/div> <\/div> <!-- close group --> <div class=\"gallery-group images-2\" style=\"width: 411px; height: 551px;\" data-original-width=\"411\" data-original-height=\"551\" > <div class=\"tiled-gallery-item tiled-gallery-item-large\" itemprop=\"associatedMedia\" itemscope itemtype=\"http:\/\/schema.org\/ImageObject\"> <a href=\"https:\/\/kalot.com.mx\/site\/2014\/01\/24\/top-75-de-las-mejores-fotografias-del-ano-pasado\/45-shelf-cloud-over-timisoara-romania-ervin-boer\/\" border=\"0\" itemprop=\"url\"> <meta itemprop=\"width\" content=\"407\"> <meta itemprop=\"height\" content=\"272\"> <img loading=\"lazy\" decoding=\"async\" class=\"\" data-attachment-id=\"10086\" data-orig-file=\"https:\/\/kalot.com.mx\/site\/wp-content\/uploads\/2014\/01\/45-shelf-cloud-over-timisoara-romania-ervin-boer.jpg\" data-orig-size=\"800,534\" data-comments-opened=\"1\" data-image-meta=\"{&quot;aperture&quot;:&quot;0&quot;,&quot;credit&quot;:&quot;&quot;,&quot;camera&quot;:&quot;&quot;,&quot;caption&quot;:&quot;&quot;,&quot;created_timestamp&quot;:&quot;0&quot;,&quot;copyright&quot;:&quot;&quot;,&quot;focal_length&quot;:&quot;0&quot;,&quot;iso&quot;:&quot;0&quot;,&quot;shutter_speed&quot;:&quot;0&quot;,&quot;title&quot;:&quot;&quot;,&quot;orientation&quot;:&quot;0&quot;}\" data-image-title=\"45. ARRECIFE DE NUBES SOBRE TIMISOARA Photograph by ERVIN BOER\" data-image-description=\"\" data-medium-file=\"https:\/\/i0.wp.com\/kalot.com.mx\/site\/wp-content\/uploads\/2014\/01\/45-shelf-cloud-over-timisoara-romania-ervin-boer.jpg?fit=300%2C200&#038;ssl=1\" data-large-file=\"https:\/\/i0.wp.com\/kalot.com.mx\/site\/wp-content\/uploads\/2014\/01\/45-shelf-cloud-over-timisoara-romania-ervin-boer.jpg?fit=800%2C534&#038;ssl=1\" src=\"https:\/\/i0.wp.com\/kalot.com.mx\/site\/wp-content\/uploads\/2014\/01\/45-shelf-cloud-over-timisoara-romania-ervin-boer.jpg?w=407&#038;h=272&#038;ssl=1\" srcset=\"https:\/\/i0.wp.com\/kalot.com.mx\/site\/wp-content\/uploads\/2014\/01\/45-shelf-cloud-over-timisoara-romania-ervin-boer.jpg?w=800&amp;ssl=1 800w, https:\/\/i0.wp.com\/kalot.com.mx\/site\/wp-content\/uploads\/2014\/01\/45-shelf-cloud-over-timisoara-romania-ervin-boer.jpg?resize=768%2C513&amp;ssl=1 768w, https:\/\/i0.wp.com\/kalot.com.mx\/site\/wp-content\/uploads\/2014\/01\/45-shelf-cloud-over-timisoara-romania-ervin-boer.jpg?resize=380%2C254&amp;ssl=1 380w, https:\/\/i0.wp.com\/kalot.com.mx\/site\/wp-content\/uploads\/2014\/01\/45-shelf-cloud-over-timisoara-romania-ervin-boer.jpg?resize=300%2C200&amp;ssl=1 300w, https:\/\/i0.wp.com\/kalot.com.mx\/site\/wp-content\/uploads\/2014\/01\/45-shelf-cloud-over-timisoara-romania-ervin-boer.jpg?resize=450%2C300&amp;ssl=1 450w\" width=\"407\" height=\"272\" loading=\"lazy\" data-original-width=\"407\" data-original-height=\"272\" itemprop=\"http:\/\/schema.org\/image\" title=\"45. ARRECIFE DE NUBES SOBRE TIMISOARA Photograph by ERVIN BOER\" alt=\"45. ARRECIFE DE NUBES SOBRE TIMISOARA Photograph by ERVIN BOER\" style=\"width: 407px; height: 272px;\" \/> <\/a> <\/div> <div class=\"tiled-gallery-item tiled-gallery-item-large\" itemprop=\"associatedMedia\" itemscope itemtype=\"http:\/\/schema.org\/ImageObject\"> <a href=\"https:\/\/kalot.com.mx\/site\/2014\/01\/24\/top-75-de-las-mejores-fotografias-del-ano-pasado\/44-5851384245_085553b720_b\/\" border=\"0\" itemprop=\"url\"> <meta itemprop=\"width\" content=\"407\"> <meta itemprop=\"height\" content=\"271\"> <img loading=\"lazy\" decoding=\"async\" class=\"\" data-attachment-id=\"10085\" data-orig-file=\"https:\/\/kalot.com.mx\/site\/wp-content\/uploads\/2014\/01\/44-5851384245_085553b720_b.jpg\" data-orig-size=\"1024,683\" data-comments-opened=\"1\" data-image-meta=\"{&quot;aperture&quot;:&quot;0&quot;,&quot;credit&quot;:&quot;Photographer: Christophe Kiciak&quot;,&quot;camera&quot;:&quot;&quot;,&quot;caption&quot;:&quot;&quot;,&quot;created_timestamp&quot;:&quot;1307799679&quot;,&quot;copyright&quot;:&quot;Copyright: Christophe Kiciak&quot;,&quot;focal_length&quot;:&quot;0&quot;,&quot;iso&quot;:&quot;0&quot;,&quot;shutter_speed&quot;:&quot;0&quot;,&quot;title&quot;:&quot;&quot;,&quot;orientation&quot;:&quot;0&quot;}\" data-image-title=\"44. \u00c1RBOL DE PONTHUS BEECH Photograph by CHRISTOPHE KICIAK\" data-image-description=\"\" data-medium-file=\"https:\/\/i0.wp.com\/kalot.com.mx\/site\/wp-content\/uploads\/2014\/01\/44-5851384245_085553b720_b.jpg?fit=300%2C200&#038;ssl=1\" data-large-file=\"https:\/\/i0.wp.com\/kalot.com.mx\/site\/wp-content\/uploads\/2014\/01\/44-5851384245_085553b720_b.jpg?fit=1024%2C683&#038;ssl=1\" src=\"https:\/\/i0.wp.com\/kalot.com.mx\/site\/wp-content\/uploads\/2014\/01\/44-5851384245_085553b720_b.jpg?w=407&#038;h=271&#038;ssl=1\" srcset=\"https:\/\/i0.wp.com\/kalot.com.mx\/site\/wp-content\/uploads\/2014\/01\/44-5851384245_085553b720_b.jpg?w=1024&amp;ssl=1 1024w, https:\/\/i0.wp.com\/kalot.com.mx\/site\/wp-content\/uploads\/2014\/01\/44-5851384245_085553b720_b.jpg?resize=768%2C512&amp;ssl=1 768w, https:\/\/i0.wp.com\/kalot.com.mx\/site\/wp-content\/uploads\/2014\/01\/44-5851384245_085553b720_b.jpg?resize=380%2C253&amp;ssl=1 380w, https:\/\/i0.wp.com\/kalot.com.mx\/site\/wp-content\/uploads\/2014\/01\/44-5851384245_085553b720_b.jpg?resize=800%2C534&amp;ssl=1 800w, https:\/\/i0.wp.com\/kalot.com.mx\/site\/wp-content\/uploads\/2014\/01\/44-5851384245_085553b720_b.jpg?resize=300%2C200&amp;ssl=1 300w, https:\/\/i0.wp.com\/kalot.com.mx\/site\/wp-content\/uploads\/2014\/01\/44-5851384245_085553b720_b.jpg?resize=450%2C300&amp;ssl=1 450w, https:\/\/i0.wp.com\/kalot.com.mx\/site\/wp-content\/uploads\/2014\/01\/44-5851384245_085553b720_b.jpg?resize=810%2C540&amp;ssl=1 810w\" width=\"407\" height=\"271\" loading=\"lazy\" data-original-width=\"407\" data-original-height=\"271\" itemprop=\"http:\/\/schema.org\/image\" title=\"44. \u00c1RBOL DE PONTHUS BEECH Photograph by CHRISTOPHE KICIAK\" alt=\"44. \u00c1RBOL DE PONTHUS BEECH Photograph by CHRISTOPHE KICIAK\" style=\"width: 407px; height: 271px;\" \/> <\/a> <\/div> <\/div> <!-- close group --> <\/div> <!-- close row --> <div class=\"gallery-row\" style=\"width: 1200px; height: 283px;\" data-original-width=\"1200\" data-original-height=\"283\" > <div class=\"gallery-group images-1\" style=\"width: 354px; height: 283px;\" data-original-width=\"354\" data-original-height=\"283\" > <div class=\"tiled-gallery-item tiled-gallery-item-large\" itemprop=\"associatedMedia\" itemscope itemtype=\"http:\/\/schema.org\/ImageObject\"> <a href=\"https:\/\/kalot.com.mx\/site\/2014\/01\/24\/top-75-de-las-mejores-fotografias-del-ano-pasado\/43-airplaine-crosses-partial-solar-eclipse\/\" border=\"0\" itemprop=\"url\"> <meta itemprop=\"width\" content=\"350\"> <meta itemprop=\"height\" content=\"279\"> <img loading=\"lazy\" decoding=\"async\" class=\"\" data-attachment-id=\"10084\" data-orig-file=\"https:\/\/kalot.com.mx\/site\/wp-content\/uploads\/2014\/01\/43-airplaine-crosses-partial-solar-eclipse.jpg\" data-orig-size=\"800,639\" data-comments-opened=\"1\" data-image-meta=\"{&quot;aperture&quot;:&quot;0&quot;,&quot;credit&quot;:&quot;&quot;,&quot;camera&quot;:&quot;&quot;,&quot;caption&quot;:&quot;&quot;,&quot;created_timestamp&quot;:&quot;0&quot;,&quot;copyright&quot;:&quot;&quot;,&quot;focal_length&quot;:&quot;0&quot;,&quot;iso&quot;:&quot;0&quot;,&quot;shutter_speed&quot;:&quot;0&quot;,&quot;title&quot;:&quot;&quot;,&quot;orientation&quot;:&quot;0&quot;}\" data-image-title=\"43. VUELO A TRAV\u00c9S DEL ECLIPSE Photograph by PHILLIP CALAIS\" data-image-description=\"\" data-medium-file=\"https:\/\/i0.wp.com\/kalot.com.mx\/site\/wp-content\/uploads\/2014\/01\/43-airplaine-crosses-partial-solar-eclipse.jpg?fit=300%2C240&#038;ssl=1\" data-large-file=\"https:\/\/i0.wp.com\/kalot.com.mx\/site\/wp-content\/uploads\/2014\/01\/43-airplaine-crosses-partial-solar-eclipse.jpg?fit=800%2C639&#038;ssl=1\" src=\"https:\/\/i0.wp.com\/kalot.com.mx\/site\/wp-content\/uploads\/2014\/01\/43-airplaine-crosses-partial-solar-eclipse.jpg?w=350&#038;h=279&#038;ssl=1\" srcset=\"https:\/\/i0.wp.com\/kalot.com.mx\/site\/wp-content\/uploads\/2014\/01\/43-airplaine-crosses-partial-solar-eclipse.jpg?w=800&amp;ssl=1 800w, https:\/\/i0.wp.com\/kalot.com.mx\/site\/wp-content\/uploads\/2014\/01\/43-airplaine-crosses-partial-solar-eclipse.jpg?resize=768%2C613&amp;ssl=1 768w, https:\/\/i0.wp.com\/kalot.com.mx\/site\/wp-content\/uploads\/2014\/01\/43-airplaine-crosses-partial-solar-eclipse.jpg?resize=380%2C304&amp;ssl=1 380w, https:\/\/i0.wp.com\/kalot.com.mx\/site\/wp-content\/uploads\/2014\/01\/43-airplaine-crosses-partial-solar-eclipse.jpg?resize=300%2C240&amp;ssl=1 300w\" width=\"350\" height=\"279\" loading=\"lazy\" data-original-width=\"350\" data-original-height=\"279\" itemprop=\"http:\/\/schema.org\/image\" title=\"43. VUELO A TRAV\u00c9S DEL ECLIPSE Photograph by PHILLIP CALAIS\" alt=\"43. VUELO A TRAV\u00c9S DEL ECLIPSE Photograph by PHILLIP CALAIS\" style=\"width: 350px; height: 279px;\" \/> <\/a> <\/div> <\/div> <!-- close group --> <div class=\"gallery-group images-1\" style=\"width: 423px; height: 283px;\" data-original-width=\"423\" data-original-height=\"283\" > <div class=\"tiled-gallery-item tiled-gallery-item-large\" itemprop=\"associatedMedia\" itemscope itemtype=\"http:\/\/schema.org\/ImageObject\"> <a href=\"https:\/\/kalot.com.mx\/site\/2014\/01\/24\/top-75-de-las-mejores-fotografias-del-ano-pasado\/42-7313944638_ce1d4d3055_c\/\" border=\"0\" itemprop=\"url\"> <meta itemprop=\"width\" content=\"419\"> <meta itemprop=\"height\" content=\"279\"> <img loading=\"lazy\" decoding=\"async\" class=\"\" data-attachment-id=\"10083\" data-orig-file=\"https:\/\/kalot.com.mx\/site\/wp-content\/uploads\/2014\/01\/42-7313944638_ce1d4d3055_c.jpg\" data-orig-size=\"800,533\" data-comments-opened=\"1\" data-image-meta=\"{&quot;aperture&quot;:&quot;0&quot;,&quot;credit&quot;:&quot;&quot;,&quot;camera&quot;:&quot;&quot;,&quot;caption&quot;:&quot;&quot;,&quot;created_timestamp&quot;:&quot;0&quot;,&quot;copyright&quot;:&quot;&quot;,&quot;focal_length&quot;:&quot;0&quot;,&quot;iso&quot;:&quot;0&quot;,&quot;shutter_speed&quot;:&quot;0&quot;,&quot;title&quot;:&quot;&quot;,&quot;orientation&quot;:&quot;0&quot;}\" data-image-title=\"42. PERFECCI\u00d3N SUBMARINA Photograph by SARAH LEE\" data-image-description=\"\" data-medium-file=\"https:\/\/i0.wp.com\/kalot.com.mx\/site\/wp-content\/uploads\/2014\/01\/42-7313944638_ce1d4d3055_c.jpg?fit=300%2C200&#038;ssl=1\" data-large-file=\"https:\/\/i0.wp.com\/kalot.com.mx\/site\/wp-content\/uploads\/2014\/01\/42-7313944638_ce1d4d3055_c.jpg?fit=800%2C533&#038;ssl=1\" src=\"https:\/\/i0.wp.com\/kalot.com.mx\/site\/wp-content\/uploads\/2014\/01\/42-7313944638_ce1d4d3055_c.jpg?w=419&#038;h=279&#038;ssl=1\" srcset=\"https:\/\/i0.wp.com\/kalot.com.mx\/site\/wp-content\/uploads\/2014\/01\/42-7313944638_ce1d4d3055_c.jpg?w=800&amp;ssl=1 800w, https:\/\/i0.wp.com\/kalot.com.mx\/site\/wp-content\/uploads\/2014\/01\/42-7313944638_ce1d4d3055_c.jpg?resize=768%2C512&amp;ssl=1 768w, https:\/\/i0.wp.com\/kalot.com.mx\/site\/wp-content\/uploads\/2014\/01\/42-7313944638_ce1d4d3055_c.jpg?resize=380%2C253&amp;ssl=1 380w, https:\/\/i0.wp.com\/kalot.com.mx\/site\/wp-content\/uploads\/2014\/01\/42-7313944638_ce1d4d3055_c.jpg?resize=300%2C200&amp;ssl=1 300w, https:\/\/i0.wp.com\/kalot.com.mx\/site\/wp-content\/uploads\/2014\/01\/42-7313944638_ce1d4d3055_c.jpg?resize=450%2C300&amp;ssl=1 450w\" width=\"419\" height=\"279\" loading=\"lazy\" data-original-width=\"419\" data-original-height=\"279\" itemprop=\"http:\/\/schema.org\/image\" title=\"42. PERFECCI\u00d3N SUBMARINA Photograph by SARAH LEE\" alt=\"42. PERFECCI\u00d3N SUBMARINA Photograph by SARAH LEE\" style=\"width: 419px; height: 279px;\" \/> <\/a> <\/div> <\/div> <!-- close group --> <div class=\"gallery-group images-1\" style=\"width: 423px; height: 283px;\" data-original-width=\"423\" data-original-height=\"283\" > <div class=\"tiled-gallery-item tiled-gallery-item-large\" itemprop=\"associatedMedia\" itemscope itemtype=\"http:\/\/schema.org\/ImageObject\"> <a href=\"https:\/\/kalot.com.mx\/site\/2014\/01\/24\/top-75-de-las-mejores-fotografias-del-ano-pasado\/41-cambrian-infinity-pool-view-swiss-alps-adelboden-switzerland\/\" border=\"0\" itemprop=\"url\"> <meta itemprop=\"width\" content=\"419\"> <meta itemprop=\"height\" content=\"279\"> <img loading=\"lazy\" decoding=\"async\" class=\"\" data-attachment-id=\"10082\" data-orig-file=\"https:\/\/kalot.com.mx\/site\/wp-content\/uploads\/2014\/01\/41-cambrian-infinity-pool-view-swiss-alps-adelboden-switzerland.jpg\" data-orig-size=\"800,533\" data-comments-opened=\"1\" data-image-meta=\"{&quot;aperture&quot;:&quot;0&quot;,&quot;credit&quot;:&quot;&quot;,&quot;camera&quot;:&quot;&quot;,&quot;caption&quot;:&quot;&quot;,&quot;created_timestamp&quot;:&quot;0&quot;,&quot;copyright&quot;:&quot;&quot;,&quot;focal_length&quot;:&quot;0&quot;,&quot;iso&quot;:&quot;0&quot;,&quot;shutter_speed&quot;:&quot;0&quot;,&quot;title&quot;:&quot;&quot;,&quot;orientation&quot;:&quot;0&quot;}\" data-image-title=\"41. JUNTO A LA PISCINA CON VISTA A LAS MONTA\u00d1AS Photograph by The Cambrian Hotel\" data-image-description=\"\" data-medium-file=\"https:\/\/i0.wp.com\/kalot.com.mx\/site\/wp-content\/uploads\/2014\/01\/41-cambrian-infinity-pool-view-swiss-alps-adelboden-switzerland.jpg?fit=300%2C200&#038;ssl=1\" data-large-file=\"https:\/\/i0.wp.com\/kalot.com.mx\/site\/wp-content\/uploads\/2014\/01\/41-cambrian-infinity-pool-view-swiss-alps-adelboden-switzerland.jpg?fit=800%2C533&#038;ssl=1\" src=\"https:\/\/i0.wp.com\/kalot.com.mx\/site\/wp-content\/uploads\/2014\/01\/41-cambrian-infinity-pool-view-swiss-alps-adelboden-switzerland.jpg?w=419&#038;h=279&#038;ssl=1\" srcset=\"https:\/\/i0.wp.com\/kalot.com.mx\/site\/wp-content\/uploads\/2014\/01\/41-cambrian-infinity-pool-view-swiss-alps-adelboden-switzerland.jpg?w=800&amp;ssl=1 800w, https:\/\/i0.wp.com\/kalot.com.mx\/site\/wp-content\/uploads\/2014\/01\/41-cambrian-infinity-pool-view-swiss-alps-adelboden-switzerland.jpg?resize=768%2C512&amp;ssl=1 768w, https:\/\/i0.wp.com\/kalot.com.mx\/site\/wp-content\/uploads\/2014\/01\/41-cambrian-infinity-pool-view-swiss-alps-adelboden-switzerland.jpg?resize=380%2C253&amp;ssl=1 380w, https:\/\/i0.wp.com\/kalot.com.mx\/site\/wp-content\/uploads\/2014\/01\/41-cambrian-infinity-pool-view-swiss-alps-adelboden-switzerland.jpg?resize=300%2C200&amp;ssl=1 300w, https:\/\/i0.wp.com\/kalot.com.mx\/site\/wp-content\/uploads\/2014\/01\/41-cambrian-infinity-pool-view-swiss-alps-adelboden-switzerland.jpg?resize=450%2C300&amp;ssl=1 450w\" width=\"419\" height=\"279\" loading=\"lazy\" data-original-width=\"419\" data-original-height=\"279\" itemprop=\"http:\/\/schema.org\/image\" title=\"41. JUNTO A LA PISCINA CON VISTA A LAS MONTA\u00d1AS Photograph by The Cambrian Hotel\" alt=\"41. JUNTO A LA PISCINA CON VISTA A LAS MONTA\u00d1AS Photograph by The Cambrian Hotel\" style=\"width: 419px; height: 279px;\" \/> <\/a> <\/div> <\/div> <!-- close group --> <\/div> <!-- close row --> <div class=\"gallery-row\" style=\"width: 1200px; height: 562px;\" data-original-width=\"1200\" data-original-height=\"562\" > <div class=\"gallery-group images-1\" style=\"width: 840px; height: 562px;\" data-original-width=\"840\" data-original-height=\"562\" > <div class=\"tiled-gallery-item tiled-gallery-item-large\" itemprop=\"associatedMedia\" itemscope itemtype=\"http:\/\/schema.org\/ImageObject\"> <a href=\"https:\/\/kalot.com.mx\/site\/2014\/01\/24\/top-75-de-las-mejores-fotografias-del-ano-pasado\/40-cherry-blossoms-in-bloor-yokohama-japan-hanami\/\" border=\"0\" itemprop=\"url\"> <meta itemprop=\"width\" content=\"836\"> <meta itemprop=\"height\" content=\"558\"> <img loading=\"lazy\" decoding=\"async\" class=\"\" data-attachment-id=\"10081\" data-orig-file=\"https:\/\/kalot.com.mx\/site\/wp-content\/uploads\/2014\/01\/40-cherry-blossoms-in-bloor-yokohama-japan-hanami.jpg\" data-orig-size=\"800,534\" data-comments-opened=\"1\" data-image-meta=\"{&quot;aperture&quot;:&quot;0&quot;,&quot;credit&quot;:&quot;&quot;,&quot;camera&quot;:&quot;&quot;,&quot;caption&quot;:&quot;&quot;,&quot;created_timestamp&quot;:&quot;0&quot;,&quot;copyright&quot;:&quot;\\u00a9 2013 Agustin Rafael C. Reyes&quot;,&quot;focal_length&quot;:&quot;0&quot;,&quot;iso&quot;:&quot;0&quot;,&quot;shutter_speed&quot;:&quot;0&quot;,&quot;title&quot;:&quot;&quot;,&quot;orientation&quot;:&quot;0&quot;}\" data-image-title=\"40. \u00c1RBOLES DE CEREZO FLORECIENDO EN YOKOHAMA Photograph by AGUSTIN RAFAEL REYES\" data-image-description=\"\" data-medium-file=\"https:\/\/i0.wp.com\/kalot.com.mx\/site\/wp-content\/uploads\/2014\/01\/40-cherry-blossoms-in-bloor-yokohama-japan-hanami.jpg?fit=300%2C200&#038;ssl=1\" data-large-file=\"https:\/\/i0.wp.com\/kalot.com.mx\/site\/wp-content\/uploads\/2014\/01\/40-cherry-blossoms-in-bloor-yokohama-japan-hanami.jpg?fit=800%2C534&#038;ssl=1\" src=\"https:\/\/i0.wp.com\/kalot.com.mx\/site\/wp-content\/uploads\/2014\/01\/40-cherry-blossoms-in-bloor-yokohama-japan-hanami.jpg?w=836&#038;h=558&#038;ssl=1\" srcset=\"https:\/\/i0.wp.com\/kalot.com.mx\/site\/wp-content\/uploads\/2014\/01\/40-cherry-blossoms-in-bloor-yokohama-japan-hanami.jpg?w=800&amp;ssl=1 800w, https:\/\/i0.wp.com\/kalot.com.mx\/site\/wp-content\/uploads\/2014\/01\/40-cherry-blossoms-in-bloor-yokohama-japan-hanami.jpg?resize=768%2C513&amp;ssl=1 768w, https:\/\/i0.wp.com\/kalot.com.mx\/site\/wp-content\/uploads\/2014\/01\/40-cherry-blossoms-in-bloor-yokohama-japan-hanami.jpg?resize=380%2C254&amp;ssl=1 380w, https:\/\/i0.wp.com\/kalot.com.mx\/site\/wp-content\/uploads\/2014\/01\/40-cherry-blossoms-in-bloor-yokohama-japan-hanami.jpg?resize=300%2C200&amp;ssl=1 300w, https:\/\/i0.wp.com\/kalot.com.mx\/site\/wp-content\/uploads\/2014\/01\/40-cherry-blossoms-in-bloor-yokohama-japan-hanami.jpg?resize=450%2C300&amp;ssl=1 450w\" width=\"836\" height=\"558\" loading=\"lazy\" data-original-width=\"836\" data-original-height=\"558\" itemprop=\"http:\/\/schema.org\/image\" title=\"40. \u00c1RBOLES DE CEREZO FLORECIENDO EN YOKOHAMA Photograph by AGUSTIN RAFAEL REYES\" alt=\"40. \u00c1RBOLES DE CEREZO FLORECIENDO EN YOKOHAMA Photograph by AGUSTIN RAFAEL REYES\" style=\"width: 836px; height: 558px;\" \/> <\/a> <\/div> <\/div> <!-- close group --> <div class=\"gallery-group images-1\" style=\"width: 360px; height: 562px;\" data-original-width=\"360\" data-original-height=\"562\" > <div class=\"tiled-gallery-item tiled-gallery-item-large\" itemprop=\"associatedMedia\" itemscope itemtype=\"http:\/\/schema.org\/ImageObject\"> <a href=\"https:\/\/kalot.com.mx\/site\/2014\/01\/24\/top-75-de-las-mejores-fotografias-del-ano-pasado\/39-barn-conversion-seagull-house-devon-england-james-roderick\/\" border=\"0\" itemprop=\"url\"> <meta itemprop=\"width\" content=\"356\"> <meta itemprop=\"height\" content=\"558\"> <img loading=\"lazy\" decoding=\"async\" class=\"\" data-attachment-id=\"10080\" data-orig-file=\"https:\/\/kalot.com.mx\/site\/wp-content\/uploads\/2014\/01\/39-barn-conversion-seagull-house-devon-england-james-roderick.jpg\" data-orig-size=\"800,1255\" data-comments-opened=\"1\" data-image-meta=\"{&quot;aperture&quot;:&quot;0&quot;,&quot;credit&quot;:&quot;&quot;,&quot;camera&quot;:&quot;&quot;,&quot;caption&quot;:&quot;&quot;,&quot;created_timestamp&quot;:&quot;0&quot;,&quot;copyright&quot;:&quot;&quot;,&quot;focal_length&quot;:&quot;0&quot;,&quot;iso&quot;:&quot;0&quot;,&quot;shutter_speed&quot;:&quot;0&quot;,&quot;title&quot;:&quot;&quot;,&quot;orientation&quot;:&quot;0&quot;}\" data-image-title=\"39. CONVERSI\u00d3N DEL ESTABLO Designed and Built by Roderick James Architects | Carpenter Oak\" data-image-description=\"\" data-medium-file=\"https:\/\/i0.wp.com\/kalot.com.mx\/site\/wp-content\/uploads\/2014\/01\/39-barn-conversion-seagull-house-devon-england-james-roderick.jpg?fit=191%2C300&#038;ssl=1\" data-large-file=\"https:\/\/i0.wp.com\/kalot.com.mx\/site\/wp-content\/uploads\/2014\/01\/39-barn-conversion-seagull-house-devon-england-james-roderick.jpg?fit=653%2C1024&#038;ssl=1\" src=\"https:\/\/i0.wp.com\/kalot.com.mx\/site\/wp-content\/uploads\/2014\/01\/39-barn-conversion-seagull-house-devon-england-james-roderick.jpg?w=356&#038;h=558&#038;ssl=1\" srcset=\"https:\/\/i0.wp.com\/kalot.com.mx\/site\/wp-content\/uploads\/2014\/01\/39-barn-conversion-seagull-house-devon-england-james-roderick.jpg?w=800&amp;ssl=1 800w, https:\/\/i0.wp.com\/kalot.com.mx\/site\/wp-content\/uploads\/2014\/01\/39-barn-conversion-seagull-house-devon-england-james-roderick.jpg?resize=768%2C1205&amp;ssl=1 768w, https:\/\/i0.wp.com\/kalot.com.mx\/site\/wp-content\/uploads\/2014\/01\/39-barn-conversion-seagull-house-devon-england-james-roderick.jpg?resize=380%2C596&amp;ssl=1 380w, https:\/\/i0.wp.com\/kalot.com.mx\/site\/wp-content\/uploads\/2014\/01\/39-barn-conversion-seagull-house-devon-england-james-roderick.jpg?resize=191%2C300&amp;ssl=1 191w, https:\/\/i0.wp.com\/kalot.com.mx\/site\/wp-content\/uploads\/2014\/01\/39-barn-conversion-seagull-house-devon-england-james-roderick.jpg?resize=653%2C1024&amp;ssl=1 653w, https:\/\/i0.wp.com\/kalot.com.mx\/site\/wp-content\/uploads\/2014\/01\/39-barn-conversion-seagull-house-devon-england-james-roderick.jpg?resize=300%2C471&amp;ssl=1 300w\" width=\"356\" height=\"558\" loading=\"lazy\" data-original-width=\"356\" data-original-height=\"558\" itemprop=\"http:\/\/schema.org\/image\" title=\"39. CONVERSI\u00d3N DEL ESTABLO Designed and Built by Roderick James Architects | Carpenter Oak\" alt=\"39. CONVERSI\u00d3N DEL ESTABLO Designed and Built by Roderick James Architects | Carpenter Oak\" style=\"width: 356px; height: 558px;\" \/> <\/a> <\/div> <\/div> <!-- close group --> <\/div> <!-- close row --> <div class=\"gallery-row\" style=\"width: 1200px; height: 1031px;\" data-original-width=\"1200\" data-original-height=\"1031\" > <div class=\"gallery-group images-1\" style=\"width: 688px; height: 1031px;\" data-original-width=\"688\" data-original-height=\"1031\" > <div class=\"tiled-gallery-item tiled-gallery-item-large\" itemprop=\"associatedMedia\" itemscope itemtype=\"http:\/\/schema.org\/ImageObject\"> <a href=\"https:\/\/kalot.com.mx\/site\/2014\/01\/24\/top-75-de-las-mejores-fotografias-del-ano-pasado\/38-face-plant-double-exposure\/\" border=\"0\" itemprop=\"url\"> <meta itemprop=\"width\" content=\"684\"> <meta itemprop=\"height\" content=\"1027\"> <img loading=\"lazy\" decoding=\"async\" class=\"\" data-attachment-id=\"10079\" data-orig-file=\"https:\/\/kalot.com.mx\/site\/wp-content\/uploads\/2014\/01\/38-face-plant-double-exposure.jpg\" data-orig-size=\"800,1201\" data-comments-opened=\"1\" data-image-meta=\"{&quot;aperture&quot;:&quot;0&quot;,&quot;credit&quot;:&quot;&quot;,&quot;camera&quot;:&quot;&quot;,&quot;caption&quot;:&quot;&quot;,&quot;created_timestamp&quot;:&quot;0&quot;,&quot;copyright&quot;:&quot;&quot;,&quot;focal_length&quot;:&quot;0&quot;,&quot;iso&quot;:&quot;0&quot;,&quot;shutter_speed&quot;:&quot;0&quot;,&quot;title&quot;:&quot;&quot;,&quot;orientation&quot;:&quot;0&quot;}\" data-image-title=\"38. CARA DE PLANTA Photograph by Archie Campbell | archiecampbell.co.uk\" data-image-description=\"\" data-medium-file=\"https:\/\/i0.wp.com\/kalot.com.mx\/site\/wp-content\/uploads\/2014\/01\/38-face-plant-double-exposure.jpg?fit=200%2C300&#038;ssl=1\" data-large-file=\"https:\/\/i0.wp.com\/kalot.com.mx\/site\/wp-content\/uploads\/2014\/01\/38-face-plant-double-exposure.jpg?fit=682%2C1024&#038;ssl=1\" src=\"https:\/\/i0.wp.com\/kalot.com.mx\/site\/wp-content\/uploads\/2014\/01\/38-face-plant-double-exposure.jpg?w=684&#038;h=1027&#038;ssl=1\" srcset=\"https:\/\/i0.wp.com\/kalot.com.mx\/site\/wp-content\/uploads\/2014\/01\/38-face-plant-double-exposure.jpg?w=800&amp;ssl=1 800w, https:\/\/i0.wp.com\/kalot.com.mx\/site\/wp-content\/uploads\/2014\/01\/38-face-plant-double-exposure.jpg?resize=768%2C1153&amp;ssl=1 768w, https:\/\/i0.wp.com\/kalot.com.mx\/site\/wp-content\/uploads\/2014\/01\/38-face-plant-double-exposure.jpg?resize=380%2C570&amp;ssl=1 380w, https:\/\/i0.wp.com\/kalot.com.mx\/site\/wp-content\/uploads\/2014\/01\/38-face-plant-double-exposure.jpg?resize=200%2C300&amp;ssl=1 200w, https:\/\/i0.wp.com\/kalot.com.mx\/site\/wp-content\/uploads\/2014\/01\/38-face-plant-double-exposure.jpg?resize=682%2C1024&amp;ssl=1 682w, https:\/\/i0.wp.com\/kalot.com.mx\/site\/wp-content\/uploads\/2014\/01\/38-face-plant-double-exposure.jpg?resize=300%2C450&amp;ssl=1 300w\" width=\"684\" height=\"1027\" loading=\"lazy\" data-original-width=\"684\" data-original-height=\"1027\" itemprop=\"http:\/\/schema.org\/image\" title=\"38. CARA DE PLANTA Photograph by Archie Campbell | archiecampbell.co.uk\" alt=\"38. CARA DE PLANTA Photograph by Archie Campbell | archiecampbell.co.uk\" style=\"width: 684px; height: 1027px;\" \/> <\/a> <\/div> <\/div> <!-- close group --> <div class=\"gallery-group images-3\" style=\"width: 512px; height: 1031px;\" data-original-width=\"512\" data-original-height=\"1031\" > <div class=\"tiled-gallery-item tiled-gallery-item-large\" itemprop=\"associatedMedia\" itemscope itemtype=\"http:\/\/schema.org\/ImageObject\"> <a href=\"https:\/\/kalot.com.mx\/site\/2014\/01\/24\/top-75-de-las-mejores-fotografias-del-ano-pasado\/37-multicolored-striped-iceberg\/\" border=\"0\" itemprop=\"url\"> <meta itemprop=\"width\" content=\"508\"> <meta itemprop=\"height\" content=\"346\"> <img loading=\"lazy\" decoding=\"async\" class=\"\" data-attachment-id=\"10078\" data-orig-file=\"https:\/\/kalot.com.mx\/site\/wp-content\/uploads\/2014\/01\/37-multicolored-striped-iceberg.jpg\" data-orig-size=\"800,545\" data-comments-opened=\"1\" data-image-meta=\"{&quot;aperture&quot;:&quot;0&quot;,&quot;credit&quot;:&quot;&quot;,&quot;camera&quot;:&quot;&quot;,&quot;caption&quot;:&quot;&quot;,&quot;created_timestamp&quot;:&quot;0&quot;,&quot;copyright&quot;:&quot;NEIL HALL \\u0026amp; OYVIND TANGEN&quot;,&quot;focal_length&quot;:&quot;0&quot;,&quot;iso&quot;:&quot;0&quot;,&quot;shutter_speed&quot;:&quot;0&quot;,&quot;title&quot;:&quot;&quot;,&quot;orientation&quot;:&quot;0&quot;}\" data-image-title=\"37. EL ICEBERG MULTICOLOR Photograph by \u00d8yvind Tangen\" data-image-description=\"\" data-medium-file=\"https:\/\/i0.wp.com\/kalot.com.mx\/site\/wp-content\/uploads\/2014\/01\/37-multicolored-striped-iceberg.jpg?fit=300%2C204&#038;ssl=1\" data-large-file=\"https:\/\/i0.wp.com\/kalot.com.mx\/site\/wp-content\/uploads\/2014\/01\/37-multicolored-striped-iceberg.jpg?fit=800%2C545&#038;ssl=1\" src=\"https:\/\/i0.wp.com\/kalot.com.mx\/site\/wp-content\/uploads\/2014\/01\/37-multicolored-striped-iceberg.jpg?w=508&#038;h=346&#038;ssl=1\" srcset=\"https:\/\/i0.wp.com\/kalot.com.mx\/site\/wp-content\/uploads\/2014\/01\/37-multicolored-striped-iceberg.jpg?w=800&amp;ssl=1 800w, https:\/\/i0.wp.com\/kalot.com.mx\/site\/wp-content\/uploads\/2014\/01\/37-multicolored-striped-iceberg.jpg?resize=768%2C523&amp;ssl=1 768w, https:\/\/i0.wp.com\/kalot.com.mx\/site\/wp-content\/uploads\/2014\/01\/37-multicolored-striped-iceberg.jpg?resize=380%2C260&amp;ssl=1 380w, https:\/\/i0.wp.com\/kalot.com.mx\/site\/wp-content\/uploads\/2014\/01\/37-multicolored-striped-iceberg.jpg?resize=300%2C204&amp;ssl=1 300w, https:\/\/i0.wp.com\/kalot.com.mx\/site\/wp-content\/uploads\/2014\/01\/37-multicolored-striped-iceberg.jpg?resize=235%2C160&amp;ssl=1 235w, https:\/\/i0.wp.com\/kalot.com.mx\/site\/wp-content\/uploads\/2014\/01\/37-multicolored-striped-iceberg.jpg?resize=145%2C100&amp;ssl=1 145w\" width=\"508\" height=\"346\" loading=\"lazy\" data-original-width=\"508\" data-original-height=\"346\" itemprop=\"http:\/\/schema.org\/image\" title=\"37. EL ICEBERG MULTICOLOR Photograph by \u00d8yvind Tangen\" alt=\"37. EL ICEBERG MULTICOLOR Photograph by \u00d8yvind Tangen\" style=\"width: 508px; height: 346px;\" \/> <\/a> <\/div> <div class=\"tiled-gallery-item tiled-gallery-item-large\" itemprop=\"associatedMedia\" itemscope itemtype=\"http:\/\/schema.org\/ImageObject\"> <a href=\"https:\/\/kalot.com.mx\/site\/2014\/01\/24\/top-75-de-las-mejores-fotografias-del-ano-pasado\/36-just-room-enough-island-thousand-islands\/\" border=\"0\" itemprop=\"url\"> <meta itemprop=\"width\" content=\"508\"> <meta itemprop=\"height\" content=\"334\"> <img loading=\"lazy\" decoding=\"async\" class=\"\" data-attachment-id=\"10077\" data-orig-file=\"https:\/\/kalot.com.mx\/site\/wp-content\/uploads\/2014\/01\/36-just-room-enough-island-thousand-islands.jpg\" data-orig-size=\"800,527\" data-comments-opened=\"1\" data-image-meta=\"{&quot;aperture&quot;:&quot;0&quot;,&quot;credit&quot;:&quot;&quot;,&quot;camera&quot;:&quot;&quot;,&quot;caption&quot;:&quot;&quot;,&quot;created_timestamp&quot;:&quot;0&quot;,&quot;copyright&quot;:&quot;&quot;,&quot;focal_length&quot;:&quot;0&quot;,&quot;iso&quot;:&quot;0&quot;,&quot;shutter_speed&quot;:&quot;0&quot;,&quot;title&quot;:&quot;&quot;,&quot;orientation&quot;:&quot;0&quot;}\" data-image-title=\"36. ESPACIO SUFICIENTE EN LA ISLA Photograph by Omegatron on Wikimedia Commons\" data-image-description=\"\" data-medium-file=\"https:\/\/i0.wp.com\/kalot.com.mx\/site\/wp-content\/uploads\/2014\/01\/36-just-room-enough-island-thousand-islands.jpg?fit=300%2C198&#038;ssl=1\" data-large-file=\"https:\/\/i0.wp.com\/kalot.com.mx\/site\/wp-content\/uploads\/2014\/01\/36-just-room-enough-island-thousand-islands.jpg?fit=800%2C527&#038;ssl=1\" src=\"https:\/\/i0.wp.com\/kalot.com.mx\/site\/wp-content\/uploads\/2014\/01\/36-just-room-enough-island-thousand-islands.jpg?w=508&#038;h=334&#038;ssl=1\" srcset=\"https:\/\/i0.wp.com\/kalot.com.mx\/site\/wp-content\/uploads\/2014\/01\/36-just-room-enough-island-thousand-islands.jpg?w=800&amp;ssl=1 800w, https:\/\/i0.wp.com\/kalot.com.mx\/site\/wp-content\/uploads\/2014\/01\/36-just-room-enough-island-thousand-islands.jpg?resize=768%2C506&amp;ssl=1 768w, https:\/\/i0.wp.com\/kalot.com.mx\/site\/wp-content\/uploads\/2014\/01\/36-just-room-enough-island-thousand-islands.jpg?resize=380%2C250&amp;ssl=1 380w, https:\/\/i0.wp.com\/kalot.com.mx\/site\/wp-content\/uploads\/2014\/01\/36-just-room-enough-island-thousand-islands.jpg?resize=300%2C198&amp;ssl=1 300w\" width=\"508\" height=\"334\" loading=\"lazy\" data-original-width=\"508\" data-original-height=\"334\" itemprop=\"http:\/\/schema.org\/image\" title=\"36. ESPACIO SUFICIENTE EN LA ISLA Photograph by Omegatron on Wikimedia Commons\" alt=\"36. ESPACIO SUFICIENTE EN LA ISLA Photograph by Omegatron on Wikimedia Commons\" style=\"width: 508px; height: 334px;\" \/> <\/a> <\/div> <div class=\"tiled-gallery-item tiled-gallery-item-large\" itemprop=\"associatedMedia\" itemscope itemtype=\"http:\/\/schema.org\/ImageObject\"> <a href=\"https:\/\/kalot.com.mx\/site\/2014\/01\/24\/top-75-de-las-mejores-fotografias-del-ano-pasado\/35-blue-indoor-tiled-roman-pool-hearst-castle\/\" border=\"0\" itemprop=\"url\"> <meta itemprop=\"width\" content=\"508\"> <meta itemprop=\"height\" content=\"339\"> <img loading=\"lazy\" decoding=\"async\" class=\"\" data-attachment-id=\"10076\" data-orig-file=\"https:\/\/kalot.com.mx\/site\/wp-content\/uploads\/2014\/01\/35-blue-indoor-tiled-roman-pool-hearst-castle.jpg\" data-orig-size=\"800,534\" data-comments-opened=\"1\" data-image-meta=\"{&quot;aperture&quot;:&quot;0&quot;,&quot;credit&quot;:&quot;&quot;,&quot;camera&quot;:&quot;&quot;,&quot;caption&quot;:&quot;&quot;,&quot;created_timestamp&quot;:&quot;0&quot;,&quot;copyright&quot;:&quot;&quot;,&quot;focal_length&quot;:&quot;0&quot;,&quot;iso&quot;:&quot;0&quot;,&quot;shutter_speed&quot;:&quot;0&quot;,&quot;title&quot;:&quot;&quot;,&quot;orientation&quot;:&quot;0&quot;}\" data-image-title=\"35. PISCINA ROMANA EN EL CASTILLO HEARST Photograph by Trey Ratcliff @ stuckincustoms.com\" data-image-description=\"\" data-medium-file=\"https:\/\/i0.wp.com\/kalot.com.mx\/site\/wp-content\/uploads\/2014\/01\/35-blue-indoor-tiled-roman-pool-hearst-castle.jpg?fit=300%2C200&#038;ssl=1\" data-large-file=\"https:\/\/i0.wp.com\/kalot.com.mx\/site\/wp-content\/uploads\/2014\/01\/35-blue-indoor-tiled-roman-pool-hearst-castle.jpg?fit=800%2C534&#038;ssl=1\" src=\"https:\/\/i0.wp.com\/kalot.com.mx\/site\/wp-content\/uploads\/2014\/01\/35-blue-indoor-tiled-roman-pool-hearst-castle.jpg?w=508&#038;h=339&#038;ssl=1\" srcset=\"https:\/\/i0.wp.com\/kalot.com.mx\/site\/wp-content\/uploads\/2014\/01\/35-blue-indoor-tiled-roman-pool-hearst-castle.jpg?w=800&amp;ssl=1 800w, https:\/\/i0.wp.com\/kalot.com.mx\/site\/wp-content\/uploads\/2014\/01\/35-blue-indoor-tiled-roman-pool-hearst-castle.jpg?resize=768%2C513&amp;ssl=1 768w, https:\/\/i0.wp.com\/kalot.com.mx\/site\/wp-content\/uploads\/2014\/01\/35-blue-indoor-tiled-roman-pool-hearst-castle.jpg?resize=380%2C254&amp;ssl=1 380w, https:\/\/i0.wp.com\/kalot.com.mx\/site\/wp-content\/uploads\/2014\/01\/35-blue-indoor-tiled-roman-pool-hearst-castle.jpg?resize=300%2C200&amp;ssl=1 300w, https:\/\/i0.wp.com\/kalot.com.mx\/site\/wp-content\/uploads\/2014\/01\/35-blue-indoor-tiled-roman-pool-hearst-castle.jpg?resize=450%2C300&amp;ssl=1 450w\" width=\"508\" height=\"339\" loading=\"lazy\" data-original-width=\"508\" data-original-height=\"339\" itemprop=\"http:\/\/schema.org\/image\" title=\"35. PISCINA ROMANA EN EL CASTILLO HEARST Photograph by Trey Ratcliff @ stuckincustoms.com\" alt=\"35. PISCINA ROMANA EN EL CASTILLO HEARST Photograph by Trey Ratcliff @ stuckincustoms.com\" style=\"width: 508px; height: 339px;\" \/> <\/a> <\/div> <\/div> <!-- close group --> <\/div> <!-- close row --> <div class=\"gallery-row\" style=\"width: 1200px; height: 537px;\" data-original-width=\"1200\" data-original-height=\"537\" > <div class=\"gallery-group images-1\" style=\"width: 804px; height: 537px;\" data-original-width=\"804\" data-original-height=\"537\" > <div class=\"tiled-gallery-item tiled-gallery-item-large\" itemprop=\"associatedMedia\" itemscope itemtype=\"http:\/\/schema.org\/ImageObject\"> <a href=\"https:\/\/kalot.com.mx\/site\/2014\/01\/24\/top-75-de-las-mejores-fotografias-del-ano-pasado\/34-3211027090_2e9cde9787_b\/\" border=\"0\" itemprop=\"url\"> <meta itemprop=\"width\" content=\"800\"> <meta itemprop=\"height\" content=\"533\"> <img loading=\"lazy\" decoding=\"async\" class=\"\" data-attachment-id=\"10075\" data-orig-file=\"https:\/\/kalot.com.mx\/site\/wp-content\/uploads\/2014\/01\/34-3211027090_2e9cde9787_b.jpg\" data-orig-size=\"1024,682\" data-comments-opened=\"1\" data-image-meta=\"{&quot;aperture&quot;:&quot;0&quot;,&quot;credit&quot;:&quot;&quot;,&quot;camera&quot;:&quot;&quot;,&quot;caption&quot;:&quot;&quot;,&quot;created_timestamp&quot;:&quot;0&quot;,&quot;copyright&quot;:&quot;&quot;,&quot;focal_length&quot;:&quot;0&quot;,&quot;iso&quot;:&quot;0&quot;,&quot;shutter_speed&quot;:&quot;0&quot;,&quot;title&quot;:&quot;&quot;,&quot;orientation&quot;:&quot;0&quot;}\" data-image-title=\"34. V\u00cdAS DE TREN ABANDONADAS EN PARIS Photograph by Mister Boubou on Flickr \" data-image-description=\"\" data-medium-file=\"https:\/\/i0.wp.com\/kalot.com.mx\/site\/wp-content\/uploads\/2014\/01\/34-3211027090_2e9cde9787_b.jpg?fit=300%2C200&#038;ssl=1\" data-large-file=\"https:\/\/i0.wp.com\/kalot.com.mx\/site\/wp-content\/uploads\/2014\/01\/34-3211027090_2e9cde9787_b.jpg?fit=1024%2C682&#038;ssl=1\" src=\"https:\/\/i0.wp.com\/kalot.com.mx\/site\/wp-content\/uploads\/2014\/01\/34-3211027090_2e9cde9787_b.jpg?w=800&#038;h=533&#038;ssl=1\" srcset=\"https:\/\/i0.wp.com\/kalot.com.mx\/site\/wp-content\/uploads\/2014\/01\/34-3211027090_2e9cde9787_b.jpg?w=1024&amp;ssl=1 1024w, https:\/\/i0.wp.com\/kalot.com.mx\/site\/wp-content\/uploads\/2014\/01\/34-3211027090_2e9cde9787_b.jpg?resize=768%2C512&amp;ssl=1 768w, https:\/\/i0.wp.com\/kalot.com.mx\/site\/wp-content\/uploads\/2014\/01\/34-3211027090_2e9cde9787_b.jpg?resize=380%2C253&amp;ssl=1 380w, https:\/\/i0.wp.com\/kalot.com.mx\/site\/wp-content\/uploads\/2014\/01\/34-3211027090_2e9cde9787_b.jpg?resize=800%2C533&amp;ssl=1 800w, https:\/\/i0.wp.com\/kalot.com.mx\/site\/wp-content\/uploads\/2014\/01\/34-3211027090_2e9cde9787_b.jpg?resize=300%2C200&amp;ssl=1 300w, https:\/\/i0.wp.com\/kalot.com.mx\/site\/wp-content\/uploads\/2014\/01\/34-3211027090_2e9cde9787_b.jpg?resize=450%2C300&amp;ssl=1 450w, https:\/\/i0.wp.com\/kalot.com.mx\/site\/wp-content\/uploads\/2014\/01\/34-3211027090_2e9cde9787_b.jpg?resize=810%2C539&amp;ssl=1 810w\" width=\"800\" height=\"533\" loading=\"lazy\" data-original-width=\"800\" data-original-height=\"533\" itemprop=\"http:\/\/schema.org\/image\" title=\"34. V\u00cdAS DE TREN ABANDONADAS EN PARIS Photograph by Mister Boubou on Flickr \" alt=\"34. V\u00cdAS DE TREN ABANDONADAS EN PARIS Photograph by Mister Boubou on Flickr\" style=\"width: 800px; height: 533px;\" \/> <\/a> <\/div> <\/div> <!-- close group --> <div class=\"gallery-group images-2\" style=\"width: 396px; height: 537px;\" data-original-width=\"396\" data-original-height=\"537\" > <div class=\"tiled-gallery-item tiled-gallery-item-large\" itemprop=\"associatedMedia\" itemscope itemtype=\"http:\/\/schema.org\/ImageObject\"> <a href=\"https:\/\/kalot.com.mx\/site\/2014\/01\/24\/top-75-de-las-mejores-fotografias-del-ano-pasado\/33-two-kids-under-a-banana-leaf-in-the-rain-indonesia\/\" border=\"0\" itemprop=\"url\"> <meta itemprop=\"width\" content=\"392\"> <meta itemprop=\"height\" content=\"262\"> <img loading=\"lazy\" decoding=\"async\" class=\"\" data-attachment-id=\"10074\" data-orig-file=\"https:\/\/kalot.com.mx\/site\/wp-content\/uploads\/2014\/01\/33-two-kids-under-a-banana-leaf-in-the-rain-indonesia.jpg\" data-orig-size=\"800,533\" data-comments-opened=\"1\" data-image-meta=\"{&quot;aperture&quot;:&quot;0&quot;,&quot;credit&quot;:&quot;&quot;,&quot;camera&quot;:&quot;&quot;,&quot;caption&quot;:&quot;&quot;,&quot;created_timestamp&quot;:&quot;0&quot;,&quot;copyright&quot;:&quot;&quot;,&quot;focal_length&quot;:&quot;0&quot;,&quot;iso&quot;:&quot;0&quot;,&quot;shutter_speed&quot;:&quot;0&quot;,&quot;title&quot;:&quot;&quot;,&quot;orientation&quot;:&quot;0&quot;}\" data-image-title=\"33. PARA ESO SON LOS AMIGOS Photograph by Kendisan Seruyan\" data-image-description=\"\" data-medium-file=\"https:\/\/i0.wp.com\/kalot.com.mx\/site\/wp-content\/uploads\/2014\/01\/33-two-kids-under-a-banana-leaf-in-the-rain-indonesia.jpg?fit=300%2C200&#038;ssl=1\" data-large-file=\"https:\/\/i0.wp.com\/kalot.com.mx\/site\/wp-content\/uploads\/2014\/01\/33-two-kids-under-a-banana-leaf-in-the-rain-indonesia.jpg?fit=800%2C533&#038;ssl=1\" src=\"https:\/\/i0.wp.com\/kalot.com.mx\/site\/wp-content\/uploads\/2014\/01\/33-two-kids-under-a-banana-leaf-in-the-rain-indonesia.jpg?w=392&#038;h=262&#038;ssl=1\" srcset=\"https:\/\/i0.wp.com\/kalot.com.mx\/site\/wp-content\/uploads\/2014\/01\/33-two-kids-under-a-banana-leaf-in-the-rain-indonesia.jpg?w=800&amp;ssl=1 800w, https:\/\/i0.wp.com\/kalot.com.mx\/site\/wp-content\/uploads\/2014\/01\/33-two-kids-under-a-banana-leaf-in-the-rain-indonesia.jpg?resize=768%2C512&amp;ssl=1 768w, https:\/\/i0.wp.com\/kalot.com.mx\/site\/wp-content\/uploads\/2014\/01\/33-two-kids-under-a-banana-leaf-in-the-rain-indonesia.jpg?resize=380%2C253&amp;ssl=1 380w, https:\/\/i0.wp.com\/kalot.com.mx\/site\/wp-content\/uploads\/2014\/01\/33-two-kids-under-a-banana-leaf-in-the-rain-indonesia.jpg?resize=300%2C200&amp;ssl=1 300w, https:\/\/i0.wp.com\/kalot.com.mx\/site\/wp-content\/uploads\/2014\/01\/33-two-kids-under-a-banana-leaf-in-the-rain-indonesia.jpg?resize=450%2C300&amp;ssl=1 450w\" width=\"392\" height=\"262\" loading=\"lazy\" data-original-width=\"392\" data-original-height=\"262\" itemprop=\"http:\/\/schema.org\/image\" title=\"33. PARA ESO SON LOS AMIGOS Photograph by Kendisan Seruyan\" alt=\"33. PARA ESO SON LOS AMIGOS Photograph by Kendisan Seruyan\" style=\"width: 392px; height: 262px;\" \/> <\/a> <\/div> <div class=\"tiled-gallery-item tiled-gallery-item-large\" itemprop=\"associatedMedia\" itemscope itemtype=\"http:\/\/schema.org\/ImageObject\"> <a href=\"https:\/\/kalot.com.mx\/site\/2014\/01\/24\/top-75-de-las-mejores-fotografias-del-ano-pasado\/32-400451913_5af65eb239_b\/\" border=\"0\" itemprop=\"url\"> <meta itemprop=\"width\" content=\"392\"> <meta itemprop=\"height\" content=\"267\"> <img loading=\"lazy\" decoding=\"async\" class=\"\" data-attachment-id=\"10073\" data-orig-file=\"https:\/\/kalot.com.mx\/site\/wp-content\/uploads\/2014\/01\/32-400451913_5af65eb239_b.jpg\" data-orig-size=\"1024,697\" data-comments-opened=\"1\" data-image-meta=\"{&quot;aperture&quot;:&quot;0&quot;,&quot;credit&quot;:&quot;&quot;,&quot;camera&quot;:&quot;&quot;,&quot;caption&quot;:&quot;&quot;,&quot;created_timestamp&quot;:&quot;0&quot;,&quot;copyright&quot;:&quot;&quot;,&quot;focal_length&quot;:&quot;0&quot;,&quot;iso&quot;:&quot;0&quot;,&quot;shutter_speed&quot;:&quot;0&quot;,&quot;title&quot;:&quot;&quot;,&quot;orientation&quot;:&quot;0&quot;}\" data-image-title=\"32. LA OLA DE ROCA Photograph by G.A. KOUT | gakout.tumblr.com\" data-image-description=\"\" data-medium-file=\"https:\/\/i0.wp.com\/kalot.com.mx\/site\/wp-content\/uploads\/2014\/01\/32-400451913_5af65eb239_b.jpg?fit=300%2C204&#038;ssl=1\" data-large-file=\"https:\/\/i0.wp.com\/kalot.com.mx\/site\/wp-content\/uploads\/2014\/01\/32-400451913_5af65eb239_b.jpg?fit=1024%2C697&#038;ssl=1\" src=\"https:\/\/i0.wp.com\/kalot.com.mx\/site\/wp-content\/uploads\/2014\/01\/32-400451913_5af65eb239_b.jpg?w=392&#038;h=267&#038;ssl=1\" srcset=\"https:\/\/i0.wp.com\/kalot.com.mx\/site\/wp-content\/uploads\/2014\/01\/32-400451913_5af65eb239_b.jpg?w=1024&amp;ssl=1 1024w, https:\/\/i0.wp.com\/kalot.com.mx\/site\/wp-content\/uploads\/2014\/01\/32-400451913_5af65eb239_b.jpg?resize=768%2C523&amp;ssl=1 768w, https:\/\/i0.wp.com\/kalot.com.mx\/site\/wp-content\/uploads\/2014\/01\/32-400451913_5af65eb239_b.jpg?resize=380%2C260&amp;ssl=1 380w, https:\/\/i0.wp.com\/kalot.com.mx\/site\/wp-content\/uploads\/2014\/01\/32-400451913_5af65eb239_b.jpg?resize=800%2C545&amp;ssl=1 800w, https:\/\/i0.wp.com\/kalot.com.mx\/site\/wp-content\/uploads\/2014\/01\/32-400451913_5af65eb239_b.jpg?resize=300%2C204&amp;ssl=1 300w, https:\/\/i0.wp.com\/kalot.com.mx\/site\/wp-content\/uploads\/2014\/01\/32-400451913_5af65eb239_b.jpg?resize=235%2C160&amp;ssl=1 235w, https:\/\/i0.wp.com\/kalot.com.mx\/site\/wp-content\/uploads\/2014\/01\/32-400451913_5af65eb239_b.jpg?resize=810%2C551&amp;ssl=1 810w, https:\/\/i0.wp.com\/kalot.com.mx\/site\/wp-content\/uploads\/2014\/01\/32-400451913_5af65eb239_b.jpg?resize=145%2C100&amp;ssl=1 145w\" width=\"392\" height=\"267\" loading=\"lazy\" data-original-width=\"392\" data-original-height=\"267\" itemprop=\"http:\/\/schema.org\/image\" title=\"32. LA OLA DE ROCA Photograph by G.A. KOUT | gakout.tumblr.com\" alt=\"32. LA OLA DE ROCA Photograph by G.A. KOUT | gakout.tumblr.com\" style=\"width: 392px; height: 267px;\" \/> <\/a> <\/div> <\/div> <!-- close group --> <\/div> <!-- close row --> <div class=\"gallery-row\" style=\"width: 1200px; height: 559px;\" data-original-width=\"1200\" data-original-height=\"559\" > <div class=\"gallery-group images-2\" style=\"width: 418px; height: 559px;\" data-original-width=\"418\" data-original-height=\"559\" > <div class=\"tiled-gallery-item tiled-gallery-item-large\" itemprop=\"associatedMedia\" itemscope itemtype=\"http:\/\/schema.org\/ImageObject\"> <a href=\"https:\/\/kalot.com.mx\/site\/2014\/01\/24\/top-75-de-las-mejores-fotografias-del-ano-pasado\/31-ancient-banyan-big-island-hawaii-james-brandon\/\" border=\"0\" itemprop=\"url\"> <meta itemprop=\"width\" content=\"414\"> <meta itemprop=\"height\" content=\"276\"> <img loading=\"lazy\" decoding=\"async\" class=\"\" data-attachment-id=\"10072\" data-orig-file=\"https:\/\/kalot.com.mx\/site\/wp-content\/uploads\/2014\/01\/31-ancient-banyan-big-island-hawaii-james-brandon.jpg\" data-orig-size=\"800,534\" data-comments-opened=\"1\" data-image-meta=\"{&quot;aperture&quot;:&quot;0&quot;,&quot;credit&quot;:&quot;&quot;,&quot;camera&quot;:&quot;&quot;,&quot;caption&quot;:&quot;&quot;,&quot;created_timestamp&quot;:&quot;0&quot;,&quot;copyright&quot;:&quot;\\u00c2\\u00a9James Brandon Photography | All Rights Reserved&quot;,&quot;focal_length&quot;:&quot;0&quot;,&quot;iso&quot;:&quot;0&quot;,&quot;shutter_speed&quot;:&quot;0&quot;,&quot;title&quot;:&quot;&quot;,&quot;orientation&quot;:&quot;0&quot;}\" data-image-title=\"31. LA ANTIGUA HIGUERA IDIA Photograph by JAMES BRANDON\" data-image-description=\"\" data-medium-file=\"https:\/\/i0.wp.com\/kalot.com.mx\/site\/wp-content\/uploads\/2014\/01\/31-ancient-banyan-big-island-hawaii-james-brandon.jpg?fit=300%2C200&#038;ssl=1\" data-large-file=\"https:\/\/i0.wp.com\/kalot.com.mx\/site\/wp-content\/uploads\/2014\/01\/31-ancient-banyan-big-island-hawaii-james-brandon.jpg?fit=800%2C534&#038;ssl=1\" src=\"https:\/\/i0.wp.com\/kalot.com.mx\/site\/wp-content\/uploads\/2014\/01\/31-ancient-banyan-big-island-hawaii-james-brandon.jpg?w=414&#038;h=276&#038;ssl=1\" srcset=\"https:\/\/i0.wp.com\/kalot.com.mx\/site\/wp-content\/uploads\/2014\/01\/31-ancient-banyan-big-island-hawaii-james-brandon.jpg?w=800&amp;ssl=1 800w, https:\/\/i0.wp.com\/kalot.com.mx\/site\/wp-content\/uploads\/2014\/01\/31-ancient-banyan-big-island-hawaii-james-brandon.jpg?resize=768%2C513&amp;ssl=1 768w, https:\/\/i0.wp.com\/kalot.com.mx\/site\/wp-content\/uploads\/2014\/01\/31-ancient-banyan-big-island-hawaii-james-brandon.jpg?resize=380%2C254&amp;ssl=1 380w, https:\/\/i0.wp.com\/kalot.com.mx\/site\/wp-content\/uploads\/2014\/01\/31-ancient-banyan-big-island-hawaii-james-brandon.jpg?resize=300%2C200&amp;ssl=1 300w, https:\/\/i0.wp.com\/kalot.com.mx\/site\/wp-content\/uploads\/2014\/01\/31-ancient-banyan-big-island-hawaii-james-brandon.jpg?resize=450%2C300&amp;ssl=1 450w\" width=\"414\" height=\"276\" loading=\"lazy\" data-original-width=\"414\" data-original-height=\"276\" itemprop=\"http:\/\/schema.org\/image\" title=\"31. LA ANTIGUA HIGUERA IDIA Photograph by JAMES BRANDON\" alt=\"31. LA ANTIGUA HIGUERA IDIA Photograph by JAMES BRANDON\" style=\"width: 414px; height: 276px;\" \/> <\/a> <\/div> <div class=\"tiled-gallery-item tiled-gallery-item-large\" itemprop=\"associatedMedia\" itemscope itemtype=\"http:\/\/schema.org\/ImageObject\"> <a href=\"https:\/\/kalot.com.mx\/site\/2014\/01\/24\/top-75-de-las-mejores-fotografias-del-ano-pasado\/30-7523233750_1217cc9aaf_c\/\" border=\"0\" itemprop=\"url\"> <meta itemprop=\"width\" content=\"414\"> <meta itemprop=\"height\" content=\"275\"> <img loading=\"lazy\" decoding=\"async\" class=\"\" data-attachment-id=\"10071\" data-orig-file=\"https:\/\/kalot.com.mx\/site\/wp-content\/uploads\/2014\/01\/30-7523233750_1217cc9aaf_c.jpg\" data-orig-size=\"800,532\" data-comments-opened=\"1\" data-image-meta=\"{&quot;aperture&quot;:&quot;0&quot;,&quot;credit&quot;:&quot;&quot;,&quot;camera&quot;:&quot;&quot;,&quot;caption&quot;:&quot;&quot;,&quot;created_timestamp&quot;:&quot;0&quot;,&quot;copyright&quot;:&quot;&quot;,&quot;focal_length&quot;:&quot;0&quot;,&quot;iso&quot;:&quot;0&quot;,&quot;shutter_speed&quot;:&quot;0&quot;,&quot;title&quot;:&quot;&quot;,&quot;orientation&quot;:&quot;0&quot;}\" data-image-title=\"30. BOSQUE EN EL BARCO NAUFRAGADO Photograph by Bruce Hood | brucehoodphotography.com\" data-image-description=\"\" data-medium-file=\"https:\/\/i0.wp.com\/kalot.com.mx\/site\/wp-content\/uploads\/2014\/01\/30-7523233750_1217cc9aaf_c.jpg?fit=300%2C200&#038;ssl=1\" data-large-file=\"https:\/\/i0.wp.com\/kalot.com.mx\/site\/wp-content\/uploads\/2014\/01\/30-7523233750_1217cc9aaf_c.jpg?fit=800%2C532&#038;ssl=1\" src=\"https:\/\/i0.wp.com\/kalot.com.mx\/site\/wp-content\/uploads\/2014\/01\/30-7523233750_1217cc9aaf_c.jpg?w=414&#038;h=275&#038;ssl=1\" srcset=\"https:\/\/i0.wp.com\/kalot.com.mx\/site\/wp-content\/uploads\/2014\/01\/30-7523233750_1217cc9aaf_c.jpg?w=800&amp;ssl=1 800w, https:\/\/i0.wp.com\/kalot.com.mx\/site\/wp-content\/uploads\/2014\/01\/30-7523233750_1217cc9aaf_c.jpg?resize=768%2C511&amp;ssl=1 768w, https:\/\/i0.wp.com\/kalot.com.mx\/site\/wp-content\/uploads\/2014\/01\/30-7523233750_1217cc9aaf_c.jpg?resize=380%2C253&amp;ssl=1 380w, https:\/\/i0.wp.com\/kalot.com.mx\/site\/wp-content\/uploads\/2014\/01\/30-7523233750_1217cc9aaf_c.jpg?resize=300%2C200&amp;ssl=1 300w, https:\/\/i0.wp.com\/kalot.com.mx\/site\/wp-content\/uploads\/2014\/01\/30-7523233750_1217cc9aaf_c.jpg?resize=450%2C300&amp;ssl=1 450w\" width=\"414\" height=\"275\" loading=\"lazy\" data-original-width=\"414\" data-original-height=\"275\" itemprop=\"http:\/\/schema.org\/image\" title=\"30. BOSQUE EN EL BARCO NAUFRAGADO Photograph by Bruce Hood | brucehoodphotography.com\" alt=\"30. BOSQUE EN EL BARCO NAUFRAGADO Photograph by Bruce Hood | brucehoodphotography.com\" style=\"width: 414px; height: 275px;\" \/> <\/a> <\/div> <\/div> <!-- close group --> <div class=\"gallery-group images-1\" style=\"width: 374px; height: 559px;\" data-original-width=\"374\" data-original-height=\"559\" > <div class=\"tiled-gallery-item tiled-gallery-item-large\" itemprop=\"associatedMedia\" itemscope itemtype=\"http:\/\/schema.org\/ImageObject\"> <a href=\"https:\/\/kalot.com.mx\/site\/2014\/01\/24\/top-75-de-las-mejores-fotografias-del-ano-pasado\/29-baby-common-goldeneye-ducks-leaving-nest-flying-for-first-time\/\" border=\"0\" itemprop=\"url\"> <meta itemprop=\"width\" content=\"370\"> <meta itemprop=\"height\" content=\"555\"> <img loading=\"lazy\" decoding=\"async\" class=\"\" data-attachment-id=\"10070\" data-orig-file=\"https:\/\/kalot.com.mx\/site\/wp-content\/uploads\/2014\/01\/29-baby-common-goldeneye-ducks-leaving-nest-flying-for-first-time.jpg\" data-orig-size=\"800,1200\" data-comments-opened=\"1\" data-image-meta=\"{&quot;aperture&quot;:&quot;0&quot;,&quot;credit&quot;:&quot;&quot;,&quot;camera&quot;:&quot;&quot;,&quot;caption&quot;:&quot;&quot;,&quot;created_timestamp&quot;:&quot;0&quot;,&quot;copyright&quot;:&quot;&quot;,&quot;focal_length&quot;:&quot;0&quot;,&quot;iso&quot;:&quot;0&quot;,&quot;shutter_speed&quot;:&quot;0&quot;,&quot;title&quot;:&quot;&quot;,&quot;orientation&quot;:&quot;0&quot;}\" data-image-title=\"29. PRIMER VUELO Photograph by naturen-ar-fantastisk.blogspot.com\" data-image-description=\"\" data-medium-file=\"https:\/\/i0.wp.com\/kalot.com.mx\/site\/wp-content\/uploads\/2014\/01\/29-baby-common-goldeneye-ducks-leaving-nest-flying-for-first-time.jpg?fit=200%2C300&#038;ssl=1\" data-large-file=\"https:\/\/i0.wp.com\/kalot.com.mx\/site\/wp-content\/uploads\/2014\/01\/29-baby-common-goldeneye-ducks-leaving-nest-flying-for-first-time.jpg?fit=683%2C1024&#038;ssl=1\" src=\"https:\/\/i0.wp.com\/kalot.com.mx\/site\/wp-content\/uploads\/2014\/01\/29-baby-common-goldeneye-ducks-leaving-nest-flying-for-first-time.jpg?w=370&#038;h=555&#038;ssl=1\" srcset=\"https:\/\/i0.wp.com\/kalot.com.mx\/site\/wp-content\/uploads\/2014\/01\/29-baby-common-goldeneye-ducks-leaving-nest-flying-for-first-time.jpg?w=800&amp;ssl=1 800w, https:\/\/i0.wp.com\/kalot.com.mx\/site\/wp-content\/uploads\/2014\/01\/29-baby-common-goldeneye-ducks-leaving-nest-flying-for-first-time.jpg?resize=768%2C1152&amp;ssl=1 768w, https:\/\/i0.wp.com\/kalot.com.mx\/site\/wp-content\/uploads\/2014\/01\/29-baby-common-goldeneye-ducks-leaving-nest-flying-for-first-time.jpg?resize=380%2C570&amp;ssl=1 380w, https:\/\/i0.wp.com\/kalot.com.mx\/site\/wp-content\/uploads\/2014\/01\/29-baby-common-goldeneye-ducks-leaving-nest-flying-for-first-time.jpg?resize=200%2C300&amp;ssl=1 200w, https:\/\/i0.wp.com\/kalot.com.mx\/site\/wp-content\/uploads\/2014\/01\/29-baby-common-goldeneye-ducks-leaving-nest-flying-for-first-time.jpg?resize=683%2C1024&amp;ssl=1 683w, https:\/\/i0.wp.com\/kalot.com.mx\/site\/wp-content\/uploads\/2014\/01\/29-baby-common-goldeneye-ducks-leaving-nest-flying-for-first-time.jpg?resize=300%2C450&amp;ssl=1 300w\" width=\"370\" height=\"555\" loading=\"lazy\" data-original-width=\"370\" data-original-height=\"555\" itemprop=\"http:\/\/schema.org\/image\" title=\"29. PRIMER VUELO Photograph by naturen-ar-fantastisk.blogspot.com\" alt=\"29. PRIMER VUELO Photograph by naturen-ar-fantastisk.blogspot.com\" style=\"width: 370px; height: 555px;\" \/> <\/a> <\/div> <\/div> <!-- close group --> <div class=\"gallery-group images-2\" style=\"width: 408px; height: 559px;\" data-original-width=\"408\" data-original-height=\"559\" > <div class=\"tiled-gallery-item tiled-gallery-item-large\" itemprop=\"associatedMedia\" itemscope itemtype=\"http:\/\/schema.org\/ImageObject\"> <a href=\"https:\/\/kalot.com.mx\/site\/2014\/01\/24\/top-75-de-las-mejores-fotografias-del-ano-pasado\/28-moonrise-timelapse-over-la\/\" border=\"0\" itemprop=\"url\"> <meta itemprop=\"width\" content=\"404\"> <meta itemprop=\"height\" content=\"282\"> <img loading=\"lazy\" decoding=\"async\" class=\"\" data-attachment-id=\"10069\" data-orig-file=\"https:\/\/kalot.com.mx\/site\/wp-content\/uploads\/2014\/01\/28-moonrise-timelapse-over-la.jpg\" data-orig-size=\"800,558\" data-comments-opened=\"1\" data-image-meta=\"{&quot;aperture&quot;:&quot;0&quot;,&quot;credit&quot;:&quot;&quot;,&quot;camera&quot;:&quot;&quot;,&quot;caption&quot;:&quot;&quot;,&quot;created_timestamp&quot;:&quot;0&quot;,&quot;copyright&quot;:&quot;danmarker@me.com&quot;,&quot;focal_length&quot;:&quot;0&quot;,&quot;iso&quot;:&quot;0&quot;,&quot;shutter_speed&quot;:&quot;0&quot;,&quot;title&quot;:&quot;&quot;,&quot;orientation&quot;:&quot;0&quot;}\" data-image-title=\"28. SALIDA DE LA LUNA EN INT\u00c9RVALOS EN LA Photograph by Dan Marker-Moore @ DANOR.ST\" data-image-description=\"\" data-medium-file=\"https:\/\/i0.wp.com\/kalot.com.mx\/site\/wp-content\/uploads\/2014\/01\/28-moonrise-timelapse-over-la.jpg?fit=300%2C209&#038;ssl=1\" data-large-file=\"https:\/\/i0.wp.com\/kalot.com.mx\/site\/wp-content\/uploads\/2014\/01\/28-moonrise-timelapse-over-la.jpg?fit=800%2C558&#038;ssl=1\" src=\"https:\/\/i0.wp.com\/kalot.com.mx\/site\/wp-content\/uploads\/2014\/01\/28-moonrise-timelapse-over-la.jpg?w=404&#038;h=282&#038;ssl=1\" srcset=\"https:\/\/i0.wp.com\/kalot.com.mx\/site\/wp-content\/uploads\/2014\/01\/28-moonrise-timelapse-over-la.jpg?w=800&amp;ssl=1 800w, https:\/\/i0.wp.com\/kalot.com.mx\/site\/wp-content\/uploads\/2014\/01\/28-moonrise-timelapse-over-la.jpg?resize=768%2C536&amp;ssl=1 768w, https:\/\/i0.wp.com\/kalot.com.mx\/site\/wp-content\/uploads\/2014\/01\/28-moonrise-timelapse-over-la.jpg?resize=380%2C265&amp;ssl=1 380w, https:\/\/i0.wp.com\/kalot.com.mx\/site\/wp-content\/uploads\/2014\/01\/28-moonrise-timelapse-over-la.jpg?resize=300%2C209&amp;ssl=1 300w, https:\/\/i0.wp.com\/kalot.com.mx\/site\/wp-content\/uploads\/2014\/01\/28-moonrise-timelapse-over-la.jpg?resize=145%2C100&amp;ssl=1 145w\" width=\"404\" height=\"282\" loading=\"lazy\" data-original-width=\"404\" data-original-height=\"282\" itemprop=\"http:\/\/schema.org\/image\" title=\"28. SALIDA DE LA LUNA EN INT\u00c9RVALOS EN LA Photograph by Dan Marker-Moore @ DANOR.ST\" alt=\"28. SALIDA DE LA LUNA EN INT\u00c9RVALOS EN LA Photograph by Dan Marker-Moore @ DANOR.ST\" style=\"width: 404px; height: 282px;\" \/> <\/a> <\/div> <div class=\"tiled-gallery-item tiled-gallery-item-large\" itemprop=\"associatedMedia\" itemscope itemtype=\"http:\/\/schema.org\/ImageObject\"> <a href=\"https:\/\/kalot.com.mx\/site\/2014\/01\/24\/top-75-de-las-mejores-fotografias-del-ano-pasado\/a-waterfall-cascades-to-the-sea\/\" border=\"0\" itemprop=\"url\"> <meta itemprop=\"width\" content=\"404\"> <meta itemprop=\"height\" content=\"269\"> <img loading=\"lazy\" decoding=\"async\" class=\"\" data-attachment-id=\"10068\" data-orig-file=\"https:\/\/kalot.com.mx\/site\/wp-content\/uploads\/2014\/01\/27-4786671903_b33316ea55_b.jpg\" data-orig-size=\"1024,682\" data-comments-opened=\"1\" data-image-meta=\"{&quot;aperture&quot;:&quot;0&quot;,&quot;credit&quot;:&quot;KEENPRESS&quot;,&quot;camera&quot;:&quot;&quot;,&quot;caption&quot;:&quot;A waterfall cascades to the sea.&quot;,&quot;created_timestamp&quot;:&quot;1277892941&quot;,&quot;copyright&quot;:&quot;\\u00a9 KEENPRESS&quot;,&quot;focal_length&quot;:&quot;0&quot;,&quot;iso&quot;:&quot;0&quot;,&quot;shutter_speed&quot;:&quot;0&quot;,&quot;title&quot;:&quot;A waterfall cascades to the sea.&quot;,&quot;orientation&quot;:&quot;0&quot;}\" data-image-title=\"27. CASCADAS GLACIARES Photography | keenpress.com\" data-image-description=\"\" data-medium-file=\"https:\/\/i0.wp.com\/kalot.com.mx\/site\/wp-content\/uploads\/2014\/01\/27-4786671903_b33316ea55_b.jpg?fit=300%2C200&#038;ssl=1\" data-large-file=\"https:\/\/i0.wp.com\/kalot.com.mx\/site\/wp-content\/uploads\/2014\/01\/27-4786671903_b33316ea55_b.jpg?fit=1024%2C682&#038;ssl=1\" src=\"https:\/\/i0.wp.com\/kalot.com.mx\/site\/wp-content\/uploads\/2014\/01\/27-4786671903_b33316ea55_b.jpg?w=404&#038;h=269&#038;ssl=1\" srcset=\"https:\/\/i0.wp.com\/kalot.com.mx\/site\/wp-content\/uploads\/2014\/01\/27-4786671903_b33316ea55_b.jpg?w=1024&amp;ssl=1 1024w, https:\/\/i0.wp.com\/kalot.com.mx\/site\/wp-content\/uploads\/2014\/01\/27-4786671903_b33316ea55_b.jpg?resize=768%2C512&amp;ssl=1 768w, https:\/\/i0.wp.com\/kalot.com.mx\/site\/wp-content\/uploads\/2014\/01\/27-4786671903_b33316ea55_b.jpg?resize=380%2C253&amp;ssl=1 380w, https:\/\/i0.wp.com\/kalot.com.mx\/site\/wp-content\/uploads\/2014\/01\/27-4786671903_b33316ea55_b.jpg?resize=800%2C533&amp;ssl=1 800w, https:\/\/i0.wp.com\/kalot.com.mx\/site\/wp-content\/uploads\/2014\/01\/27-4786671903_b33316ea55_b.jpg?resize=300%2C200&amp;ssl=1 300w, https:\/\/i0.wp.com\/kalot.com.mx\/site\/wp-content\/uploads\/2014\/01\/27-4786671903_b33316ea55_b.jpg?resize=450%2C300&amp;ssl=1 450w, https:\/\/i0.wp.com\/kalot.com.mx\/site\/wp-content\/uploads\/2014\/01\/27-4786671903_b33316ea55_b.jpg?resize=810%2C539&amp;ssl=1 810w\" width=\"404\" height=\"269\" loading=\"lazy\" data-original-width=\"404\" data-original-height=\"269\" itemprop=\"http:\/\/schema.org\/image\" title=\"27. CASCADAS GLACIARES Photography | keenpress.com\" alt=\"27. CASCADAS GLACIARES Photography | keenpress.com\" style=\"width: 404px; height: 269px;\" \/> <\/a> <\/div> <\/div> <!-- close group --> <\/div> <!-- close row --> <div class=\"gallery-row\" style=\"width: 1200px; height: 326px;\" data-original-width=\"1200\" data-original-height=\"326\" > <div class=\"gallery-group images-1\" style=\"width: 246px; height: 326px;\" data-original-width=\"246\" data-original-height=\"326\" > <div class=\"tiled-gallery-item tiled-gallery-item-small\" itemprop=\"associatedMedia\" itemscope itemtype=\"http:\/\/schema.org\/ImageObject\"> <a href=\"https:\/\/kalot.com.mx\/site\/2014\/01\/24\/top-75-de-las-mejores-fotografias-del-ano-pasado\/26-close-up-of-lion-licking-paw\/\" border=\"0\" itemprop=\"url\"> <meta itemprop=\"width\" content=\"242\"> <meta itemprop=\"height\" content=\"322\"> <img loading=\"lazy\" decoding=\"async\" class=\"\" data-attachment-id=\"10067\" data-orig-file=\"https:\/\/kalot.com.mx\/site\/wp-content\/uploads\/2014\/01\/26-close-up-of-lion-licking-paw.jpg\" data-orig-size=\"600,800\" data-comments-opened=\"1\" data-image-meta=\"{&quot;aperture&quot;:&quot;0&quot;,&quot;credit&quot;:&quot;&quot;,&quot;camera&quot;:&quot;&quot;,&quot;caption&quot;:&quot;&quot;,&quot;created_timestamp&quot;:&quot;0&quot;,&quot;copyright&quot;:&quot;&quot;,&quot;focal_length&quot;:&quot;0&quot;,&quot;iso&quot;:&quot;0&quot;,&quot;shutter_speed&quot;:&quot;0&quot;,&quot;title&quot;:&quot;&quot;,&quot;orientation&quot;:&quot;0&quot;}\" data-image-title=\"26. SOLO UN ENORME GATO Photograph by Solara Santoni (TheWildKid on deviantART)\" data-image-description=\"\" data-medium-file=\"https:\/\/i0.wp.com\/kalot.com.mx\/site\/wp-content\/uploads\/2014\/01\/26-close-up-of-lion-licking-paw.jpg?fit=225%2C300&#038;ssl=1\" data-large-file=\"https:\/\/i0.wp.com\/kalot.com.mx\/site\/wp-content\/uploads\/2014\/01\/26-close-up-of-lion-licking-paw.jpg?fit=600%2C800&#038;ssl=1\" src=\"https:\/\/i0.wp.com\/kalot.com.mx\/site\/wp-content\/uploads\/2014\/01\/26-close-up-of-lion-licking-paw.jpg?w=242&#038;h=322&#038;ssl=1\" srcset=\"https:\/\/i0.wp.com\/kalot.com.mx\/site\/wp-content\/uploads\/2014\/01\/26-close-up-of-lion-licking-paw.jpg?w=600&amp;ssl=1 600w, https:\/\/i0.wp.com\/kalot.com.mx\/site\/wp-content\/uploads\/2014\/01\/26-close-up-of-lion-licking-paw.jpg?resize=380%2C507&amp;ssl=1 380w, https:\/\/i0.wp.com\/kalot.com.mx\/site\/wp-content\/uploads\/2014\/01\/26-close-up-of-lion-licking-paw.jpg?resize=225%2C300&amp;ssl=1 225w, https:\/\/i0.wp.com\/kalot.com.mx\/site\/wp-content\/uploads\/2014\/01\/26-close-up-of-lion-licking-paw.jpg?resize=300%2C400&amp;ssl=1 300w\" width=\"242\" height=\"322\" loading=\"lazy\" data-original-width=\"242\" data-original-height=\"322\" itemprop=\"http:\/\/schema.org\/image\" title=\"26. SOLO UN ENORME GATO Photograph by Solara Santoni (TheWildKid on deviantART)\" alt=\"26. SOLO UN ENORME GATO Photograph by Solara Santoni (TheWildKid on deviantART)\" style=\"width: 242px; height: 322px;\" \/> <\/a> <\/div> <\/div> <!-- close group --> <div class=\"gallery-group images-1\" style=\"width: 466px; height: 326px;\" data-original-width=\"466\" data-original-height=\"326\" > <div class=\"tiled-gallery-item tiled-gallery-item-large\" itemprop=\"associatedMedia\" itemscope itemtype=\"http:\/\/schema.org\/ImageObject\"> <a href=\"https:\/\/kalot.com.mx\/site\/2014\/01\/24\/top-75-de-las-mejores-fotografias-del-ano-pasado\/25-horizon-rainbow-in-paris\/\" border=\"0\" itemprop=\"url\"> <meta itemprop=\"width\" content=\"462\"> <meta itemprop=\"height\" content=\"322\"> <img loading=\"lazy\" decoding=\"async\" class=\"\" data-attachment-id=\"10066\" data-orig-file=\"https:\/\/kalot.com.mx\/site\/wp-content\/uploads\/2014\/01\/25-horizon-rainbow-in-paris.jpg\" data-orig-size=\"800,558\" data-comments-opened=\"1\" data-image-meta=\"{&quot;aperture&quot;:&quot;0&quot;,&quot;credit&quot;:&quot;&quot;,&quot;camera&quot;:&quot;&quot;,&quot;caption&quot;:&quot;&quot;,&quot;created_timestamp&quot;:&quot;0&quot;,&quot;copyright&quot;:&quot;&quot;,&quot;focal_length&quot;:&quot;0&quot;,&quot;iso&quot;:&quot;0&quot;,&quot;shutter_speed&quot;:&quot;0&quot;,&quot;title&quot;:&quot;&quot;,&quot;orientation&quot;:&quot;0&quot;}\" data-image-title=\"25. UN ARCOIRIS EN EL HORIZONTE Photograph by BERTRAND KULIK\" data-image-description=\"\" data-medium-file=\"https:\/\/i0.wp.com\/kalot.com.mx\/site\/wp-content\/uploads\/2014\/01\/25-horizon-rainbow-in-paris.jpg?fit=300%2C209&#038;ssl=1\" data-large-file=\"https:\/\/i0.wp.com\/kalot.com.mx\/site\/wp-content\/uploads\/2014\/01\/25-horizon-rainbow-in-paris.jpg?fit=800%2C558&#038;ssl=1\" src=\"https:\/\/i0.wp.com\/kalot.com.mx\/site\/wp-content\/uploads\/2014\/01\/25-horizon-rainbow-in-paris.jpg?w=462&#038;h=322&#038;ssl=1\" srcset=\"https:\/\/i0.wp.com\/kalot.com.mx\/site\/wp-content\/uploads\/2014\/01\/25-horizon-rainbow-in-paris.jpg?w=800&amp;ssl=1 800w, https:\/\/i0.wp.com\/kalot.com.mx\/site\/wp-content\/uploads\/2014\/01\/25-horizon-rainbow-in-paris.jpg?resize=768%2C536&amp;ssl=1 768w, https:\/\/i0.wp.com\/kalot.com.mx\/site\/wp-content\/uploads\/2014\/01\/25-horizon-rainbow-in-paris.jpg?resize=380%2C265&amp;ssl=1 380w, https:\/\/i0.wp.com\/kalot.com.mx\/site\/wp-content\/uploads\/2014\/01\/25-horizon-rainbow-in-paris.jpg?resize=300%2C209&amp;ssl=1 300w, https:\/\/i0.wp.com\/kalot.com.mx\/site\/wp-content\/uploads\/2014\/01\/25-horizon-rainbow-in-paris.jpg?resize=145%2C100&amp;ssl=1 145w\" width=\"462\" height=\"322\" loading=\"lazy\" data-original-width=\"462\" data-original-height=\"322\" itemprop=\"http:\/\/schema.org\/image\" title=\"25. UN ARCOIRIS EN EL HORIZONTE Photograph by BERTRAND KULIK\" alt=\"25. UN ARCOIRIS EN EL HORIZONTE Photograph by BERTRAND KULIK\" style=\"width: 462px; height: 322px;\" \/> <\/a> <\/div> <\/div> <!-- close group --> <div class=\"gallery-group images-1\" style=\"width: 488px; height: 326px;\" data-original-width=\"488\" data-original-height=\"326\" > <div class=\"tiled-gallery-item tiled-gallery-item-large\" itemprop=\"associatedMedia\" itemscope itemtype=\"http:\/\/schema.org\/ImageObject\"> <a href=\"https:\/\/kalot.com.mx\/site\/2014\/01\/24\/top-75-de-las-mejores-fotografias-del-ano-pasado\/24-kamchatka-ice-cave-russia\/\" border=\"0\" itemprop=\"url\"> <meta itemprop=\"width\" content=\"484\"> <meta itemprop=\"height\" content=\"322\"> <img loading=\"lazy\" decoding=\"async\" class=\"\" data-attachment-id=\"10065\" data-orig-file=\"https:\/\/kalot.com.mx\/site\/wp-content\/uploads\/2014\/01\/24-kamchatka-ice-cave-russia.jpg\" data-orig-size=\"800,533\" data-comments-opened=\"1\" data-image-meta=\"{&quot;aperture&quot;:&quot;0&quot;,&quot;credit&quot;:&quot;&quot;,&quot;camera&quot;:&quot;&quot;,&quot;caption&quot;:&quot;&quot;,&quot;created_timestamp&quot;:&quot;0&quot;,&quot;copyright&quot;:&quot;&quot;,&quot;focal_length&quot;:&quot;0&quot;,&quot;iso&quot;:&quot;0&quot;,&quot;shutter_speed&quot;:&quot;0&quot;,&quot;title&quot;:&quot;&quot;,&quot;orientation&quot;:&quot;0&quot;}\" data-image-title=\"24. LA CUEVA DE HIELO KAMCHATKA, RUSSIA Photograph by MARC SZEGLAT @ vulkane.net\" data-image-description=\"\" data-medium-file=\"https:\/\/i0.wp.com\/kalot.com.mx\/site\/wp-content\/uploads\/2014\/01\/24-kamchatka-ice-cave-russia.jpg?fit=300%2C200&#038;ssl=1\" data-large-file=\"https:\/\/i0.wp.com\/kalot.com.mx\/site\/wp-content\/uploads\/2014\/01\/24-kamchatka-ice-cave-russia.jpg?fit=800%2C533&#038;ssl=1\" src=\"https:\/\/i0.wp.com\/kalot.com.mx\/site\/wp-content\/uploads\/2014\/01\/24-kamchatka-ice-cave-russia.jpg?w=484&#038;h=322&#038;ssl=1\" srcset=\"https:\/\/i0.wp.com\/kalot.com.mx\/site\/wp-content\/uploads\/2014\/01\/24-kamchatka-ice-cave-russia.jpg?w=800&amp;ssl=1 800w, https:\/\/i0.wp.com\/kalot.com.mx\/site\/wp-content\/uploads\/2014\/01\/24-kamchatka-ice-cave-russia.jpg?resize=768%2C512&amp;ssl=1 768w, https:\/\/i0.wp.com\/kalot.com.mx\/site\/wp-content\/uploads\/2014\/01\/24-kamchatka-ice-cave-russia.jpg?resize=380%2C253&amp;ssl=1 380w, https:\/\/i0.wp.com\/kalot.com.mx\/site\/wp-content\/uploads\/2014\/01\/24-kamchatka-ice-cave-russia.jpg?resize=300%2C200&amp;ssl=1 300w, https:\/\/i0.wp.com\/kalot.com.mx\/site\/wp-content\/uploads\/2014\/01\/24-kamchatka-ice-cave-russia.jpg?resize=450%2C300&amp;ssl=1 450w\" width=\"484\" height=\"322\" loading=\"lazy\" data-original-width=\"484\" data-original-height=\"322\" itemprop=\"http:\/\/schema.org\/image\" title=\"24. LA CUEVA DE HIELO KAMCHATKA, RUSSIA Photograph by MARC SZEGLAT @ vulkane.net\" alt=\"24. LA CUEVA DE HIELO KAMCHATKA, RUSSIA Photograph by MARC SZEGLAT @ vulkane.net\" style=\"width: 484px; height: 322px;\" \/> <\/a> <\/div> <\/div> <!-- close group --> <\/div> <!-- close row --> <div class=\"gallery-row\" style=\"width: 1200px; height: 545px;\" data-original-width=\"1200\" data-original-height=\"545\" > <div class=\"gallery-group images-2\" style=\"width: 383px; height: 545px;\" data-original-width=\"383\" data-original-height=\"545\" > <div class=\"tiled-gallery-item tiled-gallery-item-large\" itemprop=\"associatedMedia\" itemscope itemtype=\"http:\/\/schema.org\/ImageObject\"> <a href=\"https:\/\/kalot.com.mx\/site\/2014\/01\/24\/top-75-de-las-mejores-fotografias-del-ano-pasado\/23-4370970510_6420a84230_b\/\" border=\"0\" itemprop=\"url\"> <meta itemprop=\"width\" content=\"379\"> <meta itemprop=\"height\" content=\"284\"> <img loading=\"lazy\" decoding=\"async\" class=\"\" data-attachment-id=\"10064\" data-orig-file=\"https:\/\/kalot.com.mx\/site\/wp-content\/uploads\/2014\/01\/23-4370970510_6420a84230_b.jpg\" data-orig-size=\"1024,768\" data-comments-opened=\"1\" data-image-meta=\"{&quot;aperture&quot;:&quot;0&quot;,&quot;credit&quot;:&quot;&quot;,&quot;camera&quot;:&quot;&quot;,&quot;caption&quot;:&quot;&quot;,&quot;created_timestamp&quot;:&quot;0&quot;,&quot;copyright&quot;:&quot;&quot;,&quot;focal_length&quot;:&quot;0&quot;,&quot;iso&quot;:&quot;0&quot;,&quot;shutter_speed&quot;:&quot;0&quot;,&quot;title&quot;:&quot;&quot;,&quot;orientation&quot;:&quot;0&quot;}\" data-image-title=\"23. LA ETRADA AL METRO M\u00c1S GENIAL DEL MUNDO Photograph by ABIGAIL GAWITH (alg24 on Flickr)\" data-image-description=\"\" data-medium-file=\"https:\/\/i0.wp.com\/kalot.com.mx\/site\/wp-content\/uploads\/2014\/01\/23-4370970510_6420a84230_b.jpg?fit=300%2C225&#038;ssl=1\" data-large-file=\"https:\/\/i0.wp.com\/kalot.com.mx\/site\/wp-content\/uploads\/2014\/01\/23-4370970510_6420a84230_b.jpg?fit=1024%2C768&#038;ssl=1\" src=\"https:\/\/i0.wp.com\/kalot.com.mx\/site\/wp-content\/uploads\/2014\/01\/23-4370970510_6420a84230_b.jpg?w=379&#038;h=284&#038;ssl=1\" srcset=\"https:\/\/i0.wp.com\/kalot.com.mx\/site\/wp-content\/uploads\/2014\/01\/23-4370970510_6420a84230_b.jpg?w=1024&amp;ssl=1 1024w, https:\/\/i0.wp.com\/kalot.com.mx\/site\/wp-content\/uploads\/2014\/01\/23-4370970510_6420a84230_b.jpg?resize=768%2C576&amp;ssl=1 768w, https:\/\/i0.wp.com\/kalot.com.mx\/site\/wp-content\/uploads\/2014\/01\/23-4370970510_6420a84230_b.jpg?resize=300%2C225&amp;ssl=1 300w, https:\/\/i0.wp.com\/kalot.com.mx\/site\/wp-content\/uploads\/2014\/01\/23-4370970510_6420a84230_b.jpg?resize=200%2C150&amp;ssl=1 200w, https:\/\/i0.wp.com\/kalot.com.mx\/site\/wp-content\/uploads\/2014\/01\/23-4370970510_6420a84230_b.jpg?resize=260%2C195&amp;ssl=1 260w, https:\/\/i0.wp.com\/kalot.com.mx\/site\/wp-content\/uploads\/2014\/01\/23-4370970510_6420a84230_b.jpg?resize=380%2C285&amp;ssl=1 380w, https:\/\/i0.wp.com\/kalot.com.mx\/site\/wp-content\/uploads\/2014\/01\/23-4370970510_6420a84230_b.jpg?resize=800%2C600&amp;ssl=1 800w, https:\/\/i0.wp.com\/kalot.com.mx\/site\/wp-content\/uploads\/2014\/01\/23-4370970510_6420a84230_b.jpg?resize=810%2C608&amp;ssl=1 810w\" width=\"379\" height=\"284\" loading=\"lazy\" data-original-width=\"379\" data-original-height=\"284\" itemprop=\"http:\/\/schema.org\/image\" title=\"23. LA ETRADA AL METRO M\u00c1S GENIAL DEL MUNDO Photograph by ABIGAIL GAWITH (alg24 on Flickr)\" alt=\"23. LA ETRADA AL METRO M\u00c1S GENIAL DEL MUNDO Photograph by ABIGAIL GAWITH (alg24 on Flickr)\" style=\"width: 379px; height: 284px;\" \/> <\/a> <\/div> <div class=\"tiled-gallery-item tiled-gallery-item-large\" itemprop=\"associatedMedia\" itemscope itemtype=\"http:\/\/schema.org\/ImageObject\"> <a href=\"https:\/\/kalot.com.mx\/site\/2014\/01\/24\/top-75-de-las-mejores-fotografias-del-ano-pasado\/22-5783810766_29f92d5701_b\/\" border=\"0\" itemprop=\"url\"> <meta itemprop=\"width\" content=\"379\"> <meta itemprop=\"height\" content=\"253\"> <img loading=\"lazy\" decoding=\"async\" class=\"\" data-attachment-id=\"10062\" data-orig-file=\"https:\/\/kalot.com.mx\/site\/wp-content\/uploads\/2014\/01\/22-5783810766_29f92d5701_b.jpg\" data-orig-size=\"1024,683\" data-comments-opened=\"1\" data-image-meta=\"{&quot;aperture&quot;:&quot;0&quot;,&quot;credit&quot;:&quot;Gary Brink&quot;,&quot;camera&quot;:&quot;&quot;,&quot;caption&quot;:&quot;&quot;,&quot;created_timestamp&quot;:&quot;0&quot;,&quot;copyright&quot;:&quot;Gary Brink&quot;,&quot;focal_length&quot;:&quot;0&quot;,&quot;iso&quot;:&quot;0&quot;,&quot;shutter_speed&quot;:&quot;0&quot;,&quot;title&quot;:&quot;&quot;,&quot;orientation&quot;:&quot;0&quot;}\" data-image-title=\"22. LA NUBE TSUNAMI Photograph by GARY BRINK (photofrenzy2000 on Flickr)\" data-image-description=\"\" data-medium-file=\"https:\/\/i0.wp.com\/kalot.com.mx\/site\/wp-content\/uploads\/2014\/01\/22-5783810766_29f92d5701_b.jpg?fit=300%2C200&#038;ssl=1\" data-large-file=\"https:\/\/i0.wp.com\/kalot.com.mx\/site\/wp-content\/uploads\/2014\/01\/22-5783810766_29f92d5701_b.jpg?fit=1024%2C683&#038;ssl=1\" src=\"https:\/\/i0.wp.com\/kalot.com.mx\/site\/wp-content\/uploads\/2014\/01\/22-5783810766_29f92d5701_b.jpg?w=379&#038;h=253&#038;ssl=1\" srcset=\"https:\/\/i0.wp.com\/kalot.com.mx\/site\/wp-content\/uploads\/2014\/01\/22-5783810766_29f92d5701_b.jpg?w=1024&amp;ssl=1 1024w, https:\/\/i0.wp.com\/kalot.com.mx\/site\/wp-content\/uploads\/2014\/01\/22-5783810766_29f92d5701_b.jpg?resize=768%2C512&amp;ssl=1 768w, https:\/\/i0.wp.com\/kalot.com.mx\/site\/wp-content\/uploads\/2014\/01\/22-5783810766_29f92d5701_b.jpg?resize=380%2C253&amp;ssl=1 380w, https:\/\/i0.wp.com\/kalot.com.mx\/site\/wp-content\/uploads\/2014\/01\/22-5783810766_29f92d5701_b.jpg?resize=800%2C534&amp;ssl=1 800w, https:\/\/i0.wp.com\/kalot.com.mx\/site\/wp-content\/uploads\/2014\/01\/22-5783810766_29f92d5701_b.jpg?resize=300%2C200&amp;ssl=1 300w, https:\/\/i0.wp.com\/kalot.com.mx\/site\/wp-content\/uploads\/2014\/01\/22-5783810766_29f92d5701_b.jpg?resize=450%2C300&amp;ssl=1 450w, https:\/\/i0.wp.com\/kalot.com.mx\/site\/wp-content\/uploads\/2014\/01\/22-5783810766_29f92d5701_b.jpg?resize=810%2C540&amp;ssl=1 810w\" width=\"379\" height=\"253\" loading=\"lazy\" data-original-width=\"379\" data-original-height=\"253\" itemprop=\"http:\/\/schema.org\/image\" title=\"22. LA NUBE TSUNAMI Photograph by GARY BRINK (photofrenzy2000 on Flickr)\" alt=\"22. LA NUBE TSUNAMI Photograph by GARY BRINK (photofrenzy2000 on Flickr)\" style=\"width: 379px; height: 253px;\" \/> <\/a> <\/div> <\/div> <!-- close group --> <div class=\"gallery-group images-1\" style=\"width: 817px; height: 545px;\" data-original-width=\"817\" data-original-height=\"545\" > <div class=\"tiled-gallery-item tiled-gallery-item-large\" itemprop=\"associatedMedia\" itemscope itemtype=\"http:\/\/schema.org\/ImageObject\"> <a href=\"https:\/\/kalot.com.mx\/site\/2014\/01\/24\/top-75-de-las-mejores-fotografias-del-ano-pasado\/21-aurora-astralis-from-space\/\" border=\"0\" itemprop=\"url\"> <meta itemprop=\"width\" content=\"813\"> <meta itemprop=\"height\" content=\"541\"> <img loading=\"lazy\" decoding=\"async\" class=\"\" data-attachment-id=\"10061\" data-orig-file=\"https:\/\/kalot.com.mx\/site\/wp-content\/uploads\/2014\/01\/21-aurora-astralis-from-space.jpg\" data-orig-size=\"800,532\" data-comments-opened=\"1\" data-image-meta=\"{&quot;aperture&quot;:&quot;0&quot;,&quot;credit&quot;:&quot;&quot;,&quot;camera&quot;:&quot;&quot;,&quot;caption&quot;:&quot;&quot;,&quot;created_timestamp&quot;:&quot;0&quot;,&quot;copyright&quot;:&quot;&quot;,&quot;focal_length&quot;:&quot;0&quot;,&quot;iso&quot;:&quot;0&quot;,&quot;shutter_speed&quot;:&quot;0&quot;,&quot;title&quot;:&quot;&quot;,&quot;orientation&quot;:&quot;0&quot;}\" data-image-title=\"21. AURORA AUSTRAL DESDE EL ESPACIO Photograph courtesy of NASA\/JSC\/JOE ACABA\" data-image-description=\"\" data-medium-file=\"https:\/\/i0.wp.com\/kalot.com.mx\/site\/wp-content\/uploads\/2014\/01\/21-aurora-astralis-from-space.jpg?fit=300%2C200&#038;ssl=1\" data-large-file=\"https:\/\/i0.wp.com\/kalot.com.mx\/site\/wp-content\/uploads\/2014\/01\/21-aurora-astralis-from-space.jpg?fit=800%2C532&#038;ssl=1\" src=\"https:\/\/i0.wp.com\/kalot.com.mx\/site\/wp-content\/uploads\/2014\/01\/21-aurora-astralis-from-space.jpg?w=813&#038;h=541&#038;ssl=1\" srcset=\"https:\/\/i0.wp.com\/kalot.com.mx\/site\/wp-content\/uploads\/2014\/01\/21-aurora-astralis-from-space.jpg?w=800&amp;ssl=1 800w, https:\/\/i0.wp.com\/kalot.com.mx\/site\/wp-content\/uploads\/2014\/01\/21-aurora-astralis-from-space.jpg?resize=768%2C511&amp;ssl=1 768w, https:\/\/i0.wp.com\/kalot.com.mx\/site\/wp-content\/uploads\/2014\/01\/21-aurora-astralis-from-space.jpg?resize=380%2C253&amp;ssl=1 380w, https:\/\/i0.wp.com\/kalot.com.mx\/site\/wp-content\/uploads\/2014\/01\/21-aurora-astralis-from-space.jpg?resize=300%2C200&amp;ssl=1 300w, https:\/\/i0.wp.com\/kalot.com.mx\/site\/wp-content\/uploads\/2014\/01\/21-aurora-astralis-from-space.jpg?resize=450%2C300&amp;ssl=1 450w\" width=\"813\" height=\"541\" loading=\"lazy\" data-original-width=\"813\" data-original-height=\"541\" itemprop=\"http:\/\/schema.org\/image\" title=\"21. AURORA AUSTRAL DESDE EL ESPACIO Photograph courtesy of NASA\/JSC\/JOE ACABA\" alt=\"21. AURORA AUSTRAL DESDE EL ESPACIO Photograph courtesy of NASA\/JSC\/JOE ACABA\" style=\"width: 813px; height: 541px;\" \/> <\/a> <\/div> <\/div> <!-- close group --> <\/div> <!-- close row --> <div class=\"gallery-row\" style=\"width: 1200px; height: 628px;\" data-original-width=\"1200\" data-original-height=\"628\" > <div class=\"gallery-group images-1\" style=\"width: 780px; height: 628px;\" data-original-width=\"780\" data-original-height=\"628\" > <div class=\"tiled-gallery-item tiled-gallery-item-large\" itemprop=\"associatedMedia\" itemscope itemtype=\"http:\/\/schema.org\/ImageObject\"> <a href=\"https:\/\/kalot.com.mx\/site\/2014\/01\/24\/top-75-de-las-mejores-fotografias-del-ano-pasado\/20-heart-shaped-rock-kannesteinen-rock-norway\/\" border=\"0\" itemprop=\"url\"> <meta itemprop=\"width\" content=\"776\"> <meta itemprop=\"height\" content=\"624\"> <img loading=\"lazy\" decoding=\"async\" class=\"\" data-attachment-id=\"10060\" data-orig-file=\"https:\/\/kalot.com.mx\/site\/wp-content\/uploads\/2014\/01\/20-heart-shaped-rock-kannesteinen-rock-norway.jpg\" data-orig-size=\"800,644\" data-comments-opened=\"1\" data-image-meta=\"{&quot;aperture&quot;:&quot;0&quot;,&quot;credit&quot;:&quot;&quot;,&quot;camera&quot;:&quot;&quot;,&quot;caption&quot;:&quot;&quot;,&quot;created_timestamp&quot;:&quot;0&quot;,&quot;copyright&quot;:&quot;&quot;,&quot;focal_length&quot;:&quot;0&quot;,&quot;iso&quot;:&quot;0&quot;,&quot;shutter_speed&quot;:&quot;0&quot;,&quot;title&quot;:&quot;&quot;,&quot;orientation&quot;:&quot;0&quot;}\" data-image-title=\"20. OLAS DEL TIEMPO Photograph by CHELL HILL\" data-image-description=\"\" data-medium-file=\"https:\/\/i0.wp.com\/kalot.com.mx\/site\/wp-content\/uploads\/2014\/01\/20-heart-shaped-rock-kannesteinen-rock-norway.jpg?fit=300%2C242&#038;ssl=1\" data-large-file=\"https:\/\/i0.wp.com\/kalot.com.mx\/site\/wp-content\/uploads\/2014\/01\/20-heart-shaped-rock-kannesteinen-rock-norway.jpg?fit=800%2C644&#038;ssl=1\" src=\"https:\/\/i0.wp.com\/kalot.com.mx\/site\/wp-content\/uploads\/2014\/01\/20-heart-shaped-rock-kannesteinen-rock-norway.jpg?w=776&#038;h=624&#038;ssl=1\" srcset=\"https:\/\/i0.wp.com\/kalot.com.mx\/site\/wp-content\/uploads\/2014\/01\/20-heart-shaped-rock-kannesteinen-rock-norway.jpg?w=800&amp;ssl=1 800w, https:\/\/i0.wp.com\/kalot.com.mx\/site\/wp-content\/uploads\/2014\/01\/20-heart-shaped-rock-kannesteinen-rock-norway.jpg?resize=768%2C618&amp;ssl=1 768w, https:\/\/i0.wp.com\/kalot.com.mx\/site\/wp-content\/uploads\/2014\/01\/20-heart-shaped-rock-kannesteinen-rock-norway.jpg?resize=380%2C306&amp;ssl=1 380w, https:\/\/i0.wp.com\/kalot.com.mx\/site\/wp-content\/uploads\/2014\/01\/20-heart-shaped-rock-kannesteinen-rock-norway.jpg?resize=300%2C242&amp;ssl=1 300w\" width=\"776\" height=\"624\" loading=\"lazy\" data-original-width=\"776\" data-original-height=\"624\" itemprop=\"http:\/\/schema.org\/image\" title=\"20. OLAS DEL TIEMPO Photograph by CHELL HILL\" alt=\"20. OLAS DEL TIEMPO Photograph by CHELL HILL\" style=\"width: 776px; height: 624px;\" \/> <\/a> <\/div> <\/div> <!-- close group --> <div class=\"gallery-group images-1\" style=\"width: 420px; height: 628px;\" data-original-width=\"420\" data-original-height=\"628\" > <div class=\"tiled-gallery-item tiled-gallery-item-large\" itemprop=\"associatedMedia\" itemscope itemtype=\"http:\/\/schema.org\/ImageObject\"> <a href=\"https:\/\/kalot.com.mx\/site\/2014\/01\/24\/top-75-de-las-mejores-fotografias-del-ano-pasado\/19-surding-duck\/\" border=\"0\" itemprop=\"url\"> <meta itemprop=\"width\" content=\"416\"> <meta itemprop=\"height\" content=\"624\"> <img loading=\"lazy\" decoding=\"async\" class=\"\" data-attachment-id=\"10059\" data-orig-file=\"https:\/\/kalot.com.mx\/site\/wp-content\/uploads\/2014\/01\/19-surding-duck.jpg\" data-orig-size=\"800,1200\" data-comments-opened=\"1\" data-image-meta=\"{&quot;aperture&quot;:&quot;0&quot;,&quot;credit&quot;:&quot;&quot;,&quot;camera&quot;:&quot;&quot;,&quot;caption&quot;:&quot;&quot;,&quot;created_timestamp&quot;:&quot;0&quot;,&quot;copyright&quot;:&quot;&quot;,&quot;focal_length&quot;:&quot;0&quot;,&quot;iso&quot;:&quot;0&quot;,&quot;shutter_speed&quot;:&quot;0&quot;,&quot;title&quot;:&quot;&quot;,&quot;orientation&quot;:&quot;0&quot;}\" data-image-title=\"19. EL PATO M\u00c1S GENIAL DE TODOS LOS TIEMPOS Photograph via ubomw on Reddit\" data-image-description=\"\" data-medium-file=\"https:\/\/i0.wp.com\/kalot.com.mx\/site\/wp-content\/uploads\/2014\/01\/19-surding-duck.jpg?fit=200%2C300&#038;ssl=1\" data-large-file=\"https:\/\/i0.wp.com\/kalot.com.mx\/site\/wp-content\/uploads\/2014\/01\/19-surding-duck.jpg?fit=683%2C1024&#038;ssl=1\" src=\"https:\/\/i0.wp.com\/kalot.com.mx\/site\/wp-content\/uploads\/2014\/01\/19-surding-duck.jpg?w=416&#038;h=624&#038;ssl=1\" srcset=\"https:\/\/i0.wp.com\/kalot.com.mx\/site\/wp-content\/uploads\/2014\/01\/19-surding-duck.jpg?w=800&amp;ssl=1 800w, https:\/\/i0.wp.com\/kalot.com.mx\/site\/wp-content\/uploads\/2014\/01\/19-surding-duck.jpg?resize=768%2C1152&amp;ssl=1 768w, https:\/\/i0.wp.com\/kalot.com.mx\/site\/wp-content\/uploads\/2014\/01\/19-surding-duck.jpg?resize=380%2C570&amp;ssl=1 380w, https:\/\/i0.wp.com\/kalot.com.mx\/site\/wp-content\/uploads\/2014\/01\/19-surding-duck.jpg?resize=200%2C300&amp;ssl=1 200w, https:\/\/i0.wp.com\/kalot.com.mx\/site\/wp-content\/uploads\/2014\/01\/19-surding-duck.jpg?resize=683%2C1024&amp;ssl=1 683w, https:\/\/i0.wp.com\/kalot.com.mx\/site\/wp-content\/uploads\/2014\/01\/19-surding-duck.jpg?resize=300%2C450&amp;ssl=1 300w\" width=\"416\" height=\"624\" loading=\"lazy\" data-original-width=\"416\" data-original-height=\"624\" itemprop=\"http:\/\/schema.org\/image\" title=\"19. EL PATO M\u00c1S GENIAL DE TODOS LOS TIEMPOS Photograph via ubomw on Reddit\" alt=\"19. EL PATO M\u00c1S GENIAL DE TODOS LOS TIEMPOS Photograph via ubomw on Reddit\" style=\"width: 416px; height: 624px;\" \/> <\/a> <\/div> <\/div> <!-- close group --> <\/div> <!-- close row --> <div class=\"gallery-row\" style=\"width: 1200px; height: 680px;\" data-original-width=\"1200\" data-original-height=\"680\" > <div class=\"gallery-group images-1\" style=\"width: 680px; height: 680px;\" data-original-width=\"680\" data-original-height=\"680\" > <div class=\"tiled-gallery-item tiled-gallery-item-large\" itemprop=\"associatedMedia\" itemscope itemtype=\"http:\/\/schema.org\/ImageObject\"> <a href=\"https:\/\/kalot.com.mx\/site\/2014\/01\/24\/top-75-de-las-mejores-fotografias-del-ano-pasado\/18-looking-down-from-top-of-burj-khalifa\/\" border=\"0\" itemprop=\"url\"> <meta itemprop=\"width\" content=\"676\"> <meta itemprop=\"height\" content=\"676\"> <img loading=\"lazy\" decoding=\"async\" class=\"\" data-attachment-id=\"10058\" data-orig-file=\"https:\/\/kalot.com.mx\/site\/wp-content\/uploads\/2014\/01\/18-looking-down-from-top-of-burj-khalifa.jpg\" data-orig-size=\"612,612\" data-comments-opened=\"1\" data-image-meta=\"{&quot;aperture&quot;:&quot;0&quot;,&quot;credit&quot;:&quot;&quot;,&quot;camera&quot;:&quot;&quot;,&quot;caption&quot;:&quot;&quot;,&quot;created_timestamp&quot;:&quot;0&quot;,&quot;copyright&quot;:&quot;&quot;,&quot;focal_length&quot;:&quot;0&quot;,&quot;iso&quot;:&quot;0&quot;,&quot;shutter_speed&quot;:&quot;0&quot;,&quot;title&quot;:&quot;&quot;,&quot;orientation&quot;:&quot;0&quot;}\" data-image-title=\"18. EL BORDE DE LA LOCURA Photograph by JOE MCNALLY | www.joemcnally.com\" data-image-description=\"\" data-medium-file=\"https:\/\/i0.wp.com\/kalot.com.mx\/site\/wp-content\/uploads\/2014\/01\/18-looking-down-from-top-of-burj-khalifa.jpg?fit=300%2C300&#038;ssl=1\" data-large-file=\"https:\/\/i0.wp.com\/kalot.com.mx\/site\/wp-content\/uploads\/2014\/01\/18-looking-down-from-top-of-burj-khalifa.jpg?fit=612%2C612&#038;ssl=1\" src=\"https:\/\/i0.wp.com\/kalot.com.mx\/site\/wp-content\/uploads\/2014\/01\/18-looking-down-from-top-of-burj-khalifa.jpg?w=676&#038;h=676&#038;crop=1&#038;ssl=1\" srcset=\"https:\/\/i0.wp.com\/kalot.com.mx\/site\/wp-content\/uploads\/2014\/01\/18-looking-down-from-top-of-burj-khalifa.jpg?w=612&amp;ssl=1 612w, https:\/\/i0.wp.com\/kalot.com.mx\/site\/wp-content\/uploads\/2014\/01\/18-looking-down-from-top-of-burj-khalifa.jpg?resize=80%2C80&amp;ssl=1 80w, https:\/\/i0.wp.com\/kalot.com.mx\/site\/wp-content\/uploads\/2014\/01\/18-looking-down-from-top-of-burj-khalifa.jpg?resize=110%2C110&amp;ssl=1 110w, https:\/\/i0.wp.com\/kalot.com.mx\/site\/wp-content\/uploads\/2014\/01\/18-looking-down-from-top-of-burj-khalifa.jpg?resize=380%2C380&amp;ssl=1 380w, https:\/\/i0.wp.com\/kalot.com.mx\/site\/wp-content\/uploads\/2014\/01\/18-looking-down-from-top-of-burj-khalifa.jpg?resize=150%2C150&amp;ssl=1 150w, https:\/\/i0.wp.com\/kalot.com.mx\/site\/wp-content\/uploads\/2014\/01\/18-looking-down-from-top-of-burj-khalifa.jpg?resize=300%2C300&amp;ssl=1 300w, https:\/\/i0.wp.com\/kalot.com.mx\/site\/wp-content\/uploads\/2014\/01\/18-looking-down-from-top-of-burj-khalifa.jpg?resize=65%2C65&amp;ssl=1 65w, https:\/\/i0.wp.com\/kalot.com.mx\/site\/wp-content\/uploads\/2014\/01\/18-looking-down-from-top-of-burj-khalifa.jpg?resize=50%2C50&amp;ssl=1 50w\" width=\"676\" height=\"676\" loading=\"lazy\" data-original-width=\"676\" data-original-height=\"676\" itemprop=\"http:\/\/schema.org\/image\" title=\"18. EL BORDE DE LA LOCURA Photograph by JOE MCNALLY | www.joemcnally.com\" alt=\"18. EL BORDE DE LA LOCURA Photograph by JOE MCNALLY | www.joemcnally.com\" style=\"width: 676px; height: 676px;\" \/> <\/a> <\/div> <\/div> <!-- close group --> <div class=\"gallery-group images-2\" style=\"width: 520px; height: 680px;\" data-original-width=\"520\" data-original-height=\"680\" > <div class=\"tiled-gallery-item tiled-gallery-item-large\" itemprop=\"associatedMedia\" itemscope itemtype=\"http:\/\/schema.org\/ImageObject\"> <a href=\"https:\/\/kalot.com.mx\/site\/2014\/01\/24\/top-75-de-las-mejores-fotografias-del-ano-pasado\/17-vatican_museums_spiral_staircase_giuseppe-momo\/\" border=\"0\" itemprop=\"url\"> <meta itemprop=\"width\" content=\"516\"> <meta itemprop=\"height\" content=\"328\"> <img loading=\"lazy\" decoding=\"async\" class=\"\" data-attachment-id=\"10057\" data-orig-file=\"https:\/\/kalot.com.mx\/site\/wp-content\/uploads\/2014\/01\/17-vatican_museums_spiral_staircase_giuseppe-momo.jpg\" data-orig-size=\"800,508\" data-comments-opened=\"1\" data-image-meta=\"{&quot;aperture&quot;:&quot;0&quot;,&quot;credit&quot;:&quot;&quot;,&quot;camera&quot;:&quot;&quot;,&quot;caption&quot;:&quot;&quot;,&quot;created_timestamp&quot;:&quot;0&quot;,&quot;copyright&quot;:&quot;CC BY-SA-3.0&quot;,&quot;focal_length&quot;:&quot;0&quot;,&quot;iso&quot;:&quot;0&quot;,&quot;shutter_speed&quot;:&quot;0&quot;,&quot;title&quot;:&quot;&quot;,&quot;orientation&quot;:&quot;0&quot;}\" data-image-title=\"17. LA ESPIRAL HACIA ABAJO Photograph by User:Colin \/ Wikimedia Commons \/ CC-BY-SA-3.0\" data-image-description=\"\" data-medium-file=\"https:\/\/i0.wp.com\/kalot.com.mx\/site\/wp-content\/uploads\/2014\/01\/17-vatican_museums_spiral_staircase_giuseppe-momo.jpg?fit=300%2C191&#038;ssl=1\" data-large-file=\"https:\/\/i0.wp.com\/kalot.com.mx\/site\/wp-content\/uploads\/2014\/01\/17-vatican_museums_spiral_staircase_giuseppe-momo.jpg?fit=800%2C508&#038;ssl=1\" src=\"https:\/\/i0.wp.com\/kalot.com.mx\/site\/wp-content\/uploads\/2014\/01\/17-vatican_museums_spiral_staircase_giuseppe-momo.jpg?w=516&#038;h=328&#038;ssl=1\" srcset=\"https:\/\/i0.wp.com\/kalot.com.mx\/site\/wp-content\/uploads\/2014\/01\/17-vatican_museums_spiral_staircase_giuseppe-momo.jpg?w=800&amp;ssl=1 800w, https:\/\/i0.wp.com\/kalot.com.mx\/site\/wp-content\/uploads\/2014\/01\/17-vatican_museums_spiral_staircase_giuseppe-momo.jpg?resize=768%2C488&amp;ssl=1 768w, https:\/\/i0.wp.com\/kalot.com.mx\/site\/wp-content\/uploads\/2014\/01\/17-vatican_museums_spiral_staircase_giuseppe-momo.jpg?resize=380%2C241&amp;ssl=1 380w, https:\/\/i0.wp.com\/kalot.com.mx\/site\/wp-content\/uploads\/2014\/01\/17-vatican_museums_spiral_staircase_giuseppe-momo.jpg?resize=300%2C191&amp;ssl=1 300w\" width=\"516\" height=\"328\" loading=\"lazy\" data-original-width=\"516\" data-original-height=\"328\" itemprop=\"http:\/\/schema.org\/image\" title=\"17. LA ESPIRAL HACIA ABAJO Photograph by User:Colin \/ Wikimedia Commons \/ CC-BY-SA-3.0\" alt=\"17. LA ESPIRAL HACIA ABAJO Photograph by User:Colin \/ Wikimedia Commons \/ CC-BY-SA-3.0\" style=\"width: 516px; height: 328px;\" \/> <\/a> <\/div> <div class=\"tiled-gallery-item tiled-gallery-item-large\" itemprop=\"associatedMedia\" itemscope itemtype=\"http:\/\/schema.org\/ImageObject\"> <a href=\"https:\/\/kalot.com.mx\/site\/2014\/01\/24\/top-75-de-las-mejores-fotografias-del-ano-pasado\/16-5025266073_843e031e08_b\/\" border=\"0\" itemprop=\"url\"> <meta itemprop=\"width\" content=\"516\"> <meta itemprop=\"height\" content=\"344\"> <img loading=\"lazy\" decoding=\"async\" class=\"\" data-attachment-id=\"10056\" data-orig-file=\"https:\/\/kalot.com.mx\/site\/wp-content\/uploads\/2014\/01\/16-5025266073_843e031e08_b.jpg\" data-orig-size=\"1024,683\" data-comments-opened=\"1\" data-image-meta=\"{&quot;aperture&quot;:&quot;0&quot;,&quot;credit&quot;:&quot;&quot;,&quot;camera&quot;:&quot;&quot;,&quot;caption&quot;:&quot;&quot;,&quot;created_timestamp&quot;:&quot;0&quot;,&quot;copyright&quot;:&quot;&quot;,&quot;focal_length&quot;:&quot;0&quot;,&quot;iso&quot;:&quot;0&quot;,&quot;shutter_speed&quot;:&quot;0&quot;,&quot;title&quot;:&quot;&quot;,&quot;orientation&quot;:&quot;0&quot;}\" data-image-title=\"16. WHISKEY EN LAS ROCAS Photograph by THE TOWN SHERIFF on Flickr\" data-image-description=\"\" data-medium-file=\"https:\/\/i0.wp.com\/kalot.com.mx\/site\/wp-content\/uploads\/2014\/01\/16-5025266073_843e031e08_b.jpg?fit=300%2C200&#038;ssl=1\" data-large-file=\"https:\/\/i0.wp.com\/kalot.com.mx\/site\/wp-content\/uploads\/2014\/01\/16-5025266073_843e031e08_b.jpg?fit=1024%2C683&#038;ssl=1\" src=\"https:\/\/i0.wp.com\/kalot.com.mx\/site\/wp-content\/uploads\/2014\/01\/16-5025266073_843e031e08_b.jpg?w=516&#038;h=344&#038;ssl=1\" srcset=\"https:\/\/i0.wp.com\/kalot.com.mx\/site\/wp-content\/uploads\/2014\/01\/16-5025266073_843e031e08_b.jpg?w=1024&amp;ssl=1 1024w, https:\/\/i0.wp.com\/kalot.com.mx\/site\/wp-content\/uploads\/2014\/01\/16-5025266073_843e031e08_b.jpg?resize=768%2C512&amp;ssl=1 768w, https:\/\/i0.wp.com\/kalot.com.mx\/site\/wp-content\/uploads\/2014\/01\/16-5025266073_843e031e08_b.jpg?resize=380%2C253&amp;ssl=1 380w, https:\/\/i0.wp.com\/kalot.com.mx\/site\/wp-content\/uploads\/2014\/01\/16-5025266073_843e031e08_b.jpg?resize=800%2C534&amp;ssl=1 800w, https:\/\/i0.wp.com\/kalot.com.mx\/site\/wp-content\/uploads\/2014\/01\/16-5025266073_843e031e08_b.jpg?resize=300%2C200&amp;ssl=1 300w, https:\/\/i0.wp.com\/kalot.com.mx\/site\/wp-content\/uploads\/2014\/01\/16-5025266073_843e031e08_b.jpg?resize=450%2C300&amp;ssl=1 450w, https:\/\/i0.wp.com\/kalot.com.mx\/site\/wp-content\/uploads\/2014\/01\/16-5025266073_843e031e08_b.jpg?resize=810%2C540&amp;ssl=1 810w\" width=\"516\" height=\"344\" loading=\"lazy\" data-original-width=\"516\" data-original-height=\"344\" itemprop=\"http:\/\/schema.org\/image\" title=\"16. WHISKEY EN LAS ROCAS Photograph by THE TOWN SHERIFF on Flickr\" alt=\"16. WHISKEY EN LAS ROCAS Photograph by THE TOWN SHERIFF on Flickr\" style=\"width: 516px; height: 344px;\" \/> <\/a> <\/div> <\/div> <!-- close group --> <\/div> <!-- close row --> <div class=\"gallery-row\" style=\"width: 1200px; height: 269px;\" data-original-width=\"1200\" data-original-height=\"269\" > <div class=\"gallery-group images-1\" style=\"width: 371px; height: 269px;\" data-original-width=\"371\" data-original-height=\"269\" > <div class=\"tiled-gallery-item tiled-gallery-item-large\" itemprop=\"associatedMedia\" itemscope itemtype=\"http:\/\/schema.org\/ImageObject\"> <a href=\"https:\/\/kalot.com.mx\/site\/2014\/01\/24\/top-75-de-las-mejores-fotografias-del-ano-pasado\/15-mapparium-stained-glass-globe-mary-baker-eddy-library-boston\/\" border=\"0\" itemprop=\"url\"> <meta itemprop=\"width\" content=\"367\"> <meta itemprop=\"height\" content=\"265\"> <img loading=\"lazy\" decoding=\"async\" class=\"\" data-attachment-id=\"10055\" data-orig-file=\"https:\/\/kalot.com.mx\/site\/wp-content\/uploads\/2014\/01\/15-mapparium-stained-glass-globe-mary-baker-eddy-library-boston.jpg\" data-orig-size=\"800,579\" data-comments-opened=\"1\" data-image-meta=\"{&quot;aperture&quot;:&quot;0&quot;,&quot;credit&quot;:&quot;&quot;,&quot;camera&quot;:&quot;&quot;,&quot;caption&quot;:&quot;&quot;,&quot;created_timestamp&quot;:&quot;0&quot;,&quot;copyright&quot;:&quot;&quot;,&quot;focal_length&quot;:&quot;0&quot;,&quot;iso&quot;:&quot;0&quot;,&quot;shutter_speed&quot;:&quot;0&quot;,&quot;title&quot;:&quot;&quot;,&quot;orientation&quot;:&quot;0&quot;}\" data-image-title=\"15. EL VITRAL MAPPARIUM Photograph by BOB SACHA for National Geographic\" data-image-description=\"\" data-medium-file=\"https:\/\/i0.wp.com\/kalot.com.mx\/site\/wp-content\/uploads\/2014\/01\/15-mapparium-stained-glass-globe-mary-baker-eddy-library-boston.jpg?fit=300%2C217&#038;ssl=1\" data-large-file=\"https:\/\/i0.wp.com\/kalot.com.mx\/site\/wp-content\/uploads\/2014\/01\/15-mapparium-stained-glass-globe-mary-baker-eddy-library-boston.jpg?fit=800%2C579&#038;ssl=1\" src=\"https:\/\/i0.wp.com\/kalot.com.mx\/site\/wp-content\/uploads\/2014\/01\/15-mapparium-stained-glass-globe-mary-baker-eddy-library-boston.jpg?w=367&#038;h=265&#038;ssl=1\" srcset=\"https:\/\/i0.wp.com\/kalot.com.mx\/site\/wp-content\/uploads\/2014\/01\/15-mapparium-stained-glass-globe-mary-baker-eddy-library-boston.jpg?w=800&amp;ssl=1 800w, https:\/\/i0.wp.com\/kalot.com.mx\/site\/wp-content\/uploads\/2014\/01\/15-mapparium-stained-glass-globe-mary-baker-eddy-library-boston.jpg?resize=768%2C556&amp;ssl=1 768w, https:\/\/i0.wp.com\/kalot.com.mx\/site\/wp-content\/uploads\/2014\/01\/15-mapparium-stained-glass-globe-mary-baker-eddy-library-boston.jpg?resize=380%2C275&amp;ssl=1 380w, https:\/\/i0.wp.com\/kalot.com.mx\/site\/wp-content\/uploads\/2014\/01\/15-mapparium-stained-glass-globe-mary-baker-eddy-library-boston.jpg?resize=300%2C217&amp;ssl=1 300w\" width=\"367\" height=\"265\" loading=\"lazy\" data-original-width=\"367\" data-original-height=\"265\" itemprop=\"http:\/\/schema.org\/image\" title=\"15. EL VITRAL MAPPARIUM Photograph by BOB SACHA for National Geographic\" alt=\"15. EL VITRAL MAPPARIUM Photograph by BOB SACHA for National Geographic\" style=\"width: 367px; height: 265px;\" \/> <\/a> <\/div> <\/div> <!-- close group --> <div class=\"gallery-group images-1\" style=\"width: 401px; height: 269px;\" data-original-width=\"401\" data-original-height=\"269\" > <div class=\"tiled-gallery-item tiled-gallery-item-large\" itemprop=\"associatedMedia\" itemscope itemtype=\"http:\/\/schema.org\/ImageObject\"> <a href=\"https:\/\/kalot.com.mx\/site\/2014\/01\/24\/top-75-de-las-mejores-fotografias-del-ano-pasado\/14-7901889380_30fcf2ff06_c\/\" border=\"0\" itemprop=\"url\"> <meta itemprop=\"width\" content=\"397\"> <meta itemprop=\"height\" content=\"265\"> <img loading=\"lazy\" decoding=\"async\" class=\"\" data-attachment-id=\"10054\" data-orig-file=\"https:\/\/kalot.com.mx\/site\/wp-content\/uploads\/2014\/01\/14-7901889380_30fcf2ff06_c.jpg\" data-orig-size=\"800,534\" data-comments-opened=\"1\" data-image-meta=\"{&quot;aperture&quot;:&quot;0&quot;,&quot;credit&quot;:&quot;&quot;,&quot;camera&quot;:&quot;&quot;,&quot;caption&quot;:&quot;&quot;,&quot;created_timestamp&quot;:&quot;0&quot;,&quot;copyright&quot;:&quot;&quot;,&quot;focal_length&quot;:&quot;0&quot;,&quot;iso&quot;:&quot;0&quot;,&quot;shutter_speed&quot;:&quot;0&quot;,&quot;title&quot;:&quot;&quot;,&quot;orientation&quot;:&quot;0&quot;}\" data-image-title=\"14. MEDUSA LUNA Photograph by ALEXANDER SEMENOV\" data-image-description=\"\" data-medium-file=\"https:\/\/i0.wp.com\/kalot.com.mx\/site\/wp-content\/uploads\/2014\/01\/14-7901889380_30fcf2ff06_c.jpg?fit=300%2C200&#038;ssl=1\" data-large-file=\"https:\/\/i0.wp.com\/kalot.com.mx\/site\/wp-content\/uploads\/2014\/01\/14-7901889380_30fcf2ff06_c.jpg?fit=800%2C534&#038;ssl=1\" src=\"https:\/\/i0.wp.com\/kalot.com.mx\/site\/wp-content\/uploads\/2014\/01\/14-7901889380_30fcf2ff06_c.jpg?w=397&#038;h=265&#038;ssl=1\" srcset=\"https:\/\/i0.wp.com\/kalot.com.mx\/site\/wp-content\/uploads\/2014\/01\/14-7901889380_30fcf2ff06_c.jpg?w=800&amp;ssl=1 800w, https:\/\/i0.wp.com\/kalot.com.mx\/site\/wp-content\/uploads\/2014\/01\/14-7901889380_30fcf2ff06_c.jpg?resize=768%2C513&amp;ssl=1 768w, https:\/\/i0.wp.com\/kalot.com.mx\/site\/wp-content\/uploads\/2014\/01\/14-7901889380_30fcf2ff06_c.jpg?resize=380%2C254&amp;ssl=1 380w, https:\/\/i0.wp.com\/kalot.com.mx\/site\/wp-content\/uploads\/2014\/01\/14-7901889380_30fcf2ff06_c.jpg?resize=300%2C200&amp;ssl=1 300w, https:\/\/i0.wp.com\/kalot.com.mx\/site\/wp-content\/uploads\/2014\/01\/14-7901889380_30fcf2ff06_c.jpg?resize=450%2C300&amp;ssl=1 450w\" width=\"397\" height=\"265\" loading=\"lazy\" data-original-width=\"397\" data-original-height=\"265\" itemprop=\"http:\/\/schema.org\/image\" title=\"14. MEDUSA LUNA Photograph by ALEXANDER SEMENOV\" alt=\"14. MEDUSA LUNA Photograph by ALEXANDER SEMENOV\" style=\"width: 397px; height: 265px;\" \/> <\/a> <\/div> <\/div> <!-- close group --> <div class=\"gallery-group images-1\" style=\"width: 428px; height: 269px;\" data-original-width=\"428\" data-original-height=\"269\" > <div class=\"tiled-gallery-item tiled-gallery-item-large\" itemprop=\"associatedMedia\" itemscope itemtype=\"http:\/\/schema.org\/ImageObject\"> <a href=\"https:\/\/kalot.com.mx\/site\/2014\/01\/24\/top-75-de-las-mejores-fotografias-del-ano-pasado\/13-forces-of-nature\/\" border=\"0\" itemprop=\"url\"> <meta itemprop=\"width\" content=\"424\"> <meta itemprop=\"height\" content=\"265\"> <img loading=\"lazy\" decoding=\"async\" class=\"\" data-attachment-id=\"10053\" data-orig-file=\"https:\/\/kalot.com.mx\/site\/wp-content\/uploads\/2014\/01\/13-forces-of-nature.jpg\" data-orig-size=\"800,500\" data-comments-opened=\"1\" data-image-meta=\"{&quot;aperture&quot;:&quot;0&quot;,&quot;credit&quot;:&quot;&quot;,&quot;camera&quot;:&quot;&quot;,&quot;caption&quot;:&quot;&quot;,&quot;created_timestamp&quot;:&quot;0&quot;,&quot;copyright&quot;:&quot;&quot;,&quot;focal_length&quot;:&quot;0&quot;,&quot;iso&quot;:&quot;0&quot;,&quot;shutter_speed&quot;:&quot;0&quot;,&quot;title&quot;:&quot;&quot;,&quot;orientation&quot;:&quot;0&quot;}\" data-image-title=\"13. FUERZAS DE LA NATURALEZA Photograph by MARTIN RIETZE @ mrietze.com\" data-image-description=\"\" data-medium-file=\"https:\/\/i0.wp.com\/kalot.com.mx\/site\/wp-content\/uploads\/2014\/01\/13-forces-of-nature.jpg?fit=300%2C188&#038;ssl=1\" data-large-file=\"https:\/\/i0.wp.com\/kalot.com.mx\/site\/wp-content\/uploads\/2014\/01\/13-forces-of-nature.jpg?fit=800%2C500&#038;ssl=1\" src=\"https:\/\/i0.wp.com\/kalot.com.mx\/site\/wp-content\/uploads\/2014\/01\/13-forces-of-nature.jpg?w=424&#038;h=265&#038;ssl=1\" srcset=\"https:\/\/i0.wp.com\/kalot.com.mx\/site\/wp-content\/uploads\/2014\/01\/13-forces-of-nature.jpg?w=800&amp;ssl=1 800w, https:\/\/i0.wp.com\/kalot.com.mx\/site\/wp-content\/uploads\/2014\/01\/13-forces-of-nature.jpg?resize=768%2C480&amp;ssl=1 768w, https:\/\/i0.wp.com\/kalot.com.mx\/site\/wp-content\/uploads\/2014\/01\/13-forces-of-nature.jpg?resize=380%2C238&amp;ssl=1 380w, https:\/\/i0.wp.com\/kalot.com.mx\/site\/wp-content\/uploads\/2014\/01\/13-forces-of-nature.jpg?resize=300%2C188&amp;ssl=1 300w\" width=\"424\" height=\"265\" loading=\"lazy\" data-original-width=\"424\" data-original-height=\"265\" itemprop=\"http:\/\/schema.org\/image\" title=\"13. FUERZAS DE LA NATURALEZA Photograph by MARTIN RIETZE @ mrietze.com\" alt=\"13. FUERZAS DE LA NATURALEZA Photograph by MARTIN RIETZE @ mrietze.com\" style=\"width: 424px; height: 265px;\" \/> <\/a> <\/div> <\/div> <!-- close group --> <\/div> <!-- close row --> <div class=\"gallery-row\" style=\"width: 1200px; height: 541px;\" data-original-width=\"1200\" data-original-height=\"541\" > <div class=\"gallery-group images-1\" style=\"width: 838px; height: 541px;\" data-original-width=\"838\" data-original-height=\"541\" > <div class=\"tiled-gallery-item tiled-gallery-item-large\" itemprop=\"associatedMedia\" itemscope itemtype=\"http:\/\/schema.org\/ImageObject\"> <a href=\"https:\/\/kalot.com.mx\/site\/2014\/01\/24\/top-75-de-las-mejores-fotografias-del-ano-pasado\/12-5955596892_b8cc5bba81_b\/\" border=\"0\" itemprop=\"url\"> <meta itemprop=\"width\" content=\"834\"> <meta itemprop=\"height\" content=\"537\"> <img loading=\"lazy\" decoding=\"async\" class=\"\" data-attachment-id=\"10052\" data-orig-file=\"https:\/\/kalot.com.mx\/site\/wp-content\/uploads\/2014\/01\/12-5955596892_b8cc5bba81_b.jpg\" data-orig-size=\"1024,659\" data-comments-opened=\"1\" data-image-meta=\"{&quot;aperture&quot;:&quot;0&quot;,&quot;credit&quot;:&quot;unknown&quot;,&quot;camera&quot;:&quot;&quot;,&quot;caption&quot;:&quot;&quot;,&quot;created_timestamp&quot;:&quot;0&quot;,&quot;copyright&quot;:&quot;&quot;,&quot;focal_length&quot;:&quot;0&quot;,&quot;iso&quot;:&quot;0&quot;,&quot;shutter_speed&quot;:&quot;0&quot;,&quot;title&quot;:&quot;&quot;,&quot;orientation&quot;:&quot;0&quot;}\" data-image-title=\"12. TREN DE CARB\u00d3N EN EL ATARDECER Photograph by TOM DANNEMAN (MRL 390 on Flickr)\" data-image-description=\"\" data-medium-file=\"https:\/\/i0.wp.com\/kalot.com.mx\/site\/wp-content\/uploads\/2014\/01\/12-5955596892_b8cc5bba81_b.jpg?fit=300%2C193&#038;ssl=1\" data-large-file=\"https:\/\/i0.wp.com\/kalot.com.mx\/site\/wp-content\/uploads\/2014\/01\/12-5955596892_b8cc5bba81_b.jpg?fit=1024%2C659&#038;ssl=1\" src=\"https:\/\/i0.wp.com\/kalot.com.mx\/site\/wp-content\/uploads\/2014\/01\/12-5955596892_b8cc5bba81_b.jpg?w=834&#038;h=537&#038;ssl=1\" srcset=\"https:\/\/i0.wp.com\/kalot.com.mx\/site\/wp-content\/uploads\/2014\/01\/12-5955596892_b8cc5bba81_b.jpg?w=1024&amp;ssl=1 1024w, https:\/\/i0.wp.com\/kalot.com.mx\/site\/wp-content\/uploads\/2014\/01\/12-5955596892_b8cc5bba81_b.jpg?resize=768%2C494&amp;ssl=1 768w, https:\/\/i0.wp.com\/kalot.com.mx\/site\/wp-content\/uploads\/2014\/01\/12-5955596892_b8cc5bba81_b.jpg?resize=380%2C245&amp;ssl=1 380w, https:\/\/i0.wp.com\/kalot.com.mx\/site\/wp-content\/uploads\/2014\/01\/12-5955596892_b8cc5bba81_b.jpg?resize=800%2C515&amp;ssl=1 800w, https:\/\/i0.wp.com\/kalot.com.mx\/site\/wp-content\/uploads\/2014\/01\/12-5955596892_b8cc5bba81_b.jpg?resize=300%2C193&amp;ssl=1 300w, https:\/\/i0.wp.com\/kalot.com.mx\/site\/wp-content\/uploads\/2014\/01\/12-5955596892_b8cc5bba81_b.jpg?resize=810%2C521&amp;ssl=1 810w\" width=\"834\" height=\"537\" loading=\"lazy\" data-original-width=\"834\" data-original-height=\"537\" itemprop=\"http:\/\/schema.org\/image\" title=\"12. TREN DE CARB\u00d3N EN EL ATARDECER Photograph by TOM DANNEMAN (MRL 390 on Flickr)\" alt=\"12. TREN DE CARB\u00d3N EN EL ATARDECER Photograph by TOM DANNEMAN (MRL 390 on Flickr)\" style=\"width: 834px; height: 537px;\" \/> <\/a> <\/div> <\/div> <!-- close group --> <div class=\"gallery-group images-1\" style=\"width: 362px; height: 541px;\" data-original-width=\"362\" data-original-height=\"541\" > <div class=\"tiled-gallery-item tiled-gallery-item-large\" itemprop=\"associatedMedia\" itemscope itemtype=\"http:\/\/schema.org\/ImageObject\"> <a href=\"https:\/\/kalot.com.mx\/site\/2014\/01\/24\/top-75-de-las-mejores-fotografias-del-ano-pasado\/11-lions-head-hike-overlooking-cape-town-south-africa\/\" border=\"0\" itemprop=\"url\"> <meta itemprop=\"width\" content=\"358\"> <meta itemprop=\"height\" content=\"537\"> <img loading=\"lazy\" decoding=\"async\" class=\"\" data-attachment-id=\"10051\" data-orig-file=\"https:\/\/kalot.com.mx\/site\/wp-content\/uploads\/2014\/01\/11-lions-head-hike-overlooking-cape-town-south-africa.jpg\" data-orig-size=\"800,1200\" data-comments-opened=\"1\" data-image-meta=\"{&quot;aperture&quot;:&quot;0&quot;,&quot;credit&quot;:&quot;&quot;,&quot;camera&quot;:&quot;&quot;,&quot;caption&quot;:&quot;&quot;,&quot;created_timestamp&quot;:&quot;0&quot;,&quot;copyright&quot;:&quot;&quot;,&quot;focal_length&quot;:&quot;0&quot;,&quot;iso&quot;:&quot;0&quot;,&quot;shutter_speed&quot;:&quot;0&quot;,&quot;title&quot;:&quot;&quot;,&quot;orientation&quot;:&quot;0&quot;}\" data-image-title=\"11. MIRANDO HACIA ABAJO DESDE LA CABEZA DEL LE\u00d3N Photograph by trottin-the-globe.tumblr.com\" data-image-description=\"\" data-medium-file=\"https:\/\/i0.wp.com\/kalot.com.mx\/site\/wp-content\/uploads\/2014\/01\/11-lions-head-hike-overlooking-cape-town-south-africa.jpg?fit=200%2C300&#038;ssl=1\" data-large-file=\"https:\/\/i0.wp.com\/kalot.com.mx\/site\/wp-content\/uploads\/2014\/01\/11-lions-head-hike-overlooking-cape-town-south-africa.jpg?fit=683%2C1024&#038;ssl=1\" src=\"https:\/\/i0.wp.com\/kalot.com.mx\/site\/wp-content\/uploads\/2014\/01\/11-lions-head-hike-overlooking-cape-town-south-africa.jpg?w=358&#038;h=537&#038;ssl=1\" srcset=\"https:\/\/i0.wp.com\/kalot.com.mx\/site\/wp-content\/uploads\/2014\/01\/11-lions-head-hike-overlooking-cape-town-south-africa.jpg?w=800&amp;ssl=1 800w, https:\/\/i0.wp.com\/kalot.com.mx\/site\/wp-content\/uploads\/2014\/01\/11-lions-head-hike-overlooking-cape-town-south-africa.jpg?resize=768%2C1152&amp;ssl=1 768w, https:\/\/i0.wp.com\/kalot.com.mx\/site\/wp-content\/uploads\/2014\/01\/11-lions-head-hike-overlooking-cape-town-south-africa.jpg?resize=380%2C570&amp;ssl=1 380w, https:\/\/i0.wp.com\/kalot.com.mx\/site\/wp-content\/uploads\/2014\/01\/11-lions-head-hike-overlooking-cape-town-south-africa.jpg?resize=200%2C300&amp;ssl=1 200w, https:\/\/i0.wp.com\/kalot.com.mx\/site\/wp-content\/uploads\/2014\/01\/11-lions-head-hike-overlooking-cape-town-south-africa.jpg?resize=683%2C1024&amp;ssl=1 683w, https:\/\/i0.wp.com\/kalot.com.mx\/site\/wp-content\/uploads\/2014\/01\/11-lions-head-hike-overlooking-cape-town-south-africa.jpg?resize=300%2C450&amp;ssl=1 300w\" width=\"358\" height=\"537\" loading=\"lazy\" data-original-width=\"358\" data-original-height=\"537\" itemprop=\"http:\/\/schema.org\/image\" title=\"11. MIRANDO HACIA ABAJO DESDE LA CABEZA DEL LE\u00d3N Photograph by trottin-the-globe.tumblr.com\" alt=\"11. MIRANDO HACIA ABAJO DESDE LA CABEZA DEL LE\u00d3N Photograph by trottin-the-globe.tumblr.com\" style=\"width: 358px; height: 537px;\" \/> <\/a> <\/div> <\/div> <!-- close group --> <\/div> <!-- close row --> <div class=\"gallery-row\" style=\"width: 1200px; height: 588px;\" data-original-width=\"1200\" data-original-height=\"588\" > <div class=\"gallery-group images-2\" style=\"width: 417px; height: 588px;\" data-original-width=\"417\" data-original-height=\"588\" > <div class=\"tiled-gallery-item tiled-gallery-item-large\" itemprop=\"associatedMedia\" itemscope itemtype=\"http:\/\/schema.org\/ImageObject\"> <a href=\"https:\/\/kalot.com.mx\/site\/2014\/01\/24\/top-75-de-las-mejores-fotografias-del-ano-pasado\/10-duct-tape-landscape-takahiro-iwasaki\/\" border=\"0\" itemprop=\"url\"> <meta itemprop=\"width\" content=\"413\"> <meta itemprop=\"height\" content=\"309\"> <img loading=\"lazy\" decoding=\"async\" class=\"\" data-attachment-id=\"10050\" data-orig-file=\"https:\/\/kalot.com.mx\/site\/wp-content\/uploads\/2014\/01\/10-duct-tape-landscape-takahiro-iwasaki.jpg\" data-orig-size=\"800,598\" data-comments-opened=\"1\" data-image-meta=\"{&quot;aperture&quot;:&quot;0&quot;,&quot;credit&quot;:&quot;&quot;,&quot;camera&quot;:&quot;&quot;,&quot;caption&quot;:&quot;&quot;,&quot;created_timestamp&quot;:&quot;0&quot;,&quot;copyright&quot;:&quot;&quot;,&quot;focal_length&quot;:&quot;0&quot;,&quot;iso&quot;:&quot;0&quot;,&quot;shutter_speed&quot;:&quot;0&quot;,&quot;title&quot;:&quot;&quot;,&quot;orientation&quot;:&quot;0&quot;}\" data-image-title=\"10. PAISAJE EN CINTA DE AISLAR Photograph by Owen Houhoulis\" data-image-description=\"\" data-medium-file=\"https:\/\/i0.wp.com\/kalot.com.mx\/site\/wp-content\/uploads\/2014\/01\/10-duct-tape-landscape-takahiro-iwasaki.jpg?fit=300%2C224&#038;ssl=1\" data-large-file=\"https:\/\/i0.wp.com\/kalot.com.mx\/site\/wp-content\/uploads\/2014\/01\/10-duct-tape-landscape-takahiro-iwasaki.jpg?fit=800%2C598&#038;ssl=1\" src=\"https:\/\/i0.wp.com\/kalot.com.mx\/site\/wp-content\/uploads\/2014\/01\/10-duct-tape-landscape-takahiro-iwasaki.jpg?w=413&#038;h=309&#038;ssl=1\" srcset=\"https:\/\/i0.wp.com\/kalot.com.mx\/site\/wp-content\/uploads\/2014\/01\/10-duct-tape-landscape-takahiro-iwasaki.jpg?w=800&amp;ssl=1 800w, https:\/\/i0.wp.com\/kalot.com.mx\/site\/wp-content\/uploads\/2014\/01\/10-duct-tape-landscape-takahiro-iwasaki.jpg?resize=768%2C574&amp;ssl=1 768w, https:\/\/i0.wp.com\/kalot.com.mx\/site\/wp-content\/uploads\/2014\/01\/10-duct-tape-landscape-takahiro-iwasaki.jpg?resize=300%2C224&amp;ssl=1 300w, https:\/\/i0.wp.com\/kalot.com.mx\/site\/wp-content\/uploads\/2014\/01\/10-duct-tape-landscape-takahiro-iwasaki.jpg?resize=200%2C150&amp;ssl=1 200w, https:\/\/i0.wp.com\/kalot.com.mx\/site\/wp-content\/uploads\/2014\/01\/10-duct-tape-landscape-takahiro-iwasaki.jpg?resize=260%2C195&amp;ssl=1 260w, https:\/\/i0.wp.com\/kalot.com.mx\/site\/wp-content\/uploads\/2014\/01\/10-duct-tape-landscape-takahiro-iwasaki.jpg?resize=380%2C284&amp;ssl=1 380w\" width=\"413\" height=\"309\" loading=\"lazy\" data-original-width=\"413\" data-original-height=\"309\" itemprop=\"http:\/\/schema.org\/image\" title=\"10. PAISAJE EN CINTA DE AISLAR Photograph by Owen Houhoulis\" alt=\"10. PAISAJE EN CINTA DE AISLAR Photograph by Owen Houhoulis\" style=\"width: 413px; height: 309px;\" \/> <\/a> <\/div> <div class=\"tiled-gallery-item tiled-gallery-item-large\" itemprop=\"associatedMedia\" itemscope itemtype=\"http:\/\/schema.org\/ImageObject\"> <a href=\"https:\/\/kalot.com.mx\/site\/2014\/01\/24\/top-75-de-las-mejores-fotografias-del-ano-pasado\/9-voringsfossen-waterfall-mabodalen-norway\/\" border=\"0\" itemprop=\"url\"> <meta itemprop=\"width\" content=\"413\"> <meta itemprop=\"height\" content=\"271\"> <img loading=\"lazy\" decoding=\"async\" class=\"\" data-attachment-id=\"10049\" data-orig-file=\"https:\/\/kalot.com.mx\/site\/wp-content\/uploads\/2014\/01\/9-voringsfossen-waterfall-mabodalen-norway.jpg\" data-orig-size=\"800,524\" data-comments-opened=\"1\" data-image-meta=\"{&quot;aperture&quot;:&quot;0&quot;,&quot;credit&quot;:&quot;&quot;,&quot;camera&quot;:&quot;&quot;,&quot;caption&quot;:&quot;&quot;,&quot;created_timestamp&quot;:&quot;0&quot;,&quot;copyright&quot;:&quot;&quot;,&quot;focal_length&quot;:&quot;0&quot;,&quot;iso&quot;:&quot;0&quot;,&quot;shutter_speed&quot;:&quot;0&quot;,&quot;title&quot;:&quot;&quot;,&quot;orientation&quot;:&quot;0&quot;}\" data-image-title=\"9. ESTO ES NORUEGA Photograph by Simo R\u00e4s\u00e4nen\" data-image-description=\"\" data-medium-file=\"https:\/\/i0.wp.com\/kalot.com.mx\/site\/wp-content\/uploads\/2014\/01\/9-voringsfossen-waterfall-mabodalen-norway.jpg?fit=300%2C197&#038;ssl=1\" data-large-file=\"https:\/\/i0.wp.com\/kalot.com.mx\/site\/wp-content\/uploads\/2014\/01\/9-voringsfossen-waterfall-mabodalen-norway.jpg?fit=800%2C524&#038;ssl=1\" src=\"https:\/\/i0.wp.com\/kalot.com.mx\/site\/wp-content\/uploads\/2014\/01\/9-voringsfossen-waterfall-mabodalen-norway.jpg?w=413&#038;h=271&#038;ssl=1\" srcset=\"https:\/\/i0.wp.com\/kalot.com.mx\/site\/wp-content\/uploads\/2014\/01\/9-voringsfossen-waterfall-mabodalen-norway.jpg?w=800&amp;ssl=1 800w, https:\/\/i0.wp.com\/kalot.com.mx\/site\/wp-content\/uploads\/2014\/01\/9-voringsfossen-waterfall-mabodalen-norway.jpg?resize=768%2C503&amp;ssl=1 768w, https:\/\/i0.wp.com\/kalot.com.mx\/site\/wp-content\/uploads\/2014\/01\/9-voringsfossen-waterfall-mabodalen-norway.jpg?resize=380%2C249&amp;ssl=1 380w, https:\/\/i0.wp.com\/kalot.com.mx\/site\/wp-content\/uploads\/2014\/01\/9-voringsfossen-waterfall-mabodalen-norway.jpg?resize=300%2C197&amp;ssl=1 300w\" width=\"413\" height=\"271\" loading=\"lazy\" data-original-width=\"413\" data-original-height=\"271\" itemprop=\"http:\/\/schema.org\/image\" title=\"9. ESTO ES NORUEGA Photograph by Simo R\u00e4s\u00e4nen\" alt=\"9. ESTO ES NORUEGA Photograph by Simo R\u00e4s\u00e4nen\" style=\"width: 413px; height: 271px;\" \/> <\/a> <\/div> <\/div> <!-- close group --> <div class=\"gallery-group images-1\" style=\"width: 783px; height: 588px;\" data-original-width=\"783\" data-original-height=\"588\" > <div class=\"tiled-gallery-item tiled-gallery-item-large\" itemprop=\"associatedMedia\" itemscope itemtype=\"http:\/\/schema.org\/ImageObject\"> <a href=\"https:\/\/kalot.com.mx\/site\/2014\/01\/24\/top-75-de-las-mejores-fotografias-del-ano-pasado\/8-ice-and-snow-on-tree-after-flood-trippy-effect\/\" border=\"0\" itemprop=\"url\"> <meta itemprop=\"width\" content=\"779\"> <meta itemprop=\"height\" content=\"584\"> <img loading=\"lazy\" decoding=\"async\" class=\"\" data-attachment-id=\"10048\" data-orig-file=\"https:\/\/kalot.com.mx\/site\/wp-content\/uploads\/2014\/01\/8-ice-and-snow-on-tree-after-flood-trippy-effect.jpg\" data-orig-size=\"800,600\" data-comments-opened=\"1\" data-image-meta=\"{&quot;aperture&quot;:&quot;0&quot;,&quot;credit&quot;:&quot;&quot;,&quot;camera&quot;:&quot;&quot;,&quot;caption&quot;:&quot;&quot;,&quot;created_timestamp&quot;:&quot;0&quot;,&quot;copyright&quot;:&quot;&quot;,&quot;focal_length&quot;:&quot;0&quot;,&quot;iso&quot;:&quot;0&quot;,&quot;shutter_speed&quot;:&quot;0&quot;,&quot;title&quot;:&quot;&quot;,&quot;orientation&quot;:&quot;0&quot;}\" data-image-title=\"8. SURREALISTA EFECTO DEL HIELO TRAS UNA INUNDACI\u00d3N Photograph by Willyyz on Reddit\" data-image-description=\"\" data-medium-file=\"https:\/\/i0.wp.com\/kalot.com.mx\/site\/wp-content\/uploads\/2014\/01\/8-ice-and-snow-on-tree-after-flood-trippy-effect.jpg?fit=300%2C225&#038;ssl=1\" data-large-file=\"https:\/\/i0.wp.com\/kalot.com.mx\/site\/wp-content\/uploads\/2014\/01\/8-ice-and-snow-on-tree-after-flood-trippy-effect.jpg?fit=800%2C600&#038;ssl=1\" src=\"https:\/\/i0.wp.com\/kalot.com.mx\/site\/wp-content\/uploads\/2014\/01\/8-ice-and-snow-on-tree-after-flood-trippy-effect.jpg?w=779&#038;h=584&#038;ssl=1\" srcset=\"https:\/\/i0.wp.com\/kalot.com.mx\/site\/wp-content\/uploads\/2014\/01\/8-ice-and-snow-on-tree-after-flood-trippy-effect.jpg?w=800&amp;ssl=1 800w, https:\/\/i0.wp.com\/kalot.com.mx\/site\/wp-content\/uploads\/2014\/01\/8-ice-and-snow-on-tree-after-flood-trippy-effect.jpg?resize=768%2C576&amp;ssl=1 768w, https:\/\/i0.wp.com\/kalot.com.mx\/site\/wp-content\/uploads\/2014\/01\/8-ice-and-snow-on-tree-after-flood-trippy-effect.jpg?resize=300%2C225&amp;ssl=1 300w, https:\/\/i0.wp.com\/kalot.com.mx\/site\/wp-content\/uploads\/2014\/01\/8-ice-and-snow-on-tree-after-flood-trippy-effect.jpg?resize=200%2C150&amp;ssl=1 200w, https:\/\/i0.wp.com\/kalot.com.mx\/site\/wp-content\/uploads\/2014\/01\/8-ice-and-snow-on-tree-after-flood-trippy-effect.jpg?resize=260%2C195&amp;ssl=1 260w, https:\/\/i0.wp.com\/kalot.com.mx\/site\/wp-content\/uploads\/2014\/01\/8-ice-and-snow-on-tree-after-flood-trippy-effect.jpg?resize=380%2C285&amp;ssl=1 380w\" width=\"779\" height=\"584\" loading=\"lazy\" data-original-width=\"779\" data-original-height=\"584\" itemprop=\"http:\/\/schema.org\/image\" title=\"8. SURREALISTA EFECTO DEL HIELO TRAS UNA INUNDACI\u00d3N Photograph by Willyyz on Reddit\" alt=\"8. SURREALISTA EFECTO DEL HIELO TRAS UNA INUNDACI\u00d3N Photograph by Willyyz on Reddit\" style=\"width: 779px; height: 584px;\" \/> <\/a> <\/div> <\/div> <!-- close group --> <\/div> <!-- close row --> <div class=\"gallery-row\" style=\"width: 1200px; height: 588px;\" data-original-width=\"1200\" data-original-height=\"588\" > <div class=\"gallery-group images-1\" style=\"width: 760px; height: 588px;\" data-original-width=\"760\" data-original-height=\"588\" > <div class=\"tiled-gallery-item tiled-gallery-item-large\" itemprop=\"associatedMedia\" itemscope itemtype=\"http:\/\/schema.org\/ImageObject\"> <a href=\"https:\/\/kalot.com.mx\/site\/2014\/01\/24\/top-75-de-las-mejores-fotografias-del-ano-pasado\/7-the-moon-through-north-window-arches-national-park-utah-united-states\/\" border=\"0\" itemprop=\"url\"> <meta itemprop=\"width\" content=\"756\"> <meta itemprop=\"height\" content=\"584\"> <img loading=\"lazy\" decoding=\"async\" class=\"\" data-attachment-id=\"10047\" data-orig-file=\"https:\/\/kalot.com.mx\/site\/wp-content\/uploads\/2014\/01\/7-the-moon-through-north-window-arches-national-park-utah-united-states.jpg\" data-orig-size=\"800,618\" data-comments-opened=\"1\" data-image-meta=\"{&quot;aperture&quot;:&quot;0&quot;,&quot;credit&quot;:&quot;&quot;,&quot;camera&quot;:&quot;&quot;,&quot;caption&quot;:&quot;&quot;,&quot;created_timestamp&quot;:&quot;0&quot;,&quot;copyright&quot;:&quot;&quot;,&quot;focal_length&quot;:&quot;0&quot;,&quot;iso&quot;:&quot;0&quot;,&quot;shutter_speed&quot;:&quot;0&quot;,&quot;title&quot;:&quot;&quot;,&quot;orientation&quot;:&quot;0&quot;}\" data-image-title=\"7. EL OJO DE LA LUNA Photograph by LYNN SESSIONS | dreambreeze.com\" data-image-description=\"\" data-medium-file=\"https:\/\/i0.wp.com\/kalot.com.mx\/site\/wp-content\/uploads\/2014\/01\/7-the-moon-through-north-window-arches-national-park-utah-united-states.jpg?fit=300%2C232&#038;ssl=1\" data-large-file=\"https:\/\/i0.wp.com\/kalot.com.mx\/site\/wp-content\/uploads\/2014\/01\/7-the-moon-through-north-window-arches-national-park-utah-united-states.jpg?fit=800%2C618&#038;ssl=1\" src=\"https:\/\/i0.wp.com\/kalot.com.mx\/site\/wp-content\/uploads\/2014\/01\/7-the-moon-through-north-window-arches-national-park-utah-united-states.jpg?w=756&#038;h=584&#038;ssl=1\" srcset=\"https:\/\/i0.wp.com\/kalot.com.mx\/site\/wp-content\/uploads\/2014\/01\/7-the-moon-through-north-window-arches-national-park-utah-united-states.jpg?w=800&amp;ssl=1 800w, https:\/\/i0.wp.com\/kalot.com.mx\/site\/wp-content\/uploads\/2014\/01\/7-the-moon-through-north-window-arches-national-park-utah-united-states.jpg?resize=768%2C593&amp;ssl=1 768w, https:\/\/i0.wp.com\/kalot.com.mx\/site\/wp-content\/uploads\/2014\/01\/7-the-moon-through-north-window-arches-national-park-utah-united-states.jpg?resize=380%2C294&amp;ssl=1 380w, https:\/\/i0.wp.com\/kalot.com.mx\/site\/wp-content\/uploads\/2014\/01\/7-the-moon-through-north-window-arches-national-park-utah-united-states.jpg?resize=300%2C232&amp;ssl=1 300w\" width=\"756\" height=\"584\" loading=\"lazy\" data-original-width=\"756\" data-original-height=\"584\" itemprop=\"http:\/\/schema.org\/image\" title=\"7. EL OJO DE LA LUNA Photograph by LYNN SESSIONS | dreambreeze.com\" alt=\"7. EL OJO DE LA LUNA Photograph by LYNN SESSIONS | dreambreeze.com\" style=\"width: 756px; height: 584px;\" \/> <\/a> <\/div> <\/div> <!-- close group --> <div class=\"gallery-group images-2\" style=\"width: 440px; height: 588px;\" data-original-width=\"440\" data-original-height=\"588\" > <div class=\"tiled-gallery-item tiled-gallery-item-large\" itemprop=\"associatedMedia\" itemscope itemtype=\"http:\/\/schema.org\/ImageObject\"> <a href=\"https:\/\/kalot.com.mx\/site\/2014\/01\/24\/top-75-de-las-mejores-fotografias-del-ano-pasado\/6-self-portrait-in-space-aki-hoshide-earth-reflected-in-helmet\/\" border=\"0\" itemprop=\"url\"> <meta itemprop=\"width\" content=\"436\"> <meta itemprop=\"height\" content=\"290\"> <img loading=\"lazy\" decoding=\"async\" class=\"\" data-attachment-id=\"10046\" data-orig-file=\"https:\/\/kalot.com.mx\/site\/wp-content\/uploads\/2014\/01\/6-self-portrait-in-space-aki-hoshide-earth-reflected-in-helmet.jpg\" data-orig-size=\"800,531\" data-comments-opened=\"1\" data-image-meta=\"{&quot;aperture&quot;:&quot;0&quot;,&quot;credit&quot;:&quot;&quot;,&quot;camera&quot;:&quot;&quot;,&quot;caption&quot;:&quot;&quot;,&quot;created_timestamp&quot;:&quot;0&quot;,&quot;copyright&quot;:&quot;&quot;,&quot;focal_length&quot;:&quot;0&quot;,&quot;iso&quot;:&quot;0&quot;,&quot;shutter_speed&quot;:&quot;0&quot;,&quot;title&quot;:&quot;&quot;,&quot;orientation&quot;:&quot;0&quot;}\" data-image-title=\"6. AUTOFOTO EN EL ESPACIO Photograph by NASA\" data-image-description=\"\" data-medium-file=\"https:\/\/i0.wp.com\/kalot.com.mx\/site\/wp-content\/uploads\/2014\/01\/6-self-portrait-in-space-aki-hoshide-earth-reflected-in-helmet.jpg?fit=300%2C199&#038;ssl=1\" data-large-file=\"https:\/\/i0.wp.com\/kalot.com.mx\/site\/wp-content\/uploads\/2014\/01\/6-self-portrait-in-space-aki-hoshide-earth-reflected-in-helmet.jpg?fit=800%2C531&#038;ssl=1\" src=\"https:\/\/i0.wp.com\/kalot.com.mx\/site\/wp-content\/uploads\/2014\/01\/6-self-portrait-in-space-aki-hoshide-earth-reflected-in-helmet.jpg?w=436&#038;h=290&#038;ssl=1\" srcset=\"https:\/\/i0.wp.com\/kalot.com.mx\/site\/wp-content\/uploads\/2014\/01\/6-self-portrait-in-space-aki-hoshide-earth-reflected-in-helmet.jpg?w=800&amp;ssl=1 800w, https:\/\/i0.wp.com\/kalot.com.mx\/site\/wp-content\/uploads\/2014\/01\/6-self-portrait-in-space-aki-hoshide-earth-reflected-in-helmet.jpg?resize=768%2C510&amp;ssl=1 768w, https:\/\/i0.wp.com\/kalot.com.mx\/site\/wp-content\/uploads\/2014\/01\/6-self-portrait-in-space-aki-hoshide-earth-reflected-in-helmet.jpg?resize=380%2C252&amp;ssl=1 380w, https:\/\/i0.wp.com\/kalot.com.mx\/site\/wp-content\/uploads\/2014\/01\/6-self-portrait-in-space-aki-hoshide-earth-reflected-in-helmet.jpg?resize=300%2C199&amp;ssl=1 300w, https:\/\/i0.wp.com\/kalot.com.mx\/site\/wp-content\/uploads\/2014\/01\/6-self-portrait-in-space-aki-hoshide-earth-reflected-in-helmet.jpg?resize=450%2C300&amp;ssl=1 450w\" width=\"436\" height=\"290\" loading=\"lazy\" data-original-width=\"436\" data-original-height=\"290\" itemprop=\"http:\/\/schema.org\/image\" title=\"6. AUTOFOTO EN EL ESPACIO Photograph by NASA\" alt=\"6. AUTOFOTO EN EL ESPACIO Photograph by NASA\" style=\"width: 436px; height: 290px;\" \/> <\/a> <\/div> <div class=\"tiled-gallery-item tiled-gallery-item-large\" itemprop=\"associatedMedia\" itemscope itemtype=\"http:\/\/schema.org\/ImageObject\"> <a href=\"https:\/\/kalot.com.mx\/site\/2014\/01\/24\/top-75-de-las-mejores-fotografias-del-ano-pasado\/5-cloud-city-foggy-dubai-aerial-from-above-princess-tower\/\" border=\"0\" itemprop=\"url\"> <meta itemprop=\"width\" content=\"436\"> <meta itemprop=\"height\" content=\"290\"> <img loading=\"lazy\" decoding=\"async\" class=\"\" data-attachment-id=\"10045\" data-orig-file=\"https:\/\/kalot.com.mx\/site\/wp-content\/uploads\/2014\/01\/5-cloud-city-foggy-dubai-aerial-from-above-princess-tower.jpg\" data-orig-size=\"800,532\" data-comments-opened=\"1\" data-image-meta=\"{&quot;aperture&quot;:&quot;0&quot;,&quot;credit&quot;:&quot;&quot;,&quot;camera&quot;:&quot;&quot;,&quot;caption&quot;:&quot;&quot;,&quot;created_timestamp&quot;:&quot;0&quot;,&quot;copyright&quot;:&quot;Sebastian Opitz - AblazeWithLight.com&quot;,&quot;focal_length&quot;:&quot;0&quot;,&quot;iso&quot;:&quot;0&quot;,&quot;shutter_speed&quot;:&quot;0&quot;,&quot;title&quot;:&quot;&quot;,&quot;orientation&quot;:&quot;0&quot;}\" data-image-title=\"5. CIUDAD DE NUBES, DUBAI Photograph by SEBASTIAN OPTIZ | AblazeWithLight.com\" data-image-description=\"\" data-medium-file=\"https:\/\/i0.wp.com\/kalot.com.mx\/site\/wp-content\/uploads\/2014\/01\/5-cloud-city-foggy-dubai-aerial-from-above-princess-tower.jpg?fit=300%2C200&#038;ssl=1\" data-large-file=\"https:\/\/i0.wp.com\/kalot.com.mx\/site\/wp-content\/uploads\/2014\/01\/5-cloud-city-foggy-dubai-aerial-from-above-princess-tower.jpg?fit=800%2C532&#038;ssl=1\" src=\"https:\/\/i0.wp.com\/kalot.com.mx\/site\/wp-content\/uploads\/2014\/01\/5-cloud-city-foggy-dubai-aerial-from-above-princess-tower.jpg?w=436&#038;h=290&#038;ssl=1\" srcset=\"https:\/\/i0.wp.com\/kalot.com.mx\/site\/wp-content\/uploads\/2014\/01\/5-cloud-city-foggy-dubai-aerial-from-above-princess-tower.jpg?w=800&amp;ssl=1 800w, https:\/\/i0.wp.com\/kalot.com.mx\/site\/wp-content\/uploads\/2014\/01\/5-cloud-city-foggy-dubai-aerial-from-above-princess-tower.jpg?resize=768%2C511&amp;ssl=1 768w, https:\/\/i0.wp.com\/kalot.com.mx\/site\/wp-content\/uploads\/2014\/01\/5-cloud-city-foggy-dubai-aerial-from-above-princess-tower.jpg?resize=380%2C253&amp;ssl=1 380w, https:\/\/i0.wp.com\/kalot.com.mx\/site\/wp-content\/uploads\/2014\/01\/5-cloud-city-foggy-dubai-aerial-from-above-princess-tower.jpg?resize=300%2C200&amp;ssl=1 300w, https:\/\/i0.wp.com\/kalot.com.mx\/site\/wp-content\/uploads\/2014\/01\/5-cloud-city-foggy-dubai-aerial-from-above-princess-tower.jpg?resize=450%2C300&amp;ssl=1 450w\" width=\"436\" height=\"290\" loading=\"lazy\" data-original-width=\"436\" data-original-height=\"290\" itemprop=\"http:\/\/schema.org\/image\" title=\"5. CIUDAD DE NUBES, DUBAI Photograph by SEBASTIAN OPTIZ | AblazeWithLight.com\" alt=\"5. CIUDAD DE NUBES, DUBAI Photograph by SEBASTIAN OPTIZ | AblazeWithLight.com\" style=\"width: 436px; height: 290px;\" \/> <\/a> <\/div> <\/div> <!-- close group --> <\/div> <!-- close row --> <div class=\"gallery-row\" style=\"width: 1200px; height: 201px;\" data-original-width=\"1200\" data-original-height=\"201\" > <div class=\"gallery-group images-1\" style=\"width: 359px; height: 201px;\" data-original-width=\"359\" data-original-height=\"201\" > <div class=\"tiled-gallery-item tiled-gallery-item-large\" itemprop=\"associatedMedia\" itemscope itemtype=\"http:\/\/schema.org\/ImageObject\"> <a href=\"https:\/\/kalot.com.mx\/site\/2014\/01\/24\/top-75-de-las-mejores-fotografias-del-ano-pasado\/4-winter-contrast-in-krakow-poland-black-and-white\/\" border=\"0\" itemprop=\"url\"> <meta itemprop=\"width\" content=\"355\"> <meta itemprop=\"height\" content=\"197\"> <img loading=\"lazy\" decoding=\"async\" class=\"\" data-attachment-id=\"10044\" data-orig-file=\"https:\/\/kalot.com.mx\/site\/wp-content\/uploads\/2014\/01\/4-winter-contrast-in-krakow-poland-black-and-white.jpg\" data-orig-size=\"800,444\" data-comments-opened=\"1\" data-image-meta=\"{&quot;aperture&quot;:&quot;0&quot;,&quot;credit&quot;:&quot;&quot;,&quot;camera&quot;:&quot;&quot;,&quot;caption&quot;:&quot;&quot;,&quot;created_timestamp&quot;:&quot;0&quot;,&quot;copyright&quot;:&quot;&quot;,&quot;focal_length&quot;:&quot;0&quot;,&quot;iso&quot;:&quot;0&quot;,&quot;shutter_speed&quot;:&quot;0&quot;,&quot;title&quot;:&quot;&quot;,&quot;orientation&quot;:&quot;0&quot;}\" data-image-title=\"4. CONTRASTE EN CRACOVIA Photograph by MARTIN RYCZEK\" data-image-description=\"\" data-medium-file=\"https:\/\/i0.wp.com\/kalot.com.mx\/site\/wp-content\/uploads\/2014\/01\/4-winter-contrast-in-krakow-poland-black-and-white.jpg?fit=300%2C167&#038;ssl=1\" data-large-file=\"https:\/\/i0.wp.com\/kalot.com.mx\/site\/wp-content\/uploads\/2014\/01\/4-winter-contrast-in-krakow-poland-black-and-white.jpg?fit=800%2C444&#038;ssl=1\" src=\"https:\/\/i0.wp.com\/kalot.com.mx\/site\/wp-content\/uploads\/2014\/01\/4-winter-contrast-in-krakow-poland-black-and-white.jpg?w=355&#038;h=197&#038;ssl=1\" srcset=\"https:\/\/i0.wp.com\/kalot.com.mx\/site\/wp-content\/uploads\/2014\/01\/4-winter-contrast-in-krakow-poland-black-and-white.jpg?w=800&amp;ssl=1 800w, https:\/\/i0.wp.com\/kalot.com.mx\/site\/wp-content\/uploads\/2014\/01\/4-winter-contrast-in-krakow-poland-black-and-white.jpg?resize=768%2C426&amp;ssl=1 768w, https:\/\/i0.wp.com\/kalot.com.mx\/site\/wp-content\/uploads\/2014\/01\/4-winter-contrast-in-krakow-poland-black-and-white.jpg?resize=380%2C211&amp;ssl=1 380w, https:\/\/i0.wp.com\/kalot.com.mx\/site\/wp-content\/uploads\/2014\/01\/4-winter-contrast-in-krakow-poland-black-and-white.jpg?resize=300%2C167&amp;ssl=1 300w\" width=\"355\" height=\"197\" loading=\"lazy\" data-original-width=\"355\" data-original-height=\"197\" itemprop=\"http:\/\/schema.org\/image\" title=\"4. CONTRASTE EN CRACOVIA Photograph by MARTIN RYCZEK\" alt=\"4. CONTRASTE EN CRACOVIA Photograph by MARTIN RYCZEK\" style=\"width: 355px; height: 197px;\" \/> <\/a> <\/div> <\/div> <!-- close group --> <div class=\"gallery-group images-1\" style=\"width: 246px; height: 201px;\" data-original-width=\"246\" data-original-height=\"201\" > <div class=\"tiled-gallery-item tiled-gallery-item-small\" itemprop=\"associatedMedia\" itemscope itemtype=\"http:\/\/schema.org\/ImageObject\"> <a href=\"https:\/\/kalot.com.mx\/site\/2014\/01\/24\/top-75-de-las-mejores-fotografias-del-ano-pasado\/3-4886301247_2be00d4cd1_b\/\" border=\"0\" itemprop=\"url\"> <meta itemprop=\"width\" content=\"242\"> <meta itemprop=\"height\" content=\"197\"> <img loading=\"lazy\" decoding=\"async\" class=\"\" data-attachment-id=\"10043\" data-orig-file=\"https:\/\/kalot.com.mx\/site\/wp-content\/uploads\/2014\/01\/3-4886301247_2be00d4cd1_b.jpg\" data-orig-size=\"1024,835\" data-comments-opened=\"1\" data-image-meta=\"{&quot;aperture&quot;:&quot;0&quot;,&quot;credit&quot;:&quot;&quot;,&quot;camera&quot;:&quot;&quot;,&quot;caption&quot;:&quot;&quot;,&quot;created_timestamp&quot;:&quot;0&quot;,&quot;copyright&quot;:&quot;&quot;,&quot;focal_length&quot;:&quot;0&quot;,&quot;iso&quot;:&quot;0&quot;,&quot;shutter_speed&quot;:&quot;0&quot;,&quot;title&quot;:&quot;&quot;,&quot;orientation&quot;:&quot;0&quot;}\" data-image-title=\"3. ALFOMBRA DE FLORES EN BRUSELAS Photograph by GASTON BATISTINI\" data-image-description=\"\" data-medium-file=\"https:\/\/i0.wp.com\/kalot.com.mx\/site\/wp-content\/uploads\/2014\/01\/3-4886301247_2be00d4cd1_b.jpg?fit=300%2C245&#038;ssl=1\" data-large-file=\"https:\/\/i0.wp.com\/kalot.com.mx\/site\/wp-content\/uploads\/2014\/01\/3-4886301247_2be00d4cd1_b.jpg?fit=1024%2C835&#038;ssl=1\" src=\"https:\/\/i0.wp.com\/kalot.com.mx\/site\/wp-content\/uploads\/2014\/01\/3-4886301247_2be00d4cd1_b.jpg?w=242&#038;h=197&#038;ssl=1\" srcset=\"https:\/\/i0.wp.com\/kalot.com.mx\/site\/wp-content\/uploads\/2014\/01\/3-4886301247_2be00d4cd1_b.jpg?w=1024&amp;ssl=1 1024w, https:\/\/i0.wp.com\/kalot.com.mx\/site\/wp-content\/uploads\/2014\/01\/3-4886301247_2be00d4cd1_b.jpg?resize=768%2C626&amp;ssl=1 768w, https:\/\/i0.wp.com\/kalot.com.mx\/site\/wp-content\/uploads\/2014\/01\/3-4886301247_2be00d4cd1_b.jpg?resize=380%2C310&amp;ssl=1 380w, https:\/\/i0.wp.com\/kalot.com.mx\/site\/wp-content\/uploads\/2014\/01\/3-4886301247_2be00d4cd1_b.jpg?resize=800%2C652&amp;ssl=1 800w, https:\/\/i0.wp.com\/kalot.com.mx\/site\/wp-content\/uploads\/2014\/01\/3-4886301247_2be00d4cd1_b.jpg?resize=300%2C245&amp;ssl=1 300w, https:\/\/i0.wp.com\/kalot.com.mx\/site\/wp-content\/uploads\/2014\/01\/3-4886301247_2be00d4cd1_b.jpg?resize=810%2C660&amp;ssl=1 810w\" width=\"242\" height=\"197\" loading=\"lazy\" data-original-width=\"242\" data-original-height=\"197\" itemprop=\"http:\/\/schema.org\/image\" title=\"3. ALFOMBRA DE FLORES EN BRUSELAS Photograph by GASTON BATISTINI\" alt=\"3. ALFOMBRA DE FLORES EN BRUSELAS Photograph by GASTON BATISTINI\" style=\"width: 242px; height: 197px;\" \/> <\/a> <\/div> <\/div> <!-- close group --> <div class=\"gallery-group images-1\" style=\"width: 307px; height: 201px;\" data-original-width=\"307\" data-original-height=\"201\" > <div class=\"tiled-gallery-item tiled-gallery-item-large\" itemprop=\"associatedMedia\" itemscope itemtype=\"http:\/\/schema.org\/ImageObject\"> <a href=\"https:\/\/kalot.com.mx\/site\/2014\/01\/24\/top-75-de-las-mejores-fotografias-del-ano-pasado\/2-abandoned-great-wall-of-china-nature-overtaking-growing-over\/\" border=\"0\" itemprop=\"url\"> <meta itemprop=\"width\" content=\"303\"> <meta itemprop=\"height\" content=\"197\"> <img loading=\"lazy\" decoding=\"async\" class=\"\" data-attachment-id=\"10042\" data-orig-file=\"https:\/\/kalot.com.mx\/site\/wp-content\/uploads\/2014\/01\/2-abandoned-great-wall-of-china-nature-overtaking-growing-over.jpg\" data-orig-size=\"800,521\" data-comments-opened=\"1\" data-image-meta=\"{&quot;aperture&quot;:&quot;0&quot;,&quot;credit&quot;:&quot;&quot;,&quot;camera&quot;:&quot;&quot;,&quot;caption&quot;:&quot;&quot;,&quot;created_timestamp&quot;:&quot;0&quot;,&quot;copyright&quot;:&quot;Creative Commons Non-Commercial - Contact licensing@stuckincustoms.com for licensing inquiries.&quot;,&quot;focal_length&quot;:&quot;0&quot;,&quot;iso&quot;:&quot;0&quot;,&quot;shutter_speed&quot;:&quot;0&quot;,&quot;title&quot;:&quot;&quot;,&quot;orientation&quot;:&quot;0&quot;}\" data-image-title=\"2. LA NATURALEZA SUPERA A LA GRAN MURALLA Photograph by TREY RATCLIFF @ StuckInCustoms.com\" data-image-description=\"\" data-medium-file=\"https:\/\/i0.wp.com\/kalot.com.mx\/site\/wp-content\/uploads\/2014\/01\/2-abandoned-great-wall-of-china-nature-overtaking-growing-over.jpg?fit=300%2C195&#038;ssl=1\" data-large-file=\"https:\/\/i0.wp.com\/kalot.com.mx\/site\/wp-content\/uploads\/2014\/01\/2-abandoned-great-wall-of-china-nature-overtaking-growing-over.jpg?fit=800%2C521&#038;ssl=1\" src=\"https:\/\/i0.wp.com\/kalot.com.mx\/site\/wp-content\/uploads\/2014\/01\/2-abandoned-great-wall-of-china-nature-overtaking-growing-over.jpg?w=303&#038;h=197&#038;ssl=1\" srcset=\"https:\/\/i0.wp.com\/kalot.com.mx\/site\/wp-content\/uploads\/2014\/01\/2-abandoned-great-wall-of-china-nature-overtaking-growing-over.jpg?w=800&amp;ssl=1 800w, https:\/\/i0.wp.com\/kalot.com.mx\/site\/wp-content\/uploads\/2014\/01\/2-abandoned-great-wall-of-china-nature-overtaking-growing-over.jpg?resize=768%2C500&amp;ssl=1 768w, https:\/\/i0.wp.com\/kalot.com.mx\/site\/wp-content\/uploads\/2014\/01\/2-abandoned-great-wall-of-china-nature-overtaking-growing-over.jpg?resize=380%2C247&amp;ssl=1 380w, https:\/\/i0.wp.com\/kalot.com.mx\/site\/wp-content\/uploads\/2014\/01\/2-abandoned-great-wall-of-china-nature-overtaking-growing-over.jpg?resize=300%2C195&amp;ssl=1 300w\" width=\"303\" height=\"197\" loading=\"lazy\" data-original-width=\"303\" data-original-height=\"197\" itemprop=\"http:\/\/schema.org\/image\" title=\"2. LA NATURALEZA SUPERA A LA GRAN MURALLA Photograph by TREY RATCLIFF @ StuckInCustoms.com\" alt=\"2. LA NATURALEZA SUPERA A LA GRAN MURALLA Photograph by TREY RATCLIFF @ StuckInCustoms.com\" style=\"width: 303px; height: 197px;\" \/> <\/a> <\/div> <\/div> <!-- close group --> <div class=\"gallery-group images-1\" style=\"width: 288px; height: 201px;\" data-original-width=\"288\" data-original-height=\"201\" > <div class=\"tiled-gallery-item tiled-gallery-item-large\" itemprop=\"associatedMedia\" itemscope itemtype=\"http:\/\/schema.org\/ImageObject\"> <a href=\"https:\/\/kalot.com.mx\/site\/2014\/01\/24\/top-75-de-las-mejores-fotografias-del-ano-pasado\/1-sunrise-easter-island-aerial-kite-photography\/\" border=\"0\" itemprop=\"url\"> <meta itemprop=\"width\" content=\"284\"> <meta itemprop=\"height\" content=\"197\"> <img loading=\"lazy\" decoding=\"async\" class=\"\" data-attachment-id=\"10041\" data-orig-file=\"https:\/\/kalot.com.mx\/site\/wp-content\/uploads\/2014\/01\/1-sunrise-easter-island-aerial-kite-photography.jpg\" data-orig-size=\"800,555\" data-comments-opened=\"1\" data-image-meta=\"{&quot;aperture&quot;:&quot;0&quot;,&quot;credit&quot;:&quot;&quot;,&quot;camera&quot;:&quot;&quot;,&quot;caption&quot;:&quot;&quot;,&quot;created_timestamp&quot;:&quot;0&quot;,&quot;copyright&quot;:&quot;&quot;,&quot;focal_length&quot;:&quot;0&quot;,&quot;iso&quot;:&quot;0&quot;,&quot;shutter_speed&quot;:&quot;0&quot;,&quot;title&quot;:&quot;&quot;,&quot;orientation&quot;:&quot;0&quot;}\" data-image-title=\"1. AMANECER EN LA ISLA DE PASCUA Photograph by PIERRE LESAGE\" data-image-description=\"\" data-medium-file=\"https:\/\/i0.wp.com\/kalot.com.mx\/site\/wp-content\/uploads\/2014\/01\/1-sunrise-easter-island-aerial-kite-photography.jpg?fit=300%2C208&#038;ssl=1\" data-large-file=\"https:\/\/i0.wp.com\/kalot.com.mx\/site\/wp-content\/uploads\/2014\/01\/1-sunrise-easter-island-aerial-kite-photography.jpg?fit=800%2C555&#038;ssl=1\" src=\"https:\/\/i0.wp.com\/kalot.com.mx\/site\/wp-content\/uploads\/2014\/01\/1-sunrise-easter-island-aerial-kite-photography.jpg?w=284&#038;h=197&#038;ssl=1\" srcset=\"https:\/\/i0.wp.com\/kalot.com.mx\/site\/wp-content\/uploads\/2014\/01\/1-sunrise-easter-island-aerial-kite-photography.jpg?w=800&amp;ssl=1 800w, https:\/\/i0.wp.com\/kalot.com.mx\/site\/wp-content\/uploads\/2014\/01\/1-sunrise-easter-island-aerial-kite-photography.jpg?resize=768%2C533&amp;ssl=1 768w, https:\/\/i0.wp.com\/kalot.com.mx\/site\/wp-content\/uploads\/2014\/01\/1-sunrise-easter-island-aerial-kite-photography.jpg?resize=380%2C264&amp;ssl=1 380w, https:\/\/i0.wp.com\/kalot.com.mx\/site\/wp-content\/uploads\/2014\/01\/1-sunrise-easter-island-aerial-kite-photography.jpg?resize=300%2C208&amp;ssl=1 300w, https:\/\/i0.wp.com\/kalot.com.mx\/site\/wp-content\/uploads\/2014\/01\/1-sunrise-easter-island-aerial-kite-photography.jpg?resize=145%2C100&amp;ssl=1 145w\" width=\"284\" height=\"197\" loading=\"lazy\" data-original-width=\"284\" data-original-height=\"197\" itemprop=\"http:\/\/schema.org\/image\" title=\"1. AMANECER EN LA ISLA DE PASCUA Photograph by PIERRE LESAGE\" alt=\"1. AMANECER EN LA ISLA DE PASCUA Photograph by PIERRE LESAGE\" style=\"width: 284px; height: 197px;\" \/> <\/a> <\/div> <\/div> <!-- close group --> <\/div> <!-- close row --> <\/div>\n<p>&nbsp;<\/p>\n","protected":false},"excerpt":{"rendered":"Les traigo una recopilaci\u00f3n hecha por artfido.com de las fotograf\u00edas m\u00e1s impactantes del 2013. Cr\u00e9ditos para los respectivos&hellip;\n","protected":false},"author":78,"featured_media":10099,"comment_status":"open","ping_status":"open","sticky":false,"template":"","format":"standard","meta":{"jetpack_post_was_ever_published":false,"_jetpack_newsletter_access":"","_jetpack_dont_email_post_to_subs":false,"_jetpack_newsletter_tier_id":0,"_jetpack_memberships_contains_paywalled_content":false,"_jetpack_memberships_contains_paid_content":false,"footnotes":"","jetpack_publicize_message":"","jetpack_publicize_feature_enabled":true,"jetpack_social_post_already_shared":true,"jetpack_social_options":{"image_generator_settings":{"template":"highway","default_image_id":0,"font":"","enabled":false},"version":2}},"categories":[],"tags":[],"class_list":{"0":"post-10024","1":"post","2":"type-post","3":"status-publish","4":"format-standard","5":"has-post-thumbnail","7":"cs-entry","8":"cs-video-wrap"},"yoast_head":"<!-- This site is optimized with the Yoast SEO plugin v27.5 - https:\/\/yoast.com\/product\/yoast-seo-wordpress\/ -->\n<title>Top 75 de las mejores fotograf\u00edas del 2013<\/title>\n<meta name=\"description\" content=\"Las 75 fotograf\u00edas m\u00e1s incre\u00edbles del 2013, de todo el mundo y de muy variados temas, desde una &quot;selfie&quot; en el espacio hasta una ballena en las nubes.\" \/>\n<meta name=\"robots\" content=\"index, follow, max-snippet:-1, max-image-preview:large, max-video-preview:-1\" \/>\n<link rel=\"canonical\" href=\"https:\/\/kalot.com.mx\/site\/2014\/01\/24\/top-75-de-las-mejores-fotografias-del-ano-pasado\/\" \/>\n<meta property=\"og:locale\" content=\"es_MX\" \/>\n<meta property=\"og:type\" content=\"article\" \/>\n<meta property=\"og:title\" content=\"Top 75 de las mejores fotograf\u00edas del 2013\" \/>\n<meta property=\"og:description\" content=\"Las 75 fotograf\u00edas m\u00e1s incre\u00edbles del 2013, de todo el mundo y de muy variados temas, desde una &quot;selfie&quot; en el espacio hasta una ballena en las nubes.\" \/>\n<meta property=\"og:url\" content=\"https:\/\/kalot.com.mx\/site\/2014\/01\/24\/top-75-de-las-mejores-fotografias-del-ano-pasado\/\" \/>\n<meta property=\"og:site_name\" content=\"Kalot\" \/>\n<meta property=\"article:publisher\" content=\"http:\/\/facebook.com\/mxkalot\" \/>\n<meta property=\"article:published_time\" content=\"2014-01-24T06:25:21+00:00\" \/>\n<meta property=\"article:modified_time\" content=\"2014-01-25T18:26:08+00:00\" \/>\n<meta property=\"og:image\" content=\"https:\/\/i1.wp.com\/kalot.com.mx\/site\/wp-content\/uploads\/2014\/01\/58-waitomo-glowworm-caves-north-island-new-zealand.jpg?fit=800%2C534&ssl=1\" \/>\n\t<meta property=\"og:image:width\" content=\"800\" \/>\n\t<meta property=\"og:image:height\" content=\"534\" \/>\n\t<meta property=\"og:image:type\" content=\"image\/jpeg\" \/>\n<meta name=\"author\" content=\"Beto Mart\u00ednez\" \/>\n<meta name=\"twitter:card\" content=\"summary_large_image\" \/>\n<meta name=\"twitter:creator\" content=\"@Btobep\" \/>\n<meta name=\"twitter:site\" content=\"@kalotmx\" \/>\n<meta name=\"twitter:label1\" content=\"Escrito por\" \/>\n\t<meta name=\"twitter:data1\" content=\"Beto Mart\u00ednez\" \/>\n<!-- \/ Yoast SEO plugin. -->","yoast_head_json":{"title":"Top 75 de las mejores fotograf\u00edas del 2013","description":"Las 75 fotograf\u00edas m\u00e1s incre\u00edbles del 2013, de todo el mundo y de muy variados temas, desde una \"selfie\" en el espacio hasta una ballena en las nubes.","robots":{"index":"index","follow":"follow","max-snippet":"max-snippet:-1","max-image-preview":"max-image-preview:large","max-video-preview":"max-video-preview:-1"},"canonical":"https:\/\/kalot.com.mx\/site\/2014\/01\/24\/top-75-de-las-mejores-fotografias-del-ano-pasado\/","og_locale":"es_MX","og_type":"article","og_title":"Top 75 de las mejores fotograf\u00edas del 2013","og_description":"Las 75 fotograf\u00edas m\u00e1s incre\u00edbles del 2013, de todo el mundo y de muy variados temas, desde una \"selfie\" en el espacio hasta una ballena en las nubes.","og_url":"https:\/\/kalot.com.mx\/site\/2014\/01\/24\/top-75-de-las-mejores-fotografias-del-ano-pasado\/","og_site_name":"Kalot","article_publisher":"http:\/\/facebook.com\/mxkalot","article_published_time":"2014-01-24T06:25:21+00:00","article_modified_time":"2014-01-25T18:26:08+00:00","og_image":[{"width":800,"height":534,"url":"https:\/\/i1.wp.com\/kalot.com.mx\/site\/wp-content\/uploads\/2014\/01\/58-waitomo-glowworm-caves-north-island-new-zealand.jpg?fit=800%2C534&ssl=1","type":"image\/jpeg"}],"author":"Beto Mart\u00ednez","twitter_card":"summary_large_image","twitter_creator":"@Btobep","twitter_site":"@kalotmx","twitter_misc":{"Escrito por":"Beto Mart\u00ednez"},"schema":{"@context":"https:\/\/schema.org","@graph":[{"@type":"Article","@id":"https:\/\/kalot.com.mx\/site\/2014\/01\/24\/top-75-de-las-mejores-fotografias-del-ano-pasado\/#article","isPartOf":{"@id":"https:\/\/kalot.com.mx\/site\/2014\/01\/24\/top-75-de-las-mejores-fotografias-del-ano-pasado\/"},"author":{"name":"Beto Mart\u00ednez","@id":"https:\/\/kalot.com.mx\/site\/#\/schema\/person\/debec724064d2e9f69c01be3eb864718"},"headline":"Top 75 de las mejores fotograf\u00edas del a\u00f1o pasado","datePublished":"2014-01-24T06:25:21+00:00","dateModified":"2014-01-25T18:26:08+00:00","mainEntityOfPage":{"@id":"https:\/\/kalot.com.mx\/site\/2014\/01\/24\/top-75-de-las-mejores-fotografias-del-ano-pasado\/"},"wordCount":43,"commentCount":0,"publisher":{"@id":"https:\/\/kalot.com.mx\/site\/#organization"},"image":{"@id":"https:\/\/kalot.com.mx\/site\/2014\/01\/24\/top-75-de-las-mejores-fotografias-del-ano-pasado\/#primaryimage"},"thumbnailUrl":"https:\/\/i0.wp.com\/kalot.com.mx\/site\/wp-content\/uploads\/2014\/01\/58-waitomo-glowworm-caves-north-island-new-zealand.jpg?fit=800%2C534&ssl=1","inLanguage":"es","potentialAction":[{"@type":"CommentAction","name":"Comment","target":["https:\/\/kalot.com.mx\/site\/2014\/01\/24\/top-75-de-las-mejores-fotografias-del-ano-pasado\/#respond"]}]},{"@type":"WebPage","@id":"https:\/\/kalot.com.mx\/site\/2014\/01\/24\/top-75-de-las-mejores-fotografias-del-ano-pasado\/","url":"https:\/\/kalot.com.mx\/site\/2014\/01\/24\/top-75-de-las-mejores-fotografias-del-ano-pasado\/","name":"Top 75 de las mejores fotograf\u00edas del 2013","isPartOf":{"@id":"https:\/\/kalot.com.mx\/site\/#website"},"primaryImageOfPage":{"@id":"https:\/\/kalot.com.mx\/site\/2014\/01\/24\/top-75-de-las-mejores-fotografias-del-ano-pasado\/#primaryimage"},"image":{"@id":"https:\/\/kalot.com.mx\/site\/2014\/01\/24\/top-75-de-las-mejores-fotografias-del-ano-pasado\/#primaryimage"},"thumbnailUrl":"https:\/\/i0.wp.com\/kalot.com.mx\/site\/wp-content\/uploads\/2014\/01\/58-waitomo-glowworm-caves-north-island-new-zealand.jpg?fit=800%2C534&ssl=1","datePublished":"2014-01-24T06:25:21+00:00","dateModified":"2014-01-25T18:26:08+00:00","description":"Las 75 fotograf\u00edas m\u00e1s incre\u00edbles del 2013, de todo el mundo y de muy variados temas, desde una \"selfie\" en el espacio hasta una ballena en las nubes.","breadcrumb":{"@id":"https:\/\/kalot.com.mx\/site\/2014\/01\/24\/top-75-de-las-mejores-fotografias-del-ano-pasado\/#breadcrumb"},"inLanguage":"es","potentialAction":[{"@type":"ReadAction","target":["https:\/\/kalot.com.mx\/site\/2014\/01\/24\/top-75-de-las-mejores-fotografias-del-ano-pasado\/"]}]},{"@type":"ImageObject","inLanguage":"es","@id":"https:\/\/kalot.com.mx\/site\/2014\/01\/24\/top-75-de-las-mejores-fotografias-del-ano-pasado\/#primaryimage","url":"https:\/\/i0.wp.com\/kalot.com.mx\/site\/wp-content\/uploads\/2014\/01\/58-waitomo-glowworm-caves-north-island-new-zealand.jpg?fit=800%2C534&ssl=1","contentUrl":"https:\/\/i0.wp.com\/kalot.com.mx\/site\/wp-content\/uploads\/2014\/01\/58-waitomo-glowworm-caves-north-island-new-zealand.jpg?fit=800%2C534&ssl=1","width":800,"height":534},{"@type":"BreadcrumbList","@id":"https:\/\/kalot.com.mx\/site\/2014\/01\/24\/top-75-de-las-mejores-fotografias-del-ano-pasado\/#breadcrumb","itemListElement":[{"@type":"ListItem","position":1,"name":"Home","item":"https:\/\/kalot.com.mx\/site\/"},{"@type":"ListItem","position":2,"name":"Top 75 de las mejores fotograf\u00edas del a\u00f1o pasado"}]},{"@type":"WebSite","@id":"https:\/\/kalot.com.mx\/site\/#website","url":"https:\/\/kalot.com.mx\/site\/","name":"Kalot","description":"Conoce Todo Sobre Todo","publisher":{"@id":"https:\/\/kalot.com.mx\/site\/#organization"},"potentialAction":[{"@type":"SearchAction","target":{"@type":"EntryPoint","urlTemplate":"https:\/\/kalot.com.mx\/site\/?s={search_term_string}"},"query-input":{"@type":"PropertyValueSpecification","valueRequired":true,"valueName":"search_term_string"}}],"inLanguage":"es"},{"@type":"Organization","@id":"https:\/\/kalot.com.mx\/site\/#organization","name":"Kalot","url":"https:\/\/kalot.com.mx\/site\/","logo":{"@type":"ImageObject","inLanguage":"es","@id":"https:\/\/kalot.com.mx\/site\/#\/schema\/logo\/image\/","url":"https:\/\/i0.wp.com\/kalot.com.mx\/site\/wp-content\/uploads\/2020\/04\/Kalot-logo-sin-tagline.png?fit=1707%2C1014&ssl=1","contentUrl":"https:\/\/i0.wp.com\/kalot.com.mx\/site\/wp-content\/uploads\/2020\/04\/Kalot-logo-sin-tagline.png?fit=1707%2C1014&ssl=1","width":1707,"height":1014,"caption":"Kalot"},"image":{"@id":"https:\/\/kalot.com.mx\/site\/#\/schema\/logo\/image\/"},"sameAs":["http:\/\/facebook.com\/mxkalot","https:\/\/x.com\/kalotmx","http:\/\/instagram.com\/kalotmx","http:\/\/pinterest.com\/jorgeerana\/kalot"]},{"@type":"Person","@id":"https:\/\/kalot.com.mx\/site\/#\/schema\/person\/debec724064d2e9f69c01be3eb864718","name":"Beto Mart\u00ednez","image":{"@type":"ImageObject","inLanguage":"es","@id":"https:\/\/secure.gravatar.com\/avatar\/1a0068fa6b2deb4ed0833a6279c779b1e544fffb346a1690ba5a9b3a18e86202?s=96&d=mm&r=g","url":"https:\/\/secure.gravatar.com\/avatar\/1a0068fa6b2deb4ed0833a6279c779b1e544fffb346a1690ba5a9b3a18e86202?s=96&d=mm&r=g","contentUrl":"https:\/\/secure.gravatar.com\/avatar\/1a0068fa6b2deb4ed0833a6279c779b1e544fffb346a1690ba5a9b3a18e86202?s=96&d=mm&r=g","caption":"Beto Mart\u00ednez"},"description":"Ingeniero Ge\u00f3logo, s\u00ed, el de las \"piedritas\", con gustos por el cine, la lectura, la m\u00fasica, fotograf\u00eda, viajes y coleccionista de minerales.","sameAs":["https:\/\/x.com\/Btobep"],"url":"https:\/\/kalot.com.mx\/site\/author\/beto\/"}]}},"jetpack_publicize_connections":[],"jetpack_featured_media_url":"https:\/\/i0.wp.com\/kalot.com.mx\/site\/wp-content\/uploads\/2014\/01\/58-waitomo-glowworm-caves-north-island-new-zealand.jpg?fit=800%2C534&ssl=1","jetpack_shortlink":"https:\/\/wp.me\/p6IHEI-2BG","jetpack-related-posts":[{"id":3552,"url":"https:\/\/kalot.com.mx\/site\/2013\/10\/09\/joyasdeinstagram-santiagopgm-fotografias-que\/","url_meta":{"origin":10024,"position":0},"title":"#JoyasDeInstagram @SantiagoPGM #Foto","author":"Jorge Era\u00f1a","date":"9 octubre, 2013","format":false,"excerpt":"Bienvenidos Kalochos y Kalochas, el d\u00eda de hoy estoy inaugurando esta secci\u00f3n llamada #JoyasDeInstagram . Lo que tratar\u00e9 de compartirles aqu\u00ed son algunas de las cuentas que m\u00e1s me gustan de la famosa red de fotograf\u00edas. El contenido de esta secci\u00f3n es meramente personal pero estar\u00e9 recibiendo comentarios de cuentas\u2026","rel":"","context":"En &quot;#MuchachaBuenaOnda&quot;","block_context":{"text":"#MuchachaBuenaOnda","link":"https:\/\/kalot.com.mx\/site\/category\/muchachabuenaonda\/"},"img":{"alt_text":"","src":"https:\/\/i0.wp.com\/kalot.com.mx\/site\/wp-content\/uploads\/2013\/10\/santagopgm.jpg?fit=640%2C640&ssl=1&resize=350%2C200","width":350,"height":200,"srcset":"https:\/\/i0.wp.com\/kalot.com.mx\/site\/wp-content\/uploads\/2013\/10\/santagopgm.jpg?fit=640%2C640&ssl=1&resize=350%2C200 1x, https:\/\/i0.wp.com\/kalot.com.mx\/site\/wp-content\/uploads\/2013\/10\/santagopgm.jpg?fit=640%2C640&ssl=1&resize=525%2C300 1.5x"},"classes":[]},{"id":12396,"url":"https:\/\/kalot.com.mx\/site\/2014\/02\/24\/vinos-cerveza-tequila-miscroscopio\/","url_meta":{"origin":10024,"position":1},"title":"De Vinos a Cervezas pasando por Tequila Vistos al Miscroscopio","author":"Beto Mart\u00ednez","date":"24 febrero, 2014","format":false,"excerpt":"El cient\u00edfico Michael W. Davidson encontr\u00f3 una forma diferente de fotografiar a trav\u00e9s de un microscopio que despu\u00e9s se convertir\u00eda en la serie de incre\u00edbles fotograf\u00edas \u201cBevShots\u00ae\u201d. La serie se logr\u00f3 cristalizando las bebidas (alcoh\u00f3licas y no alcoh\u00f3licas) desde Tequila hasta Vino Rosado, en un porta objetos y usando luz\u2026","rel":"","context":"Entrada similar ","block_context":{"text":"Entrada similar ","link":""},"img":{"alt_text":"","src":"https:\/\/i0.wp.com\/kalot.com.mx\/site\/wp-content\/uploads\/2014\/02\/Cerveza-Irlandesa-Pale-Ale.jpg?fit=700%2C700&ssl=1&resize=350%2C200","width":350,"height":200,"srcset":"https:\/\/i0.wp.com\/kalot.com.mx\/site\/wp-content\/uploads\/2014\/02\/Cerveza-Irlandesa-Pale-Ale.jpg?fit=700%2C700&ssl=1&resize=350%2C200 1x, https:\/\/i0.wp.com\/kalot.com.mx\/site\/wp-content\/uploads\/2014\/02\/Cerveza-Irlandesa-Pale-Ale.jpg?fit=700%2C700&ssl=1&resize=525%2C300 1.5x, https:\/\/i0.wp.com\/kalot.com.mx\/site\/wp-content\/uploads\/2014\/02\/Cerveza-Irlandesa-Pale-Ale.jpg?fit=700%2C700&ssl=1&resize=700%2C400 2x"},"classes":[]},{"id":6494,"url":"https:\/\/kalot.com.mx\/site\/2013\/11\/14\/shotsofme\/","url_meta":{"origin":10024,"position":2},"title":"Shots of Me, la app para los Selfies apoyada por Justin Bieber","author":"Jorge Era\u00f1a","date":"14 noviembre, 2013","format":false,"excerpt":"\u00bfEst\u00e1n cansados de ver las mismas fotograf\u00edas en Instagram, Facebook o Twitter acerca de comida, mascotas, paisajes y cosas que no te llaman la atenci\u00f3n? Pues el buen Justin Bieber ha apoyado a una desarrolladora de juegos llamada RockLive para lanzar su app enfocada completamente en los \"SELFIES\", la aplicaci\u00f3n\u2026","rel":"","context":"En &quot;Sin categor\u00eda&quot;","block_context":{"text":"Sin categor\u00eda","link":"https:\/\/kalot.com.mx\/site\/category\/sin-categoria\/"},"img":{"alt_text":"Shots of me Kalot","src":"https:\/\/i0.wp.com\/kalot.com.mx\/site\/wp-content\/uploads\/2013\/11\/shots-of-me-feature.png?fit=400%2C342&ssl=1&resize=350%2C200","width":350,"height":200},"classes":[]},{"id":14252,"url":"https:\/\/kalot.com.mx\/site\/2014\/03\/30\/abre-los-ojos_eyem\/","url_meta":{"origin":10024,"position":3},"title":"Abre los ojos con EyeEm","author":"Nora Salas","date":"30 marzo, 2014","format":false,"excerpt":"Hola estimados lectores de este gran blog kalot, hoy les voy a recomendar una aplicaci\u00f3n para aquellos que les gusta tomar fotograf\u00edas, que hacen un retoque a sus fotos y les gusta compartirlas a sus amigos, la aplicaci\u00f3n se llama EyeEm y la podemos encontrar para sistema Android y iOS.\u2026","rel":"","context":"Entrada similar ","block_context":{"text":"Entrada similar ","link":""},"img":{"alt_text":"","src":"https:\/\/i0.wp.com\/kalot.com.mx\/site\/wp-content\/uploads\/2014\/03\/EyeEm.png?fit=500%2C500&ssl=1&resize=350%2C200","width":350,"height":200},"classes":[]},{"id":7743,"url":"https:\/\/kalot.com.mx\/site\/2013\/12\/12\/instagram\/","url_meta":{"origin":10024,"position":4},"title":"Instagram lanza Direct, su nueva secci\u00f3n para compartir fotograf\u00edas en privado","author":"Cristo Mars","date":"12 diciembre, 2013","format":false,"excerpt":"Instagram ha presentado hoy en un evento su nueva funci\u00f3n llamada\u00a0Instagram Direct, para compartir fotograf\u00edas con usuarios determinados en vez de hacerlo con todos nuestros seguidores tal y como ha sido hasta ahora. El servicio pasa as\u00ed a ser capaz de compartir fotograf\u00edas en privado, con una sola persona o\u2026","rel":"","context":"En &quot;Sin categor\u00eda&quot;","block_context":{"text":"Sin categor\u00eda","link":"https:\/\/kalot.com.mx\/site\/category\/sin-categoria\/"},"img":{"alt_text":"","src":"https:\/\/i0.wp.com\/kalot.com.mx\/site\/wp-content\/uploads\/2013\/12\/instagram-direct.jpg?fit=640%2C480&ssl=1&resize=350%2C200","width":350,"height":200,"srcset":"https:\/\/i0.wp.com\/kalot.com.mx\/site\/wp-content\/uploads\/2013\/12\/instagram-direct.jpg?fit=640%2C480&ssl=1&resize=350%2C200 1x, https:\/\/i0.wp.com\/kalot.com.mx\/site\/wp-content\/uploads\/2013\/12\/instagram-direct.jpg?fit=640%2C480&ssl=1&resize=525%2C300 1.5x"},"classes":[]},{"id":9213,"url":"https:\/\/kalot.com.mx\/site\/2014\/01\/09\/mejor-selfie\/","url_meta":{"origin":10024,"position":5},"title":"El mejor Selfie del a\u00f1o es para&#8230;","author":"Jorge Era\u00f1a","date":"9 enero, 2014","format":false,"excerpt":"Al parecer el movimiento de los \"Selfies\" en redes sociales cada vez son m\u00e1s frecuentes y no son otra cosa m\u00e1s que una fotograf\u00eda tipo auto retrato tomada con un dispositivo digital ya sea un celular o una c\u00e1mara y el 2013 fue el a\u00f1o donde tuvieron su mayor exposici\u00f3n.\u2026","rel":"","context":"Entrada similar ","block_context":{"text":"Entrada similar ","link":""},"img":{"alt_text":"","src":"https:\/\/i0.wp.com\/kalot.com.mx\/site\/wp-content\/uploads\/2014\/01\/gif-bro_640_600_s_c1_c_t_0_0.png?fit=640%2C600&ssl=1&resize=350%2C200","width":350,"height":200,"srcset":"https:\/\/i0.wp.com\/kalot.com.mx\/site\/wp-content\/uploads\/2014\/01\/gif-bro_640_600_s_c1_c_t_0_0.png?fit=640%2C600&ssl=1&resize=350%2C200 1x, https:\/\/i0.wp.com\/kalot.com.mx\/site\/wp-content\/uploads\/2014\/01\/gif-bro_640_600_s_c1_c_t_0_0.png?fit=640%2C600&ssl=1&resize=525%2C300 1.5x"},"classes":[]}],"jetpack_sharing_enabled":true,"_links":{"self":[{"href":"https:\/\/kalot.com.mx\/site\/wp-json\/wp\/v2\/posts\/10024","targetHints":{"allow":["GET"]}}],"collection":[{"href":"https:\/\/kalot.com.mx\/site\/wp-json\/wp\/v2\/posts"}],"about":[{"href":"https:\/\/kalot.com.mx\/site\/wp-json\/wp\/v2\/types\/post"}],"author":[{"embeddable":true,"href":"https:\/\/kalot.com.mx\/site\/wp-json\/wp\/v2\/users\/78"}],"replies":[{"embeddable":true,"href":"https:\/\/kalot.com.mx\/site\/wp-json\/wp\/v2\/comments?post=10024"}],"version-history":[{"count":0,"href":"https:\/\/kalot.com.mx\/site\/wp-json\/wp\/v2\/posts\/10024\/revisions"}],"wp:featuredmedia":[{"embeddable":true,"href":"https:\/\/kalot.com.mx\/site\/wp-json\/wp\/v2\/media\/10099"}],"wp:attachment":[{"href":"https:\/\/kalot.com.mx\/site\/wp-json\/wp\/v2\/media?parent=10024"}],"wp:term":[{"taxonomy":"category","embeddable":true,"href":"https:\/\/kalot.com.mx\/site\/wp-json\/wp\/v2\/categories?post=10024"},{"taxonomy":"post_tag","embeddable":true,"href":"https:\/\/kalot.com.mx\/site\/wp-json\/wp\/v2\/tags?post=10024"}],"curies":[{"name":"wp","href":"https:\/\/api.w.org\/{rel}","templated":true}]}}